{"id":58978,"date":"2025-06-27T12:43:56","date_gmt":"2025-06-27T12:43:56","guid":{"rendered":"https:\/\/dekkbi.com\/?p=58978"},"modified":"2025-06-27T12:43:56","modified_gmt":"2025-06-27T12:43:56","slug":"reuni-en-sommet-le-conseil-europeen-en-ordre-disperse-sur-lukraine-et-sur-gaza","status":"publish","type":"post","link":"https:\/\/dekkbi.com\/?p=58978","title":{"rendered":"R\u00e9uni en sommet, le Conseil europ\u00e9en en ordre dispers\u00e9 sur l&rsquo;Ukraine et sur Gaza"},"content":{"rendered":"\n<p>R\u00e9unis \u00e0 Bruxelles ce jeudi 26 juin, les dirigeants europ\u00e9ens ont sign\u00e9 une d\u00e9claration commune sur la d\u00e9fense qui\u00ab&nbsp;<em>souligne la n\u00e9cessit\u00e9 de continuer \u00e0 augmenter substantiellement les d\u00e9penses consacr\u00e9es \u00e0 la d\u00e9fense et \u00e0 la s\u00e9curit\u00e9 de l&rsquo;Europe, et de mieux investir ensemble<\/em>&nbsp;\u00bb. Parmi les autres sujets \u00e0 l\u2019ordre du jour de ce sommet : l\u2019adh\u00e9sion de l&rsquo;Ukraine \u00e0 l&rsquo;UE et la situation \u00e0 Gaza.<\/p>\n\n\n\n<p><em>Avec <strong>Anastasia Becchio<\/strong><\/em> <em>envoy\u00e9e sp\u00e9ciale  RFI \u00e0 Bruxelles<\/em>,\u00a0<\/p>\n\n\n\n<p>L&rsquo;adh\u00e9sion de l&rsquo;Ukraine \u00e0 l&rsquo;Union europ\u00e9enne semble un objectif encore lointain. En arrivant au Conseil europ\u00e9en, le Premier ministre hongrois Viktor Orban a d\u2019embl\u00e9e affich\u00e9 la couleur. Pas question de c\u00e9der sur l\u2019adh\u00e9sion de l\u2019Ukraine \u00e0 l\u2019Union europ\u00e9enne.<\/p>\n\n\n\n<p>\u00ab<em>\u00a0Si nous int\u00e9grions l&rsquo;<strong>Ukraine<\/strong>\u00a0dans l&rsquo;<strong>Union europ\u00e9enne<\/strong>, nous int\u00e9grerions la guerre. Nous ne voulons pas faire partie d&rsquo;une communaut\u00e9 qui compte un pays qui est en guerre, parce que cela repr\u00e9senterait un danger imminent pour nous<\/em>\u00a0\u00bb, avertit-il.<\/p>\n\n\n\n<p>Pour tenter de l\u00e9gitimer son refus, Victor Orban a organis\u00e9 un r\u00e9f\u00e9rendum qui a recueilli officiellement 95&nbsp;% de suffrages contre l\u2019entr\u00e9e de l\u2019Ukraine dans l\u2019UE. Et peu importe si moins d\u2019un \u00e9lecteur sur trois y a pris part, le Premier ministre hongrois a brandi ce r\u00e9sultat en arrivant \u00e0 Bruxelles.<\/p>\n\n\n\n<p>Pour afficher ce contenu X (Twitter), il est n\u00e9cessaire d&rsquo;autoriser les cookies de mesure d&rsquo;audience et de publicit\u00e9.AccepterG\u00e9rer mes choix<\/p>\n\n\n\n<p>Le pr\u00e9sident\u00a0<strong>Zelensky<\/strong>\u00a0s&rsquo;est joint \u00e0 la r\u00e9union en visioconf\u00e9rence avant de laisser les Vingt-Sept d\u00e9battre. Dans sa d\u00e9claration, il a averti que les retards dans l\u2019adh\u00e9sion pourraient \u00ab<em>\u00a0cr\u00e9er un pr\u00e9c\u00e9dent mondial\u00a0<\/em>\u00bb et \u00e9roder la confiance dans l\u2019UE. En attendant de sortir de l\u2019impasse, les conclusions du Conseil ont donc \u00e9t\u00e9 adopt\u00e9es \u00e0 26. Le processus d\u2019adh\u00e9sion exige l&rsquo;unanimit\u00e9 des 27 \u00c9tats membres \u00e0 chaque nouvelle \u00e9tape. Si le blocage persiste, les dirigeants europ\u00e9ens vont devoir chercher un plan B.<\/p>\n\n\n\n<h2 class=\"wp-block-heading\">Des sanctions russes renouvel\u00e9es malgr\u00e9 l&rsquo;incertitude slovaque<\/h2>\n\n\n\n<p>L&rsquo;UE a d\u00e9j\u00e0 adopt\u00e9 17 \u00ab paquets \u00bb de sanctions depuis l&rsquo;invasion russe de l&rsquo;Ukraine le 24 f\u00e9vrier 2022. Ces sanctions doivent \u00eatre renouvel\u00e9es \u00e0 l&rsquo;unanimit\u00e9 des 27 tous les six mois.<\/p>\n\n\n\n<p>L&rsquo;incertitude planait sur la position qu\u2019allait adopter le Premier ministre slovaque Robert Fico, qui avait affirm\u00e9 qu\u2019il ne voterait pas pour un 18e train de sanctions visant \u00e0 supprimer progressivement les importations de combustibles fossiles de\u00a0<strong>Russie<\/strong>, pourtant \u00e9voqu\u00e9 dans le document.\u00a0Aucune d\u00e9cision n\u2019a pu \u00eatre prise en raison des r\u00e9ticences de Robert Fico, dont le pays est tr\u00e8s d\u00e9pendant du gaz russe. Les discussions vont se poursuivre.\u00a0<\/p>\n\n\n\n<h2 class=\"wp-block-heading\">D\u00e9jeuner de travail sur le Moyen-Orient<\/h2>\n\n\n\n<p>Apr\u00e8s une premi\u00e8re session de travail sur les questions de s\u00e9curit\u00e9 et de d\u00e9fense europ\u00e9enne, le d\u00e9jeuner de travail a \u00e9t\u00e9 consacr\u00e9 au Moyen-Orient et notamment \u00e0 la situation humanitaire catastrophique \u00e0 Gaza.<\/p>\n\n\n\n<p>Apr\u00e8s les frappes isra\u00e9liennes et am\u00e9ricaines sur les installations nucl\u00e9aires iraniennes, Emmanuel Macron a annonc\u00e9 qu\u2019il allait s\u2019entretenir avec les membres permanents du Conseil de s\u00e9curit\u00e9 des Nations unies. Il a d\u00e9j\u00e0 parl\u00e9 \u00e0 Donald Trump hier jeudi dans la journ\u00e9e. Objectif&nbsp;: faire en sorte que l\u2019Iran ne sorte pas du trait\u00e9 de non-prolif\u00e9ration, ce serait \u00ab&nbsp;<em>le pire sc\u00e9nario<\/em>&nbsp;\u00bb, \u00ab<em>&nbsp;une d\u00e9rive et un affaiblissement collectif<\/em>&nbsp;\u00bb, a dit le pr\u00e9sident fran\u00e7ais en conf\u00e9rence de presse.<\/p>\n\n\n\n<p>Emmanuel Macron : \u00abLes frappes am\u00e9ricaines ont eu une efficacit\u00e9 r\u00e9elle&#8230; mais le pire, ce serait que la cons\u00e9quence soit une sortie de l&rsquo;Iran du TNP\u00bbAnastasia Becchio<\/p>\n\n\n\n<h2 class=\"wp-block-heading\">Gaza:&nbsp;\u00ab<em>&nbsp;Il est temps&nbsp;<\/em><em>que l\u2019Europe se r\u00e9veille&#8230;<\/em>&nbsp;\u00bb<\/h2>\n\n\n\n<p>Sur Gaza, les Europ\u00e9ens ne parlent pas d\u2019une seule voix.&nbsp;Invit\u00e9 \u00e0 prendre la parole, le docteur Graeme Groom a op\u00e9r\u00e9 des dizaines d\u2019enfants bless\u00e9s par les explosions, souvent sans anesth\u00e9sie, dans un h\u00f4pital du sud de la bande de Gaza, d&rsquo;o\u00f9 il est rentr\u00e9 il y a trois semaines. \u00ab<em>&nbsp;Il est temps&nbsp;<\/em>\u00bb, dit le docteur Graeme Groom, \u00ab<em>&nbsp;que l\u2019Europe se r\u00e9veille<\/em>&nbsp;\u00bb. \u00ab&nbsp;<em>Chaque jour, nous sommes t\u00e9moins de violations grotesques des normes humanitaires et du droit international et nous esp\u00e9rons que la Commission et les 27 \u00c9tats membres en prendront note&nbsp;<\/em>\u00bb.<\/p>\n\n\n\n<p>Pour alimenter leur r\u00e9flexion, les 27 ont pu d\u00e9battre d\u2019un rapport de la Commission europ\u00e9enne qui estime qu\u2019Isra\u00ebl a \u00ab&nbsp;<em>viol\u00e9 l&rsquo;article 2<\/em>&nbsp;\u00bb de son accord avec l&rsquo;UE en mati\u00e8re de respect des droits de l&rsquo;homme. Il mentionne notamment le blocus de l&rsquo;aide humanitaire, le nombre \u00e9lev\u00e9 de victimes civiles \u00e0 Gaza.<\/p>\n\n\n\n<h2 class=\"wp-block-heading\">Des voix dissonantes sur les pressions \u00e0 exercer sur Isra\u00ebl<\/h2>\n\n\n\n<p>Pour le Premier ministre espagnol, il s&rsquo;agit d&rsquo;un v\u00e9ritable \u00ab&nbsp;<em>g\u00e9nocide&nbsp;<\/em>\u00bb. Pedro Sanchez demande la suspension de l\u2019accord d&rsquo;association avec Isra\u00ebl. Une position dure, d\u00e9fendue \u00e9galement par le Premier ministre irlandais Miche\u00e1l Martin.<\/p>\n\n\n\n<p>\u00ab&nbsp;<em>Les Europ\u00e9ens trouvent incompr\u00e9hensible que l&rsquo;Europe ne semble pas \u00eatre en mesure de faire pression sur Isra\u00ebl et d&rsquo;exercer une pression sur son pays pour mettre fin \u00e0 cette guerre \u00e0 Gaza. Je comprends qu\u2019il y a des raisons historiques, mais d&rsquo;un point de vue humanitaire, c&rsquo;est incompr\u00e9hensible&nbsp;<\/em>\u00bb.<\/p>\n\n\n\n<p>Si une majorit\u00e9 large de pays veut au minimum r\u00e9viser l\u2019accord d\u2019association, un petit groupe s\u2019oppose \u00e0 toute mesure punitive significative, parmi lesquels l\u2019Allemagne, l\u2019Italie et la Hongrie.<\/p>\n\n\n\n<p><strong>D\u00e9claration \u00ab inacceptable \u00bb apr\u00e8s les propos de Sanchez : Madrid convoque le charg\u00e9 d&rsquo;affaires isra\u00e9lien<\/strong><\/p>\n\n\n\n<p>Le gouvernement espagnol a convoqu\u00e9 jeudi 26 juin le charg\u00e9 d\u2019affaires de l\u2019ambassade d\u2019Isra\u00ebl pour une d\u00e9claration \u00ab\u2009inacceptable\u2009\u00bb affirmant que l\u2019Espagne est du \u00ab\u2009mauvais c\u00f4t\u00e9\u2009\u00bb de l\u2019Histoire apr\u00e8s les d\u00e9clarations du Premier ministre Pedro S\u00e1nchez \u00e0 Bruxelles parlant de \u00ab\u2009g\u00e9nocide\u2009\u00bb \u00e0 Gaza.&nbsp;<\/p>\n\n\n\n<p>\u00ab<em>\u2009Le minist\u00e8re des Affaires \u00e9trang\u00e8res a convoqu\u00e9 le charg\u00e9 d\u2019affaires d\u2019Isra\u00ebl pour sa d\u00e9claration inacceptable sur le gouvernement espagnol\u2009<\/em>\u00bb, ont indiqu\u00e9 des sources minist\u00e9rielles \u00e0 l\u2019AFP.<\/p>\n\n\n\n<h2 class=\"wp-block-heading\">Les droits de douane am\u00e9ricains au d\u00eener<\/h2>\n\n\n\n<p>Le sursis tarifaire accord\u00e9 par l\u2019administration Trump expire le 9 juillet et ce dossier \u00e9tait au menu du\u00a0d\u00eener jeudi soir autour d\u2019<strong>Ursula von der Leyen<\/strong>\u00a0qui est en pourparlers avec Washington depuis plusieurs semaines. Le chancelier allemand Friedrich Merz a encourag\u00e9 la pr\u00e9sidente de la Commission \u00e0 acc\u00e9l\u00e9rer la cadence, indiquant qu\u2019il souhaitait conclure rapidement, m\u00eame si cela impliquait un r\u00e9sultat d\u00e9s\u00e9quilibr\u00e9, avec un certain niveau de droits de douane am\u00e9ricains sur les produits europ\u00e9ens. \u00ab\u00a0<em>La France est favorable \u00e0 un accord rapide, nous ne voulons pas que cela tra\u00eene ind\u00e9finiment\u00a0<\/em>\u00bb, a abond\u00e9 Emmanuel Macron, qui ne veut pas toutefois \u00ab\u00a0<em>d\u2019un accord \u00e0 n\u2019importe quel prix\u00a0<\/em>\u00bb. \u00ab<em>\u00a0Il y a une bonne volont\u00e9 de conclure, mais celle-ci ne doit pas \u00eatre vue comme une faiblesse\u00a0<\/em>\u00bb a dit le pr\u00e9sident fran\u00e7ais.\u00a0<\/p>\n\n\n\n<p>La pr\u00e9sidente de la Commission europ\u00e9enne, qui venait de recevoir une nouvelle version des propositions am\u00e9ricaines, n\u2019a pas exclu un \u00e9chec des n\u00e9gociations. Toutes les options restent sur la table.&nbsp;<\/p>\n","protected":false},"excerpt":{"rendered":"<p>R\u00e9unis \u00e0 Bruxelles ce jeudi 26 juin, les dirigeants europ\u00e9ens ont sign\u00e9 une d\u00e9claration commune sur la d\u00e9fense qui\u00ab&nbsp;souligne la<\/p>\n","protected":false},"author":1,"featured_media":58979,"comment_status":"open","ping_status":"open","sticky":false,"template":"","format":"standard","meta":{"footnotes":""},"categories":[51],"tags":[],"class_list":["post-58978","post","type-post","status-publish","format-standard","has-post-thumbnail","hentry","category-general"],"_links":{"self":[{"href":"https:\/\/dekkbi.com\/index.php?rest_route=\/wp\/v2\/posts\/58978","targetHints":{"allow":["GET"]}}],"collection":[{"href":"https:\/\/dekkbi.com\/index.php?rest_route=\/wp\/v2\/posts"}],"about":[{"href":"https:\/\/dekkbi.com\/index.php?rest_route=\/wp\/v2\/types\/post"}],"author":[{"embeddable":true,"href":"https:\/\/dekkbi.com\/index.php?rest_route=\/wp\/v2\/users\/1"}],"replies":[{"embeddable":true,"href":"https:\/\/dekkbi.com\/index.php?rest_route=%2Fwp%2Fv2%2Fcomments&post=58978"}],"version-history":[{"count":1,"href":"https:\/\/dekkbi.com\/index.php?rest_route=\/wp\/v2\/posts\/58978\/revisions"}],"predecessor-version":[{"id":58980,"href":"https:\/\/dekkbi.com\/index.php?rest_route=\/wp\/v2\/posts\/58978\/revisions\/58980"}],"wp:featuredmedia":[{"embeddable":true,"href":"https:\/\/dekkbi.com\/index.php?rest_route=\/wp\/v2\/media\/58979"}],"wp:attachment":[{"href":"https:\/\/dekkbi.com\/index.php?rest_route=%2Fwp%2Fv2%2Fmedia&parent=58978"}],"wp:term":[{"taxonomy":"category","embeddable":true,"href":"https:\/\/dekkbi.com\/index.php?rest_route=%2Fwp%2Fv2%2Fcategories&post=58978"},{"taxonomy":"post_tag","embeddable":true,"href":"https:\/\/dekkbi.com\/index.php?rest_route=%2Fwp%2Fv2%2Ftags&post=58978"}],"curies":[{"name":"wp","href":"https:\/\/api.w.org\/{rel}","templated":true}]}}