{"id":58975,"date":"2025-06-27T12:33:36","date_gmt":"2025-06-27T12:33:36","guid":{"rendered":"https:\/\/dekkbi.com\/?p=58975"},"modified":"2025-06-27T12:33:36","modified_gmt":"2025-06-27T12:33:36","slug":"rd-congo-rwanda-vers-un-accord-de-paix-signe-a-washington-a-interet-purement-economique-pour-trump","status":"publish","type":"post","link":"https:\/\/dekkbi.com\/?p=58975","title":{"rendered":"RD Congo-Rwanda: vers un accord de paix sign\u00e9 \u00e0 Washington \u00e0 int\u00e9r\u00eat purement \u00e9conomique pour Trump?"},"content":{"rendered":"\n<p>La R\u00e9publique d\u00e9mocratique du Congo et le Rwanda doivent signer \u00e0 Washington, sous les auspices de l&rsquo;administration Trump, un accord de paix visant \u00e0 mettre fin au conflit dans l&rsquo;est de la RDC, qui a fait des milliers de morts. Le texte comprend un volet \u00e9conomique aux contours flous alors que les \u00c9tats-Unis lorgnent sur les minerais rares en RD Congo.<\/p>\n\n\n\n<p>Par &#8211; TV5MONDE<\/p>\n\n\n\n<p>\u00ab\u00a0<em>C&rsquo;est un grand jour pour l&rsquo;Afrique, et, franchement, un grand jour pour le monde<\/em>\u00ab\u00a0, avait clam\u00e9 le pr\u00e9sident am\u00e9ricain vendredi dernier sur son r\u00e9seau Truth Social. Il estime avoir \u00ab\u00a0<em>mis fin \u00e0 une guerre sanglante<\/em>\u00ab\u00a0. Ce 27 juin, les ministres des Affaires \u00e9trang\u00e8res du Rwanda et de la RD Congo se retrouvent \u00e0 Washington. Ils doivent signer un accord de paix afin de mettre un terme aux violences qui rongent l\u2019est de la RD Congo depuis plusieurs ann\u00e9es.&nbsp;<\/p>\n\n\n\n<p>Depuis l&rsquo;offensive \u00e9clair du M23, les appels de la communaut\u00e9 internationale au retrait du groupe arm\u00e9 soutenu par le Rwanda sont rest\u00e9s sans effet. Les tentatives diplomatiques pour r\u00e9soudre la crise, notamment une m\u00e9diation men\u00e9e par l&rsquo;Angola, ont toutes \u00e9chou\u00e9.<\/p>\n\n\n\n<h2 class=\"wp-block-heading\">Que contient cet accord ?<\/h2>\n\n\n\n<p>L&rsquo;accord a \u00e9t\u00e9 \u00e9labor\u00e9 au cours de trois jours de \u00ab\u00a0dialogue constructif portant sur les int\u00e9r\u00eats politiques, s\u00e9curitaires et \u00e9conomiques\u00a0\u00bb entre repr\u00e9sentants de la RD Congo et du Rwanda pr\u00e9sents dans la capitale am\u00e9ricaine. Le 18 juin, un communiqu\u00e9 annon\u00e7ant que l\u2019accord avait \u00e9t\u00e9 paraph\u00e9 par les experts rwandais et congolais est publi\u00e9. Mais il reste vague sur les mesures envisag\u00e9es pour trouver une issue \u00e0 la crise.<\/p>\n\n\n\n<p>Il comprend des dispositions sur \u00ab\u00a0le d\u00e9sengagement, le d\u00e9sarmement et l&rsquo;int\u00e9gration conditionnelle des groupes arm\u00e9s non \u00e9tatiques\u00a0\u00bb, ainsi qu&rsquo;un \u00ab\u00a0<em>m\u00e9canisme conjoint de coordination en mati\u00e8re de s\u00e9curit\u00e9<\/em>\u00ab\u00a0.\u00a0L\u2019hebdomadaire\u00a0Jeune Afrique\u00a0indique que\u00a0le D\u00e9partement d\u2019\u00c9tat am\u00e9ricain explique que le texte comprend des dispositions sur \u201cle respect de l\u2019int\u00e9grit\u00e9 territoriale et sur l\u2019interdiction de tout acte hostile\u201d entre Kinshasa et Kigali.<\/p>\n\n\n\n<p>Aucun d\u00e9tail n&rsquo;a \u00e9t\u00e9 livr\u00e9 sur le volet \u00e9conomique, mais le pr\u00e9sident congolais avait \u00e9voqu\u00e9 en avril un accord minier avec le conseiller sp\u00e9cial de Donald Trump pour l&rsquo;Afrique en visite alors \u00e0 Kinshasa, Massad Boulos. Premier producteur mondial de cobalt, la RD Congo, deuxi\u00e8me plus vaste pays d&rsquo;Afrique, d\u00e9tient aussi dans ses sous-sols au moins 60% des r\u00e9serves mondiales de coltan, minerai strat\u00e9gique pour l&rsquo;industrie \u00e9lectronique, ce qui int\u00e9resse activement le pr\u00e9sident Trump.<\/p>\n\n\n\n<h2 class=\"wp-block-heading\">Qui est intervenu dans l\u2019\u00e9laboration de cet accord ?&nbsp;<\/h2>\n\n\n\n<p>L\u2019accord doit \u00eatre formellement sign\u00e9 ce 27 juin lors d&rsquo;une r\u00e9union minist\u00e9rielle \u00e0 Washington, en pr\u00e9sence du secr\u00e9taire d&rsquo;Etat am\u00e9ricain Marco Rubio et de ses homologues de la RD Congo et du Rwanda, Th\u00e9r\u00e8se Kayikwamba Wagner et Olivier Nduhungirehe. Les deux ministres seront re\u00e7us par Donald Trump \u00e0 la Maison Blanche.<\/p>\n\n\n\n<p>Le Qatar a \u00e9galement \u00e9t\u00e9 m\u00e9diateur et avait re\u00e7u mi-mars \u00e0 Doha le pr\u00e9sident rwandais Paul Kagame et celui de la RD Congo, Felix Tshisekedi. Les deux dirigeants pourraient \u00eatre re\u00e7us par Donald Trump \u00e0 la Maison Blanche en juillet.<\/p>\n\n\n\n<blockquote class=\"wp-block-quote is-layout-flow wp-block-quote-is-layout-flow\">\n<p>Les \u00c9tats-Unis sont int\u00e9ress\u00e9s par le fait de s\u00e9curiser l&rsquo;approvisionnement des mati\u00e8res critiques.<\/p>\n\n\n\n<p>Christian Moleka, coordinateur de la Dynamique des politologues de RD Congo<\/p>\n<\/blockquote>\n\n\n\n<p>\u201c<em>Nous sommes impliqu\u00e9s, parce que les deux parties ont demand\u00e9 qu\u2019on le soit<\/em>\u201d, r\u00e9sume Troy Fitrell, secr\u00e9taire d\u2019\u00c9tat adjoint par int\u00e9rim aux Affaires africaines, devant l\u2019Atlantic Council. \u201c<em>L\u2019apport des \u00c9tats-Unis, c\u2019est l\u2019adoption d\u2019un calendrier extr\u00eamement serr\u00e9<\/em>\u201d, se r\u00e9jouit-il.&nbsp;<a href=\"https:\/\/www.rfi.fr\/fr\/afrique\/20250627-washington-%C3%A0-la-man%C5%93uvre-kinshasa-et-kigali-proches-d-un-accord-historique\" target=\"_blank\" rel=\"noreferrer noopener\">Interrog\u00e9 par la radio RFI,<\/a>&nbsp;Christian Moleka, coordinateur de la Dynamique des politologues de RD Congo, estime que \u201c<em>les \u00c9tats-Unis sont int\u00e9ress\u00e9s par le fait de s\u00e9curiser l&rsquo;approvisionnement des mati\u00e8res critiques.<\/em>\u201d Ainsi, Washington, \u00e0 travers cet accord, Washington d\u00e9fend ses int\u00e9r\u00eats \u00e9conomiques.&nbsp;<\/p>\n\n\n\n<p>Interrog\u00e9 par TV5MONDE, l&rsquo;ex-ambassadeur am\u00e9ricain en Centrafrique Jeff Hawkins, aujourd&rsquo;hui chercheur associ\u00e9 \u00e0 l&rsquo;Iris et enseignant \u00e0 Sciences-Po, souligne lui aussi que&nbsp;<em>\u00ab\u00a0l&rsquo;int\u00e9r\u00eat de l&rsquo;administration Trump porte sur les minerais du Congo\u00a0\u00bb.<\/em>&nbsp;Il doute de l&rsquo;implication sur le long terme de l&rsquo;administration Trump dans le r\u00e8glement de la guerre \u00e0 l&rsquo;est de la RDC.&nbsp;<em>\u00ab\u00a0Je ne pense pas que quelqu&rsquo;un comme le secr\u00e9taire d&rsquo;\u00c9tat am\u00e9ricain Marco Rubio continue de s&rsquo;int\u00e9resser \u00e0 ce conflit une fois que l&rsquo;acc\u00e8s am\u00e9ricain aux minerais est assur\u00e9\u00a0\u00bb.<\/em><\/p>\n\n\n\n<blockquote class=\"wp-block-quote is-layout-flow wp-block-quote-is-layout-flow\">\n<p><em>Il est un peu t\u00f4t pour dire que le conflit est r\u00e9solu parce que l&rsquo;on a sign\u00e9 devant les Am\u00e9ricains un document.<\/em>Jeff Hawkins, ex-ambassadeur am\u00e9ricain en Centrafrique, chercheur associ\u00e9 \u00e0 l&rsquo;Iris et enseignant \u00e0 Sciences-Po<\/p>\n<\/blockquote>\n\n\n\n<p>Depuis le paraphe du texte pr\u00e9liminaire le 18 juin \u00e0 Washington, cet expert de l&rsquo;Afrique et ex-diplomate am\u00e9ricain s&rsquo;interroge sur la capacit\u00e9 \u00e0 r\u00e9gler la situation sur le terrain.&nbsp;<em>\u00ab\u00a0Les milices sont toujours actives, le M23\/AFC occupe toujours le m\u00eame territoire qu&rsquo;avant. Sauf erreur de ma part, les troupes rwandaises sont toujours sur le sol congolais. Donc il est un peu t\u00f4t pour dire que le conflit est r\u00e9solu parce que l&rsquo;on a sign\u00e9 devant les Am\u00e9ricains un document.\u00a0\u00bb<\/em><\/p>\n","protected":false},"excerpt":{"rendered":"<p>La R\u00e9publique d\u00e9mocratique du Congo et le Rwanda doivent signer \u00e0 Washington, sous les auspices de l&rsquo;administration Trump, un accord<\/p>\n","protected":false},"author":1,"featured_media":58976,"comment_status":"open","ping_status":"open","sticky":false,"template":"","format":"standard","meta":{"footnotes":""},"categories":[51],"tags":[],"class_list":["post-58975","post","type-post","status-publish","format-standard","has-post-thumbnail","hentry","category-general"],"_links":{"self":[{"href":"https:\/\/dekkbi.com\/index.php?rest_route=\/wp\/v2\/posts\/58975","targetHints":{"allow":["GET"]}}],"collection":[{"href":"https:\/\/dekkbi.com\/index.php?rest_route=\/wp\/v2\/posts"}],"about":[{"href":"https:\/\/dekkbi.com\/index.php?rest_route=\/wp\/v2\/types\/post"}],"author":[{"embeddable":true,"href":"https:\/\/dekkbi.com\/index.php?rest_route=\/wp\/v2\/users\/1"}],"replies":[{"embeddable":true,"href":"https:\/\/dekkbi.com\/index.php?rest_route=%2Fwp%2Fv2%2Fcomments&post=58975"}],"version-history":[{"count":1,"href":"https:\/\/dekkbi.com\/index.php?rest_route=\/wp\/v2\/posts\/58975\/revisions"}],"predecessor-version":[{"id":58977,"href":"https:\/\/dekkbi.com\/index.php?rest_route=\/wp\/v2\/posts\/58975\/revisions\/58977"}],"wp:featuredmedia":[{"embeddable":true,"href":"https:\/\/dekkbi.com\/index.php?rest_route=\/wp\/v2\/media\/58976"}],"wp:attachment":[{"href":"https:\/\/dekkbi.com\/index.php?rest_route=%2Fwp%2Fv2%2Fmedia&parent=58975"}],"wp:term":[{"taxonomy":"category","embeddable":true,"href":"https:\/\/dekkbi.com\/index.php?rest_route=%2Fwp%2Fv2%2Fcategories&post=58975"},{"taxonomy":"post_tag","embeddable":true,"href":"https:\/\/dekkbi.com\/index.php?rest_route=%2Fwp%2Fv2%2Ftags&post=58975"}],"curies":[{"name":"wp","href":"https:\/\/api.w.org\/{rel}","templated":true}]}}