{"id":58910,"date":"2025-06-26T13:23:14","date_gmt":"2025-06-26T13:23:14","guid":{"rendered":"https:\/\/dekkbi.com\/?p=58910"},"modified":"2025-06-26T13:24:20","modified_gmt":"2025-06-26T13:24:20","slug":"cote-divoire-les-jeunes-militants-politiques-attendent-leur-tour-dans-une-arene-dominee-par-leurs-aines","status":"publish","type":"post","link":"https:\/\/dekkbi.com\/?p=58910","title":{"rendered":"C\u00f4te d&rsquo;Ivoire : les jeunes militants politiques attendent leur tour dans une ar\u00e8ne domin\u00e9e par leurs a\u00een\u00e9s"},"content":{"rendered":"\n<p>Un pr\u00e9sident \u00e2g\u00e9 de 83 ans, un pr\u00e9d\u00e9cesseur et rival historique de 80 ans et une figure de l&rsquo;opposition aux ambitions pr\u00e9sidentielles de 62 ans&#8230; \u00ab\u00a0<em>On doit \u00eatre patient<\/em>\u00ab\u00a0, reconnaissent les jeunes Ivoiriens engag\u00e9s dans des partis politiques.<\/p>\n\n\n\n<p>Un panneau d&rsquo;affichage d&rsquo;Alassane Ouattara, pr\u00e9sident de la C\u00f4te d&rsquo;Ivoire, est vu sur une autoroute dans le nord de la C\u00f4te d&rsquo;Ivoire, le 23 f\u00e9vrier 2025. (AP Photo\/Misper Apawu)<\/p>\n\n\n\n<p>En C\u00f4te d&rsquo;Ivoire, o\u00f9 une \u00e9lection pr\u00e9sidentielle est pr\u00e9vue fin octobre, 75,6% de la population, soit 22 millions de personnes, a moins de 35 ans &#8211; l&rsquo;\u00e2ge minimum pour \u00eatre candidat \u00e0 ce scrutin. Mais le pays \u00ab\u00a0<em>est politiquement une g\u00e9rontocratie, les partis sont dirig\u00e9s g\u00e9n\u00e9ralement par des personnes du troisi\u00e8me \u00e2ge<\/em>\u00ab\u00a0, affirme le politologue Geoffroy Kouao.<\/p>\n\n\n\n<blockquote class=\"wp-block-quote is-layout-flow wp-block-quote-is-layout-flow\">\n<p><em>Dans l&rsquo;imaginaire populaire, la jeunesse est synonyme d&rsquo;immaturit\u00e9 politique, les dirigeants ne lui font pas confiance<\/em>. &nbsp;<\/p>\n\n\n\n<p>Geoffroy Kouao, politologue&nbsp;<\/p>\n<\/blockquote>\n\n\n\n<p>Myl\u00e8ne Amary Kacou, 32 ans, vice-pr\u00e9sidente des jeunes du Parti des peuples africains &#8211; C\u00f4te d&rsquo;Ivoire (PPA-CI), la formation de l&rsquo;ancien pr\u00e9sident et opposant Laurent Gabgbo, \u00e9voque un biais culturel:&nbsp;<\/p>\n\n\n\n<blockquote class=\"wp-block-quote is-layout-flow wp-block-quote-is-layout-flow\">\n<p><em>En Afrique, on dit que l&rsquo;a\u00een\u00e9 a toujours raison.&nbsp;<\/em><\/p>\n\n\n\n<p><em>Myl\u00e8ne Amary Kacou, 32 ans, vice-pr\u00e9sidente des jeunes du Parti des peuples africains &#8211; C\u00f4te d&rsquo;Ivoire (PPA-CI)<\/em><\/p>\n<\/blockquote>\n\n\n\n<p>Les deux grandes figures de la politique ivoirienne, l&rsquo;actuel pr\u00e9sident Alassane Ouattara qui pourrait briguer un nouveau mandat en octobre, et son pr\u00e9d\u00e9cesseur Laurent Gbagbo, candidat d\u00e9clar\u00e9 mais in\u00e9ligible, sont tous deux octog\u00e9naires et occupent la sc\u00e8ne depuis plus de trente ans.<\/p>\n\n\n\n<p>Au gouvernement, le ministre de la Jeunesse Mamadou Tour\u00e9 (49 ans) est le seul \u00e0 avoir moins de 50 ans, et Tidjane Thiam, chef de la principale formation d&rsquo;opposition, le Parti d\u00e9mocratique de C\u00f4te d&rsquo;Ivoire (PDCI) incarne \u00e0 62 ans une \u00ab\u00a0<em>nouvelle g\u00e9n\u00e9ration<\/em>\u00ab\u00a0.&nbsp;<\/p>\n\n\n\n<p>Mais quel que soit leur camp, les responsables de jeunesse interrog\u00e9s disent aimer&nbsp;<em>\u00ab\u00a0apprendre<\/em>\u00a0\u00bb de leurs a\u00een\u00e9s exp\u00e9riment\u00e9s et participer aux r\u00e9unions importantes de leur parti.<\/p>\n\n\n\n<p>Parmi eux, le chef de la jeunesse urbaine du principal parti d&rsquo;opposition, le Parti d\u00e9mocratique de C\u00f4te d&rsquo;Ivoire (PDCI), Valentin Kouassi, 40 ans, estime toutefois qu'\u00a0\u00bbon ne fait pas de politique sans avoir d&rsquo;ambitions\u00a0\u00bb.<\/p>\n\n\n\n<p>Tous affirment d&rsquo;ailleurs, timidement, que leur fonction est un tremplin pour leur carri\u00e8re politique.<video preload=\"auto\" src=\"https:\/\/vodinfo.tv5monde.com\/videos\/67\/6464522.mp4\"><\/video>Lire la vid\u00e9o<\/p>\n\n\n\n<h2 class=\"wp-block-heading\">Pr\u00e9sidente \u00ab\u00a0dans 30 ans\u00a0\u00bb<\/h2>\n\n\n\n<p>\u00ab\u00a0<em>Je veux gravir les \u00e9chelons mais je ne mets pas au devant mes ambitions personnelles<\/em>\u00ab\u00a0, confie Mamadou Kon\u00e9, 36 ans, chef de la jeunesse du Rassemblement des Houphou\u00ebtistes pour la d\u00e9mocratie et la paix (RHDP, au pouvoir) et conseiller technique au minist\u00e8re de la Jeunesse.<\/p>\n\n\n\n<p><em>\u00ab\u00a0Ministre ou pr\u00e9sidente de la R\u00e9publique, pourquoi pas ?<\/em>\u00ab\u00a0, songe Myl\u00e8ne Amary Kacou, \u00ab\u00a0<em>mais dans 25 ou 30 ans\u00a0\u00bb.<\/em><\/p>\n\n\n\n<p>A 29 ans, Issouf Olivier Traor\u00e9, secr\u00e9taire national de la jeunesse d&rsquo;Aujourd&rsquo;hui et demain la C\u00f4te d&rsquo;Ivoire (ADCI, mouvement d&rsquo;opposition), a lui \u00e9t\u00e9 candidat aux \u00e9lections municipales et l\u00e9gislatives de 2023 dans la commune d&rsquo;Anyama, \u00e0 Abidjan, arrachant 2% des voix face \u00e0 un candidat du pouvoir.<\/p>\n\n\n\n<p>A ceux qui reprochent aux jeunes de ne pas s&rsquo;int\u00e9resser \u00e0 la politique, il r\u00e9pond avoir \u00e9t\u00e9 \u00ab\u00a0<em>soutenu par sa g\u00e9n\u00e9ration, pr\u00eate \u00e0 s&rsquo;engager si l&rsquo;un des siens accepte le challenge<\/em>\u00a0\u00bb de se pr\u00e9senter.<\/p>\n\n\n\n<p>Lorsqu&rsquo;ils imaginent l&rsquo;avenir, les jeunes de l&rsquo;opposition ont des id\u00e9es similaires. Leur premi\u00e8re pr\u00e9occupation: le taux de ch\u00f4mage.<video preload=\"auto\" src=\"https:\/\/vodinfo.tv5monde.com\/videos\/83\/6464241.mp4\"><\/video>Lire la vid\u00e9o<\/p>\n\n\n\n<p>Officiellement \u00e0 2,3%, il est \u00e0 nuancer avec la part du secteur informel qui repr\u00e9sente l&rsquo;\u00e9crasante majorit\u00e9 des emplois, 88,4% selon la Banque africaine de d\u00e9veloppement (BAD).<\/p>\n\n\n\n<p>Autre enjeu: \u00ab\u00a0<em>faire en sorte que le pays soit le plus d\u00e9mocratique possible<\/em>\u00ab\u00a0, souhaite Valentin Kouassi, \u00e0 l&rsquo;heure o\u00f9 son candidat, Tidjane Thiam, 62 ans, a \u00e9t\u00e9 exclu de la course \u00e0 la pr\u00e9sidence par la justice pour une question de nationalit\u00e9.&nbsp;<\/p>\n\n\n\n<p>Face \u00e0 l&rsquo;opposition qui d\u00e9nonce une manoeuvre politique, le gouvernement nie toute intervention dans les d\u00e9cisions juridiques. Enfin, chaque parti esp\u00e8re assister \u00e0 une \u00ab\u00a0<em>alternance pacifique du pouvoir<\/em>\u00ab\u00a0, comme l&rsquo;\u00e9voque Issouf Olivier Traor\u00e9.<\/p>\n\n\n\n<p>Dans ce pays \u00e0 l&rsquo;histoire politique jonch\u00e9e de crises meurtri\u00e8res en p\u00e9riodes \u00e9lectorales, \u00ab\u00a0<em>nous les jeunes, on a envie de voir \u00e7a<\/em>\u00ab\u00a0, exprime-t-il.<\/p>\n\n\n\n<p>En attendant de voir leur carri\u00e8re d\u00e9coller et \u00e0 quatre mois de l&rsquo;\u00e9lection pr\u00e9sidentielle, ces responsables de jeunesse soutiennent leur chef, qu&rsquo;il soit au pouvoir ou opposant, \u00e9ligible ou exclu du scrutin.<\/p>\n\n\n\n<p>Un geste de&nbsp;<em>\u00ab\u00a0reconnaissance\u00a0\u00bb<\/em>&nbsp;disent-ils, sans oublier leurs aspirations personnelles.<\/p>\n","protected":false},"excerpt":{"rendered":"<p>Un pr\u00e9sident \u00e2g\u00e9 de 83 ans, un pr\u00e9d\u00e9cesseur et rival historique de 80 ans et une figure de l&rsquo;opposition aux<\/p>\n","protected":false},"author":1,"featured_media":30268,"comment_status":"open","ping_status":"open","sticky":false,"template":"","format":"standard","meta":{"footnotes":""},"categories":[6],"tags":[],"class_list":["post-58910","post","type-post","status-publish","format-standard","has-post-thumbnail","hentry","category-politics"],"_links":{"self":[{"href":"https:\/\/dekkbi.com\/index.php?rest_route=\/wp\/v2\/posts\/58910","targetHints":{"allow":["GET"]}}],"collection":[{"href":"https:\/\/dekkbi.com\/index.php?rest_route=\/wp\/v2\/posts"}],"about":[{"href":"https:\/\/dekkbi.com\/index.php?rest_route=\/wp\/v2\/types\/post"}],"author":[{"embeddable":true,"href":"https:\/\/dekkbi.com\/index.php?rest_route=\/wp\/v2\/users\/1"}],"replies":[{"embeddable":true,"href":"https:\/\/dekkbi.com\/index.php?rest_route=%2Fwp%2Fv2%2Fcomments&post=58910"}],"version-history":[{"count":1,"href":"https:\/\/dekkbi.com\/index.php?rest_route=\/wp\/v2\/posts\/58910\/revisions"}],"predecessor-version":[{"id":58911,"href":"https:\/\/dekkbi.com\/index.php?rest_route=\/wp\/v2\/posts\/58910\/revisions\/58911"}],"wp:featuredmedia":[{"embeddable":true,"href":"https:\/\/dekkbi.com\/index.php?rest_route=\/wp\/v2\/media\/30268"}],"wp:attachment":[{"href":"https:\/\/dekkbi.com\/index.php?rest_route=%2Fwp%2Fv2%2Fmedia&parent=58910"}],"wp:term":[{"taxonomy":"category","embeddable":true,"href":"https:\/\/dekkbi.com\/index.php?rest_route=%2Fwp%2Fv2%2Fcategories&post=58910"},{"taxonomy":"post_tag","embeddable":true,"href":"https:\/\/dekkbi.com\/index.php?rest_route=%2Fwp%2Fv2%2Ftags&post=58910"}],"curies":[{"name":"wp","href":"https:\/\/api.w.org\/{rel}","templated":true}]}}