{"id":58907,"date":"2025-06-26T13:14:54","date_gmt":"2025-06-26T13:14:54","guid":{"rendered":"https:\/\/dekkbi.com\/?p=58907"},"modified":"2025-06-26T13:26:55","modified_gmt":"2025-06-26T13:26:55","slug":"au-moins-29-morts-et-260-blesses-dans-une-bousculade-meurtriere-dans-un-lycee-en-centrafrique","status":"publish","type":"post","link":"https:\/\/dekkbi.com\/?p=58907","title":{"rendered":"Bousculade meurtri\u00e8re dans un lyc\u00e9e en Centrafrique"},"content":{"rendered":"\n<p>Par &#8211; Anne-Sophie Pieri<\/p>\n\n\n\n<p>Au moins 29 morts et 260 bless\u00e9s ce mercredi 25 juin dans un lyc\u00e9e de Bangui, alors que les \u00e9l\u00e8ves passaient les \u00e9preuves du baccalaur\u00e9at d&rsquo;histoire-g\u00e9ographie. Un court-circuit serait \u00e0 l&rsquo;origine de l&rsquo;incendie qui a entra\u00een\u00e9 une panique g\u00e9n\u00e9rale. Le pr\u00e9sident a d\u00e9cr\u00e9t\u00e9 trois jours de deuil national. Reportage sur place de la correspondante de TV5MONDE, Mariam Kon\u00e9, en collaboration \u00e0 Paris avec Anne-Sophie Pieri.&nbsp;<\/p>\n\n\n\n<p>Ce mercredi 25 juin, un incendie s&rsquo;est d\u00e9clar\u00e9 \u00e0 13h dans un lyc\u00e9e du centre-ville de Bangui, plongeant \u00e9l\u00e8ves et personnel dans une situation de panique totale. Alors que les \u00e9l\u00e8ves passaient leur \u00e9preuve de baccalaur\u00e9at d&rsquo;histoire-g\u00e9ographie, la fum\u00e9e a envahi les lieux, provoquant une sc\u00e8ne de chaos.<\/p>\n\n\n\n<h2 class=\"wp-block-heading\">Panique et \u00e9vacuation pr\u00e9cipit\u00e9e<\/h2>\n\n\n\n<p>Au moment de l&rsquo;explosion, un peu plus de 5300 \u00e9l\u00e8ves planchaient sur les \u00e9preuves de la deuxi\u00e8me journ\u00e9e du baccalaur\u00e9at. Pris de panique, ils ont r\u00e9agi de mani\u00e8re d\u00e9sordonn\u00e9e face \u00e0 l&rsquo;incendie. Certains ont rapport\u00e9 avoir entendu des rumeurs de l&rsquo;effondrement d&rsquo;un b\u00e2timent, tandis que d&rsquo;autres ont simplement vu la fum\u00e9e se r\u00e9pandre.&nbsp;<\/p>\n\n\n\n<blockquote class=\"wp-block-quote is-layout-flow wp-block-quote-is-layout-flow\">\n<p>On ne savait pas vraiment ce qu&rsquo;il se passait. Les gens ont commenc\u00e9 \u00e0 courir.<\/p>\n\n\n\n<p>Vlamale Moubarack Arthur Streel, \u00e9l\u00e8ve de terminale<\/p>\n<\/blockquote>\n\n\n\n<p>Dans la confusion, et en l&rsquo;absence d&rsquo;issues de secours ad\u00e9quates, de nombreux \u00e9l\u00e8ves ont choisi de sauter des balcons pour \u00e9chapper au danger, entra\u00eenant de nombreux bless\u00e9s.<\/p>\n\n\n\n<p>La col\u00e8re des t\u00e9moins et des parents s&rsquo;est intensifi\u00e9e en raison de la lenteur de l&rsquo;intervention des secours. L&rsquo;ambulance n&rsquo;est arriv\u00e9e sur les lieux qu&rsquo;\u00e0 14h54, soit pr\u00e8s de deux heures apr\u00e8s le d\u00e9but de l&rsquo;incendie. &nbsp;<\/p>\n\n\n\n<h2 class=\"wp-block-heading\">D\u00e9sespoir et col\u00e8re des familles<\/h2>\n\n\n\n<p>Devant l&rsquo;h\u00f4pital le plus proche, les parents, d\u00e9sesp\u00e9r\u00e9s, se sont rassembl\u00e9s, cherchant d\u00e9sesp\u00e9r\u00e9ment des nouvelles de leurs enfants dont ils n&rsquo;avaient pas de nouvelles. \u00c0 l&rsquo;int\u00e9rieur, les couloirs r\u00e9sonnaient des cris de douleur des parents apprenant la perte de leur enfant.&nbsp;<\/p>\n\n\n\n<blockquote class=\"wp-block-quote is-layout-flow wp-block-quote-is-layout-flow\">\n<p>Normalement, les enfants auraient d\u00fb \u00eatre soign\u00e9s dans l&rsquo;h\u00f4pital, mais au lieu de \u00e7a ils ont \u00e9t\u00e9 amen\u00e9s directement \u00e0 la morgue. Il y en a eu au moins trois.<\/p>\n\n\n\n<p>Colette Ipporoh, parent d&rsquo;\u00e9l\u00e8ve<\/p>\n<\/blockquote>\n\n\n\n<p>Les corps inanim\u00e9s, en grande majorit\u00e9 des filles, ont \u00e9t\u00e9 transport\u00e9s \u00e0 la morgue, tandis que les bless\u00e9s, encore sous le choc, tentaient de comprendre ce qui s&rsquo;\u00e9tait pass\u00e9.<\/p>\n\n\n\n<blockquote class=\"wp-block-quote is-layout-flow wp-block-quote-is-layout-flow\">\n<p>Les surveillants qui \u00e9taient cens\u00e9s nous garder ont fui en premier. Alors nous les avons suivis. J&rsquo;ai saut\u00e9 de l&rsquo;\u00e9tage et je suis tomb\u00e9 sur le bassin. Nous \u00e9tions nombreux. Certains ont \u00e9t\u00e9 bless\u00e9s, ce sont fait des fractures, d&rsquo;autres sont m\u00eame morts sur place.<\/p>\n\n\n\n<p>Michael Jordy Yeruma, \u00e9l\u00e8ve de terminale<\/p>\n<\/blockquote>\n\n\n\n<p>Un important dispositif de s\u00e9curit\u00e9, compos\u00e9 de casques bleus de la Minusca, de policiers et de gendarmes a \u00e9t\u00e9 positionn\u00e9 autour de l&rsquo;\u00e9tablissement scolaire et des h\u00f4pitaux.&nbsp;<em>\u00ab\u00a0L&rsquo;h\u00f4pital a \u00e9t\u00e9 envahi par la population au point de faire obstruction aux soigneurs et&nbsp;aux&nbsp;ambulances<\/em>\u00a0\u00bb a indiqu\u00e9 une source au minist\u00e8re de la Sant\u00e9.<\/p>\n\n\n\n<p>Les trois h\u00f4pitaux de la ville ont accueilli les nombreux bless\u00e9s, transport\u00e9s en ambulance, dans les bennes de pick-ups, sur des motos-taxis et parfois m\u00eame \u00e0 bout de bras.<\/p>\n\n\n\n<h2 class=\"wp-block-heading\">R\u00e9actions officielles<\/h2>\n\n\n\n<p>En fin d&rsquo;apr\u00e8s-midi, le minist\u00e8re de l&rsquo;\u00c9ducation nationale a annonc\u00e9 que des mesures seraient prises pour \u00e9lucider les circonstances de cet incident.<\/p>\n\n\n\n<p>Ce jeudi 26 juin, 110 bless\u00e9s restaient en observation.<\/p>\n\n\n\n<p>Cette trag\u00e9die met en lumi\u00e8re les lacunes en mati\u00e8re de s\u00e9curit\u00e9 dans les \u00e9tablissements scolaires et la n\u00e9cessit\u00e9 d&rsquo;une r\u00e9ponse rapide et efficace des services d&rsquo;urgence. Les familles endeuill\u00e9es attendent d\u00e9sormais des r\u00e9ponses et des actions concr\u00e8tes pour \u00e9viter qu&rsquo;un tel drame ne se reproduise.<\/p>\n\n\n\n<p>Le pr\u00e9sident a d\u00e9cr\u00e9t\u00e9 trois jours de deuil national.&nbsp;<\/p>\n","protected":false},"excerpt":{"rendered":"<p>Par &#8211; Anne-Sophie Pieri Au moins 29 morts et 260 bless\u00e9s ce mercredi 25 juin dans un lyc\u00e9e de Bangui,<\/p>\n","protected":false},"author":1,"featured_media":58908,"comment_status":"open","ping_status":"open","sticky":false,"template":"","format":"standard","meta":{"footnotes":""},"categories":[51],"tags":[],"class_list":["post-58907","post","type-post","status-publish","format-standard","has-post-thumbnail","hentry","category-general"],"_links":{"self":[{"href":"https:\/\/dekkbi.com\/index.php?rest_route=\/wp\/v2\/posts\/58907","targetHints":{"allow":["GET"]}}],"collection":[{"href":"https:\/\/dekkbi.com\/index.php?rest_route=\/wp\/v2\/posts"}],"about":[{"href":"https:\/\/dekkbi.com\/index.php?rest_route=\/wp\/v2\/types\/post"}],"author":[{"embeddable":true,"href":"https:\/\/dekkbi.com\/index.php?rest_route=\/wp\/v2\/users\/1"}],"replies":[{"embeddable":true,"href":"https:\/\/dekkbi.com\/index.php?rest_route=%2Fwp%2Fv2%2Fcomments&post=58907"}],"version-history":[{"count":2,"href":"https:\/\/dekkbi.com\/index.php?rest_route=\/wp\/v2\/posts\/58907\/revisions"}],"predecessor-version":[{"id":58914,"href":"https:\/\/dekkbi.com\/index.php?rest_route=\/wp\/v2\/posts\/58907\/revisions\/58914"}],"wp:featuredmedia":[{"embeddable":true,"href":"https:\/\/dekkbi.com\/index.php?rest_route=\/wp\/v2\/media\/58908"}],"wp:attachment":[{"href":"https:\/\/dekkbi.com\/index.php?rest_route=%2Fwp%2Fv2%2Fmedia&parent=58907"}],"wp:term":[{"taxonomy":"category","embeddable":true,"href":"https:\/\/dekkbi.com\/index.php?rest_route=%2Fwp%2Fv2%2Fcategories&post=58907"},{"taxonomy":"post_tag","embeddable":true,"href":"https:\/\/dekkbi.com\/index.php?rest_route=%2Fwp%2Fv2%2Ftags&post=58907"}],"curies":[{"name":"wp","href":"https:\/\/api.w.org\/{rel}","templated":true}]}}