{"id":58903,"date":"2025-06-26T12:54:21","date_gmt":"2025-06-26T12:54:21","guid":{"rendered":"https:\/\/dekkbi.com\/?p=58903"},"modified":"2025-06-26T12:54:22","modified_gmt":"2025-06-26T12:54:22","slug":"presidentielle-attal-ne-voit-pas-de-projet-commun-possible-avec-lr","status":"publish","type":"post","link":"https:\/\/dekkbi.com\/?p=58903","title":{"rendered":"Pr\u00e9sidentielle: Attal ne voit pas de \u00ab\u00a0projet commun\u00a0\u00bb possible avec LR"},"content":{"rendered":"\n<p>\u00a9 2025 AFP &#8211; Le chef du parti Renaissance Gabriel Attal \u00ab\u00a0ne voit pas de projet de soci\u00e9t\u00e9 commun\u00a0\u00bb entre LR et les macronistes, \u00e9cartant de facto l&rsquo;hypoth\u00e8se d&rsquo;un candidat commun de la droite et du centre pour la pr\u00e9sidentielle.<\/p>\n\n\n\n<p>\u00ab\u00a0Je ne vois pas de projet de soci\u00e9t\u00e9 commun aujourd&rsquo;hui entre LR et nous, a fortiori pour une \u00e9lection pr\u00e9sidentielle\u00a0\u00bb, constate l&rsquo;ancien Premier ministre dans un entretien au Monde.<\/p>\n\n\n\n<p>Lui-m\u00eame candidat potentiel en 2027, Gabriel Attal ne croit pas que \u00ab\u00a0la France ait besoin, ou m\u00eame envie, d&rsquo;une r\u00e9volution conservatrice\u00a0\u00bb et liste une s\u00e9rie de \u00ab\u00a0divergences profondes\u00a0\u00bb avec LR.<\/p>\n\n\n\n<p>\u00ab\u00a0Nous sommes pro-europ\u00e9ens, ce que n&rsquo;est plus la droite de gouvernement. Nous sommes pour le progr\u00e8s et l&rsquo;\u00e9galit\u00e9 des droits; le nouveau pr\u00e9sident des R\u00e9publicains (Bruno Retailleau) s&rsquo;est oppos\u00e9 \u00e0 l&rsquo;inscription de l&rsquo;IVG dans la Constitution, a refus\u00e9 d&rsquo;interdire les th\u00e9rapies de conversion pour les homosexuels et, dix ans apr\u00e8s, continue d&rsquo;\u00eatre oppos\u00e9 au mariage pour tous. Sur la transition \u00e9cologique, les LR sont dans une forme de climato-scepticisme et votent comme le RN\u00a0\u00bb, \u00e9num\u00e8re-t-il.<\/p>\n\n\n\n<p>De fait, le \u00ab\u00a0socle commun\u00a0\u00bb, appellation de la coalition gouvernementale entre le camp pr\u00e9sidentiel et LR, se r\u00e9duit \u00e0 \u00ab\u00a0un point commun, vouloir la stabilit\u00e9 gouvernementale en France\u00a0\u00bb.<\/p>\n\n\n\n<p>\u00ab\u00a0Dans un monde de comp\u00e9tition et de concurrence, on ne peut pas s&rsquo;offrir une instabilit\u00e9 gouvernementale\u00a0\u00bb, juge-t-il, critiquant l&rsquo;attitude \u00ab\u00a0irresponsable\u00a0\u00bb des socialistes qui, par leur motion de censure sur les retraites, \u00ab\u00a0remettent le gouvernement sous d\u00e9pendance du RN\u00a0\u00bb.<\/p>\n\n\n\n<p>Faute de majorit\u00e9, \u00ab\u00a0l\u2019Assembl\u00e9e arrive \u00e0 avancer sur certains projets, mais pas sur l&rsquo;essentiel\u00a0\u00bb, d\u00e9plore-t-il.<\/p>\n\n\n\n<p>Dans ce contexte, \u00ab\u00a0si on ne veut pas attendre deux ans \u00e0 faire la planche\u00a0\u00bb, un r\u00e9f\u00e9rendum \u00ab\u00a0devient indispensable, le plus vite possible sur des sujets d&rsquo;int\u00e9r\u00eat vitaux pour le pays\u00a0\u00bb comme \u00ab\u00a0notre mod\u00e8le social\u00a0\u00bb.<\/p>\n\n\n\n<p>\u00ab\u00a0Je ferai des propositions dans les prochaines semaines pour d\u00e9taxer le travail, rapprocher le net du brut pour les salari\u00e9s\u00a0\u00bb, assure-t-il.<\/p>\n","protected":false},"excerpt":{"rendered":"<p>\u00a9 2025 AFP &#8211; Le chef du parti Renaissance Gabriel Attal \u00ab\u00a0ne voit pas de projet de soci\u00e9t\u00e9 commun\u00a0\u00bb entre<\/p>\n","protected":false},"author":1,"featured_media":29127,"comment_status":"open","ping_status":"open","sticky":false,"template":"","format":"standard","meta":{"footnotes":""},"categories":[51],"tags":[],"class_list":["post-58903","post","type-post","status-publish","format-standard","has-post-thumbnail","hentry","category-general"],"_links":{"self":[{"href":"https:\/\/dekkbi.com\/index.php?rest_route=\/wp\/v2\/posts\/58903","targetHints":{"allow":["GET"]}}],"collection":[{"href":"https:\/\/dekkbi.com\/index.php?rest_route=\/wp\/v2\/posts"}],"about":[{"href":"https:\/\/dekkbi.com\/index.php?rest_route=\/wp\/v2\/types\/post"}],"author":[{"embeddable":true,"href":"https:\/\/dekkbi.com\/index.php?rest_route=\/wp\/v2\/users\/1"}],"replies":[{"embeddable":true,"href":"https:\/\/dekkbi.com\/index.php?rest_route=%2Fwp%2Fv2%2Fcomments&post=58903"}],"version-history":[{"count":1,"href":"https:\/\/dekkbi.com\/index.php?rest_route=\/wp\/v2\/posts\/58903\/revisions"}],"predecessor-version":[{"id":58904,"href":"https:\/\/dekkbi.com\/index.php?rest_route=\/wp\/v2\/posts\/58903\/revisions\/58904"}],"wp:featuredmedia":[{"embeddable":true,"href":"https:\/\/dekkbi.com\/index.php?rest_route=\/wp\/v2\/media\/29127"}],"wp:attachment":[{"href":"https:\/\/dekkbi.com\/index.php?rest_route=%2Fwp%2Fv2%2Fmedia&parent=58903"}],"wp:term":[{"taxonomy":"category","embeddable":true,"href":"https:\/\/dekkbi.com\/index.php?rest_route=%2Fwp%2Fv2%2Fcategories&post=58903"},{"taxonomy":"post_tag","embeddable":true,"href":"https:\/\/dekkbi.com\/index.php?rest_route=%2Fwp%2Fv2%2Ftags&post=58903"}],"curies":[{"name":"wp","href":"https:\/\/api.w.org\/{rel}","templated":true}]}}