{"id":58892,"date":"2025-06-26T12:17:35","date_gmt":"2025-06-26T12:17:35","guid":{"rendered":"https:\/\/dekkbi.com\/?p=58892"},"modified":"2025-06-26T12:17:36","modified_gmt":"2025-06-26T12:17:36","slug":"malick-niang-rejoint-eric-favre-nation-mma-je-vise-les-sommets-du-mma","status":"publish","type":"post","link":"https:\/\/dekkbi.com\/?p=58892","title":{"rendered":"Malick Niang rejoint Eric Favre Nation MMA : \u00ab Je vise les sommets du MMA \u00bb"},"content":{"rendered":"\n<p>Apr\u00e8s un d\u00e9marrage difficile dans le monde du MMA marqu\u00e9 par une d\u00e9faite, Malick Niang est d\u00e9termin\u00e9 \u00e0 relancer sa carri\u00e8re. Pour y parvenir, l\u2019ancien lutteur s\u00e9n\u00e9galais vient de franchir une \u00e9tape importante en signant un partenariat avec Eric Favre Nation MMA. L\u2019accord a \u00e9t\u00e9 officialis\u00e9 lundi dernier dans les locaux de la structure, situ\u00e9s \u00e0 la Zone de Captage, nous informe Record.<\/p>\n\n\n\n<p>\u00c0 l\u2019issue de la signature, Malick Niang n\u2019a pas cach\u00e9 ses ambitions :<\/p>\n\n\n\n<p>\u00ab&nbsp;<em>Je remercie toute l\u2019\u00e9quipe d\u2019Eric Favre Nation MMA. Vous m\u2019avez tendu la main et offert l\u2019opportunit\u00e9 de pratiquer le sport que j\u2019aime. Je suis impressionn\u00e9 par votre engagement. Eric Favre \u0153uvre pour \u00e9lever les Africains vers le sommet du MMA. Nous esp\u00e9rons que ce partenariat sera un succ\u00e8s pour nous tous. Je suis ici pour repr\u00e9senter la marque avec fiert\u00e9. J\u2019ai de grandes ambitions dans cette discipline. Je vise le sommet du MMA<\/em>&nbsp;\u00bb, a d\u00e9clar\u00e9 le natif de Yoff.<\/p>\n\n\n\n<p><strong>Eric Favre salue un partenariat coh\u00e9rent avec ses valeurs<\/strong><\/p>\n\n\n\n<p>De son c\u00f4t\u00e9,&nbsp;<strong>Eric Favre<\/strong>, fondateur de la ligue, s\u2019est dit enthousiaste \u00e0 l\u2019id\u00e9e d\u2019accompagner Malick Niang dans cette nouvelle \u00e9tape.<\/p>\n\n\n\n<p>\u00ab&nbsp;<em>Avoir des profils comme celui de Malick Niang est une excellente chose pour notre ligue. Il a d\u00e9cid\u00e9 de s\u2019investir pleinement dans le MMA, et cela colle parfaitement \u00e0 nos valeurs. Notre objectif est de former des champions africains du MMA qui resteront sur le continent, s\u2019entra\u00eeneront ici et combattront ici. Malick incarne parfaitement cette vision<\/em>&nbsp;\u00bb, a soulign\u00e9 l\u2019homme d\u2019affaires.<\/p>\n\n\n\n<p>Avec ce partenariat, Malick Niang esp\u00e8re bien \u00e9crire une nouvelle page de sa carri\u00e8re et s\u2019imposer parmi les grandes figures du MMA africain.<\/p>\n\n\n\n<p>wiwsport<\/p>\n","protected":false},"excerpt":{"rendered":"<p>Apr\u00e8s un d\u00e9marrage difficile dans le monde du MMA marqu\u00e9 par une d\u00e9faite, Malick Niang est d\u00e9termin\u00e9 \u00e0 relancer sa<\/p>\n","protected":false},"author":1,"featured_media":58893,"comment_status":"open","ping_status":"open","sticky":false,"template":"","format":"standard","meta":{"footnotes":""},"categories":[9],"tags":[],"class_list":["post-58892","post","type-post","status-publish","format-standard","has-post-thumbnail","hentry","category-sports"],"_links":{"self":[{"href":"https:\/\/dekkbi.com\/index.php?rest_route=\/wp\/v2\/posts\/58892","targetHints":{"allow":["GET"]}}],"collection":[{"href":"https:\/\/dekkbi.com\/index.php?rest_route=\/wp\/v2\/posts"}],"about":[{"href":"https:\/\/dekkbi.com\/index.php?rest_route=\/wp\/v2\/types\/post"}],"author":[{"embeddable":true,"href":"https:\/\/dekkbi.com\/index.php?rest_route=\/wp\/v2\/users\/1"}],"replies":[{"embeddable":true,"href":"https:\/\/dekkbi.com\/index.php?rest_route=%2Fwp%2Fv2%2Fcomments&post=58892"}],"version-history":[{"count":1,"href":"https:\/\/dekkbi.com\/index.php?rest_route=\/wp\/v2\/posts\/58892\/revisions"}],"predecessor-version":[{"id":58894,"href":"https:\/\/dekkbi.com\/index.php?rest_route=\/wp\/v2\/posts\/58892\/revisions\/58894"}],"wp:featuredmedia":[{"embeddable":true,"href":"https:\/\/dekkbi.com\/index.php?rest_route=\/wp\/v2\/media\/58893"}],"wp:attachment":[{"href":"https:\/\/dekkbi.com\/index.php?rest_route=%2Fwp%2Fv2%2Fmedia&parent=58892"}],"wp:term":[{"taxonomy":"category","embeddable":true,"href":"https:\/\/dekkbi.com\/index.php?rest_route=%2Fwp%2Fv2%2Fcategories&post=58892"},{"taxonomy":"post_tag","embeddable":true,"href":"https:\/\/dekkbi.com\/index.php?rest_route=%2Fwp%2Fv2%2Ftags&post=58892"}],"curies":[{"name":"wp","href":"https:\/\/api.w.org\/{rel}","templated":true}]}}