{"id":58855,"date":"2025-06-26T09:44:34","date_gmt":"2025-06-26T09:44:34","guid":{"rendered":"https:\/\/dekkbi.com\/?p=58855"},"modified":"2025-06-26T09:44:48","modified_gmt":"2025-06-26T09:44:48","slug":"le-communique-du-conseil-des-ministres-du-mercredi-25-juin-2025","status":"publish","type":"post","link":"https:\/\/dekkbi.com\/?p=58855","title":{"rendered":"Le communiqu\u00e9 du Conseil des ministres du mercredi 25 juin 2025"},"content":{"rendered":"\n<p>Le Chef de l\u2019Etat, Son Excellence, Monsieur Bassirou Diomaye Diakhar FAYE a pr\u00e9sid\u00e9, ce mercredi 25 juin 2025, la r\u00e9union hebdomadaire du Conseil des Ministres, au Palais de la R\u00e9publique.<\/p>\n\n\n\n<p>A l\u2019entame de sa communication, le Pr\u00e9sident de la R\u00e9publique a rappel\u00e9 au Gouvernement l\u2019imp\u00e9ratif de prendre toutes les mesures et dispositions idoines en vue<br>d\u2019assurer, sur l\u2019\u00e9tendue du territoire national, une bonne organisation des examens et concours, notamment le Baccalaur\u00e9at g\u00e9n\u00e9ral et le Brevet de Fin d\u2019Etudes moyennes (BFEM).<\/p>\n\n\n\n<p>Il a adress\u00e9 ses encouragements \u00e0 tous les candidats et exhort\u00e9 l\u2019ensemble des acteurs de la communaut\u00e9 \u00e9ducative (enseignants, apprenants, parents d\u2019\u00e9l\u00e8ves, personnels administratifs<br>et techniques\u2026) \u00e0 \u0153uvrer sans rel\u00e2che pour l\u2019excellence, la stabilit\u00e9 et le rayonnement du syst\u00e8me \u00e9ducatif national. Il a inform\u00e9 qu\u2019il pr\u00e9sidera la c\u00e9r\u00e9monie de remise des prix aux<br>laur\u00e9ats du Concours g\u00e9n\u00e9ral, le 31 juillet 2025.<\/p>\n\n\n\n<p>Le Chef de l\u2019Etat est revenu sur la place fondamentale de l\u2019enseignement sup\u00e9rieur dans l\u2019Agenda national de Transformation. Le d\u00e9veloppement de l\u2019enseignement sup\u00e9rieur, de la<br>recherche et de l\u2019innovation reste le socle de la valorisation du capital humain national et de la transformation syst\u00e9mique durable du S\u00e9n\u00e9gal. D\u00e8s lors, il a rappel\u00e9 au Gouvernement,<br>l\u2019urgence de prendre les dispositions pr\u00e9ventives ad\u00e9quates, en liaison avec toutes les parties prenantes, afin d\u2019assurer la continuit\u00e9 acad\u00e9mique et la stabilit\u00e9 sociale dans les universit\u00e9s et<br>\u00e9tablissements d\u2019enseignement sup\u00e9rieur publics. A cet effet, il a soulign\u00e9 l\u2019importance d\u2019une parfaite maitrise :<\/p>\n\n\n\n<p>\u2013 du calendrier universitaire au regard du respect des prescriptions du syst\u00e8me LMD ;<br>\u2013 du d\u00e9veloppement fonctionnel de la carte universitaire avec une reprise en main et<br>une r\u00e9ception dans les d\u00e9lais des infrastructures universitaires dans les r\u00e9gions ;<br>\u2013 des orientations des futurs bacheliers ;<\/p>\n\n\n\n<p>\u2013 des ressources et charges des universit\u00e9s, \u00e9tablissements d\u2019enseignement sup\u00e9rieurs<br>et Centres des \u0152uvres sociales universitaires ;<br>\u2013 et des quotas de recrutements d\u2019enseignants et de personnels administratifs,<br>techniques et de service en relation avec les recteurs.<\/p>\n\n\n\n<p>Le Pr\u00e9sident de la R\u00e9publique a indiqu\u00e9 au Ministre de l\u2019Enseignement sup\u00e9rieur, de la Recherche et de l\u2019Innovation et au Ministre des Finances et du Budget l\u2019exigence de veiller au<br>renforcement syst\u00e9matique de la gouvernance financi\u00e8re des universit\u00e9s publiques et des Centres des \u0152uvres sociales universitaires. Par ailleurs, il a demand\u00e9 au Ministre de<br>l\u2019Enseignement sup\u00e9rieur, de la Recherche et de l\u2019Innovation d\u2019engager des concertations sp\u00e9cifiques avec les acteurs de l\u2019enseignement sup\u00e9rieur priv\u00e9 afin de b\u00e2tir, dans la dur\u00e9e, un<br>mod\u00e8le d\u2019enseignement et de recherche int\u00e9gr\u00e9, performant, plus professionnalisant et mieux \u00e0 m\u00eame de porter l\u2019Agenda national de Transformation. Les recommandations qui seront<br>issues des travaux men\u00e9s dans le cadre de l\u2019Agenda national de Transformation de l\u2019Enseignement sup\u00e9rieur, de la Recherche et de l\u2019Innovation (ANTESRI) feront l\u2019objet d\u2019une<br>attention particuli\u00e8re.<\/p>\n\n\n\n<p>La vision d\u2019un S\u00e9n\u00e9gal souverain, juste et prosp\u00e8re accorde une priorit\u00e9 essentielle \u00e0 la prise en charge et \u00e0 l\u2019accompagnement des personnes en situation de handicap. Le Chef de<br>l\u2019Etat a rappel\u00e9 au Gouvernement, la n\u00e9cessit\u00e9 d\u2019une \u00e9valuation inclusive de la loi d\u2019orientation sociale n\u00b0 2010-15 du 06 juillet 2010 relative \u00e0 la promotion et \u00e0 la protection<br>des droits des personnes handicap\u00e9es et de l\u2019application des dispositifs concernant la carte d\u2019\u00e9galit\u00e9 des chances. Il a \u00e9galement indiqu\u00e9 la n\u00e9cessit\u00e9 d\u2019une meilleure implication des<br>personnes vivant avec un handicap dans la vie institutionnelle, administrative, \u00e9conomique, sociale, culturelle nationale, etc. A cet \u00e9gard, il a invit\u00e9 le Gouvernement \u00e0 accorder un<br>traitement sp\u00e9cial aux demandes des personnes vivant avec un handicap, s\u2019agissant, d\u2019une part, des proc\u00e9dures de recrutement dans le secteur public et, d\u2019autre part, dans les formations et<br>financements pilot\u00e9s par les diff\u00e9rentes structures publiques.<\/p>\n\n\n\n<p>Par ailleurs, le Pr\u00e9sident de la R\u00e9publique a demand\u00e9 au Gouvernement, notamment aux Ministres en charge de l\u2019Urbanisme et des Transports terrestres, de veiller \u00e0 l\u2019am\u00e9lioration de<br>l\u2019accessibilit\u00e9 des b\u00e2timents et moyens de transports publics aux personnes en situation de handicap. Enfin, dans le but de renforcer l\u2019inclusion sociale et la solidarit\u00e9 nationale, il a invit\u00e9<br>le Ministre de la Famille et des Solidarit\u00e9s d\u2019organiser, avant la fin de l\u2019ann\u00e9e 2025, des concertations nationales sur le renforcement de la protection et du bien-\u00eatre des personnes en<br>situation de handicap.<\/p>\n\n\n\n<p>Le Chef de l\u2019Etat est revenu sur la probl\u00e9matique de la gestion du patrimoine b\u00e2ti de l\u2019Etat. L\u2019inventaire, l\u2019entretien et la gestion exemplaire des b\u00e2timents administratifs et des<br>\u00e9difices publics restent des piliers d\u2019une gouvernance publique transparente. Il a demand\u00e9 au Premier Ministre de proposer, sur la base des missions compl\u00e9mentaires de la Soci\u00e9t\u00e9 de<br>Gestion et d\u2019Exploitation du Patrimoine b\u00e2ti de l\u2019Etat (SOGEPA) et de l\u2019Agence de Construction des B\u00e2timents et Edifices publics (ACBEP) une politique d\u2019occupation, de<br>r\u00e9habilitation et de construction de b\u00e2timents et d\u2019\u00e9difices publics. En outre, il a demand\u00e9 au Premier Ministre de faire proc\u00e9der \u00e0 l\u2019inventaire exhaustif des b\u00e2timents administratifs et<br>terrains affect\u00e9s \u00e0 chaque minist\u00e8re et de signaler l\u2019\u00e9tat des besoins en espaces de bureaux, ainsi que les projets de construction d\u2019\u00e9difices inachev\u00e9s, et de rationaliser au strict minimum<br>les conventions sign\u00e9es pour loger des services publics.<\/p>\n\n\n\n<p>Au titre de son agenda diplomatique, le Pr\u00e9sident de la R\u00e9publique a inform\u00e9 le Conseil qu\u2019il participera du 30 juin au 02 juillet 2025 \u00e0 S\u00e9ville, en Espagne, \u00e0 la 4\u00e8me Conf\u00e9rence<br>internationale sur le financement du d\u00e9veloppement. Il prendra part \u00e9galement le samedi 05 juillet 2025 au 50\u00e8me anniversaire de l\u2019Ind\u00e9pendance de Cabo Verde.<\/p>\n\n\n\n<p>AU TITRE DES COMMUNICATIONS DES MINISTRES :<\/p>\n\n\n\n<p>\u2013 le Ministre de l\u2019Urbanisme, des Collectivit\u00e9s territoriales et de l\u2019Am\u00e9nagement des Territoires a fait une communication sur l\u2019am\u00e9nagement des zones de Mbour 4 et de la<br>Nouvelle ville de Thi\u00e8s.<\/p>\n\n\n\n<p>AU TITRE DES TEXTES LEGISLATIFS ET REGLEMENTAIRES,<br>le Conseil a examin\u00e9 et adopt\u00e9 :<\/p>\n\n\n\n<p>\u2013 le Projet de loi autorisant le Pr\u00e9sident de la R\u00e9publique \u00e0 ratifier l\u2019Accord de coop\u00e9ration militaire et technique entre le Gouvernement de la R\u00e9publique du S\u00e9n\u00e9gal et le<br>Gouvernement de la R\u00e9publique du Congo, sign\u00e9 le 08 novembre 2018, \u00e0 Dakar.<\/p>\n\n\n\n<p>AU TITRE DES MESURES INDIVIDUELLES,<\/p>\n\n\n\n<p>le Pr\u00e9sident de la R\u00e9publique a pris les d\u00e9cisions suivantes :<\/p>\n\n\n\n<p>Au titre du Minist\u00e8re de la Justice :<\/p>\n\n\n\n<p>\uf0b7 Monsieur Maguette DIOP, Greffier, matricule de solde n\u00b0 622 476\/C, titulaire d\u2019une<br>ma\u00eetrise en Administration publique, est nomm\u00e9 Pr\u00e9sident du Comit\u00e9 de gestion de l\u2019Ecole<br>nationale d\u2019Administration p\u00e9nitentiaire (ENAP), en remplacement de Monsieur Amady<br>Gnagna CISS\u00c9.<\/p>\n\n\n\n<p>Au titre du Minist\u00e8re de l\u2019Int\u00e9rieur et de la S\u00e9curit\u00e9 publique :<\/p>\n\n\n\n<p>\uf0b7 Monsieur Oumar Ngalla NDIAYE, Administrateur civil, matricule de solde n\u00b0 722 189\/E,<br>pr\u00e9c\u00e9demment Adjoint au Gouverneur de la r\u00e9gion de Dakar charg\u00e9 des Affaires<br>administratives, est nomm\u00e9 Pr\u00e9fet du D\u00e9partement de Birkelane, r\u00e9gion de Kaffrine, poste<br>vacant.<\/p>\n\n\n\n<p>Au titre du Minist\u00e8re de l\u2019Enseignement sup\u00e9rieur, de la Recherche et de l\u2019Innovation :<\/p>\n\n\n\n<p>\uf0b7 Madame Mame Penda BA, Professeur agr\u00e9g\u00e9 en sciences politiques, est nomm\u00e9e<br>Directeur du Financement des Etablissements d\u2019Enseignement sup\u00e9rieur au Minist\u00e8re de<br>l\u2019Enseignement sup\u00e9rieur, de la Recherche et de l\u2019Innovation, poste vacant.<\/p>\n\n\n\n<p>Au titre du Minist\u00e8re de la Sant\u00e9 et de l\u2019Action sociale :<\/p>\n\n\n\n<p>\uf0b7 Monsieur Mouhamadou Abdoulaye SAKHO, titulaire d\u2019un Doctorat en Pharmacie et d\u2019un<br>Dipl\u00f4me d\u2019\u00c9tudes sup\u00e9rieures sp\u00e9cialis\u00e9es en Gestion des services de sant\u00e9, en service \u00e0<br>l\u2019h\u00f4pital Mame Abdou Aziz Dabakh SY de Tivaouane, est nomm\u00e9 Directeur des \u00c9tablissements<br>publics de Sant\u00e9, en remplacement de Monsieur Ousmane DIA.<\/p>\n\n\n\n<p>\uf0b7 Madame Mariama CISSOKHO, \u00c9conomiste, titulaire d\u2019un MBA en Gestion des Services de<br>Sant\u00e9, pr\u00e9c\u00e9demment Chef des Services administratifs et financiers au Centre hospitalier<br>r\u00e9gional Ahmadou Sakhir NDIEGUENE de Thi\u00e8s, est nomm\u00e9e Directeur dudit \u00e9tablissement,<br>en remplacement de Docteur Alioune FAYE.<\/p>\n\n\n\n<p>\uf0b7 Monsieur Samba GUEYE, \u00c9conomiste, Administrateur des Services de sant\u00e9, matricule de<br>solde n\u00b0 607 735\/D, pr\u00e9c\u00e9demment Directeur du Centre hospitalier national psychiatrique de<br>Thiaroye, est nomm\u00e9 Directeur du Centre hospitalier national DALAL DIAM, en remplacement<br>de Monsieur Moussa Sam DAFF.<\/p>\n\n\n\n<p>\uf0b7 Monsieur Ibra DIAGNE, Psychiatre, titulaire d\u2019un Doctorat en M\u00e9decine, pr\u00e9c\u00e9demment<br>Responsable des \u00e9quipes d\u2019Intervention et de Soutien psychosocial au Centre des Op\u00e9rations<br>d\u2019Urgence sanitaire (COUS), est nomm\u00e9 Directeur du Centre hospitalier national psychiatrique<br>de Thiaroye, en remplacement de Monsieur Samba GUEYE, appel\u00e9 \u00e0 d\u2019autres fonctions.<\/p>\n\n\n\n<p>\uf0b7 Monsieur Aboubacar TRAORE, titulaire d\u2019un Doctorat en M\u00e9decine et d\u2019un Master en<br>Sant\u00e9 publique, pr\u00e9c\u00e9demment chirurgien-urologue \u00e0 l\u2019h\u00f4pital de la Paix de Ziguinchor, est<br>nomm\u00e9 Directeur du Centre hospitalier r\u00e9gional Amadou Tidiane BA de S\u00e9dhiou, en<br>remplacement de Monsieur Ousmane SECK.<\/p>\n\n\n\n<p>\uf0b7 Monsieur Daouda SECK, titulaire d\u2019un Doctorat en M\u00e9decine et d\u2019un Master sp\u00e9cialis\u00e9 en<br>sant\u00e9 publique, sp\u00e9cialiste en management de projets multicentriques, est nomm\u00e9 Directeur<br>du Centre national de Transfusion sanguine, en remplacement du Professeur Saliou DIOP.<\/p>\n\n\n\n<p>\uf0b7 Monsieur ElHadji Mansour DIOP, titulaire d\u2019un Doctorat en M\u00e9decine et d\u2019un Master en<br>management des Services de sant\u00e9, est nomm\u00e9 Directeur du Centre hospitalier national<br>Aristide LE DANTEC, en remplacement du Docteur Babacar THIANDOUM.<\/p>\n\n\n\n<p>\uf0b7 Monsieur Oumar MBAYE, titulaire d\u2019un Doctorat d\u2019Etat en m\u00e9decine et d\u2019un Master en<br>Management des structures de sant\u00e9, est nomm\u00e9 Directeur de l\u2019H\u00f4pital Abdoul Ciss\u00e9 KANE<br>des Agnams, en remplacement du Docteur Abdoulaye SOW.<\/p>\n\n\n\n<p>\uf0b7 Monsieur Mahib Badiane, titulaire d\u2019un Doctorat d\u2019Etat en Pharmacie et \u00c9conomiste de la<br>Sant\u00e9, est nomm\u00e9 Directeur du Centre hospitalier national El Hadji Malick SY de Tivaouane,<br>en remplacement de Monsieur Babacar SENE.<\/p>\n\n\n\n<p>Au titre du Minist\u00e8re de la Fonction publique et de la R\u00e9forme du Service public :<\/p>\n\n\n\n<p>\uf0b7 Monsieur Serigne Mansour FAYE, Ing\u00e9nieur informaticien, matricule de solde n\u00b0 696<br>783\/A, est nomm\u00e9 Directeur des Syst\u00e8mes d\u2019Informations au Minist\u00e8re de la Fonction<br>publique et de la R\u00e9forme du Service public, poste vacant.<\/p>\n\n\n\n<p>Au titre du Minist\u00e8re de l\u2019Agriculture, de la Souverainet\u00e9 alimentaire et de<br>l\u2019Elevage :<\/p>\n\n\n\n<p>\uf0b7 Monsieur Sanoussy SANE, Expert en \u00e9conomie solidaire et en gouvernance sociale, est<br>nomm\u00e9 Pr\u00e9sident du Conseil d\u2019Administration de l\u2019Institut national de P\u00e9dologie (INP), en<br>remplacement de Monsieur Paul FAYE.<\/p>\n\n\n\n<p>\uf0b7 Monsieur Mamadou Boye DIALLO, Juriste financier, matricule de solde<br>n\u00b0 642 620\/Z, pr\u00e9c\u00e9demment Inspecteur des Affaires administratives et financi\u00e8res au<br>Minist\u00e8re de l\u2019Agriculture, de la Souverainet\u00e9 alimentaire et de l\u2019Elevage, est nomm\u00e9<br>Secr\u00e9taire g\u00e9n\u00e9ral de l\u2019Agence nationale d\u2019Insertion et de D\u00e9veloppement agricole (ANIDA)<br>en remplacement de Monsieur Ousmane NDAO, admis \u00e0 faire valoir ses droits \u00e0 une pension<br>de retraite.<\/p>\n\n\n\n<p>\uf0b7 Monsieur Youssoupha BA, Ing\u00e9nieur agronome, matricule de solde<br>n\u00b0 604 751\/G, est nomm\u00e9 Secr\u00e9taire g\u00e9n\u00e9ral de l\u2019Institut s\u00e9n\u00e9galais de Recherches agricoles<br>(ISRA) , en remplacement de Monsieur Abdou Aziz NGOM, appel\u00e9 \u00e0 d\u2019autres fonctions.<\/p>\n\n\n\n<p>\uf0b7 Monsieur Cheikh Tidiane LY, Economiste, matricule de solde n\u00b0 709 190\/X,<br>pr\u00e9c\u00e9demment Inspecteur technique au Minist\u00e8re de l\u2019Agriculture, de la Souverainet\u00e9<br>alimentaire et de l\u2019Elevage, est nomm\u00e9 Inspecteur des Affaires administratives et financi\u00e8res<br>au Minist\u00e8re de l\u2019Agriculture, de la Souverainet\u00e9 alimentaire et de l\u2019Elevage en remplacement<br>de Monsieur Mamadou Boye DIALLO, appel\u00e9 \u00e0 d\u2019autres fonctions.<\/p>\n\n\n\n<p>\uf0b7 Madame Tacko DIAWARA, Ing\u00e9nieur agronome, matricule de solde n\u00b0 618 718\/A, est<br>nomm\u00e9e Directrice r\u00e9gionale de l\u2019Agriculture et du D\u00e9veloppement rural de Thi\u00e8s, en<br>remplacement de Monsieur Abiboulaye SIDIBE, admis \u00e0 faire valoir ses droits \u00e0 une pension<br>de retraite.<\/p>\n\n\n\n<p>\uf0b7 Monsieur Casimir Adrien SAMBOU, Ing\u00e9nieur agronome, matricule de solde n\u00b0 515<br>133\/H, est nomm\u00e9 Directeur r\u00e9gional de l\u2019Agriculture et du D\u00e9veloppement rural de<br>Ziguinchor, en remplacement de Monsieur Jean Paul BAMPOKY, appel\u00e9 \u00e0 d\u2019autres fonctions.<\/p>\n\n\n\n<p>\uf0b7 Madame Malado SEYE, Ing\u00e9nieur agronome, matricule de solde<br>n\u00b0 606 367\/H, est nomm\u00e9e Directrice r\u00e9gionale de l\u2019Agriculture et du D\u00e9veloppement rural<br>de Saint Louis, en remplacement de Madame Tacko DIAWARA, appel\u00e9e \u00e0 d\u2019autres fonctions.<\/p>\n\n\n\n<p>\uf0b7 Monsieur Abdou Karim CISSE, Ing\u00e9nieur du G\u00e9nie rural, matricule de solde n\u00b0 619 875\/H,<br>est nomm\u00e9 Directeur r\u00e9gional de l\u2019Agriculture et du D\u00e9veloppement rural de Kolda, en<br>remplacement de Monsieur Hamadou BALDE, admis \u00e0 faire valoir ses droits \u00e0 une pension<br>de retraite.<\/p>\n\n\n\n<p>\uf0b7 Monsieur Cheikh Ahmed Tidiane DIENG, Ing\u00e9nieur agronome, matricule de solde n\u00b0<br>699 702\/C, est nomm\u00e9 Directeur r\u00e9gional de l\u2019Agriculture et du D\u00e9veloppement rural de<br>Kaolack, Poste vacant.<\/p>\n\n\n\n<p>\uf0b7 Madame Mame Fama KEBE, Ing\u00e9nieur agronome, matricule de solde<br>n\u00b0 734 696\/E, est nomm\u00e9e Directrice r\u00e9gionale de l\u2019Agriculture et du D\u00e9veloppement rural<br>de Matam, en remplacement de Monsieur Cheikh Ahmed Tidiane DIENG, appel\u00e9 \u00e0 d\u2019autres<br>fonctions.<\/p>\n\n\n\n<p>\uf0b7 Monsieur Samba GAYE, Ing\u00e9nieur agronome, matricule de solde<br>n\u00b0 663 623\/D, est nomm\u00e9 Directeur r\u00e9gional de l\u2019Agriculture et du D\u00e9veloppement rural de<br>S\u00e9dhiou, en remplacement de Monsieur Casimir Adrien SAMBOU, appel\u00e9 \u00e0 d\u2019autres fonctions.<\/p>\n\n\n\n<p>\uf0b7 Madame Mame Fatou DIOP, Ing\u00e9nieur agronome, matricule de solde<br>n\u00b0 666 599\/A, est nomm\u00e9e Directrice r\u00e9gionale de l\u2019Agriculture et du D\u00e9veloppement rural<br>de Fatick, en remplacement de Monsieur Abdoulaye CAMARA, admis \u00e0 faire valoir ses droits<br>\u00e0 une pension de retraite.<\/p>\n\n\n\n<p>\uf0b7 Monsieur Mouhamed Moustapha SARR, Docteur v\u00e9t\u00e9rinaire, matricule de solde n\u00b0 664<br>014\/A, est nomm\u00e9 Directeur r\u00e9gional de l\u2019Elevage et des Productions animales de Saint Louis,<br>en remplacement de Monsieur Evariste Jean Christoph Togut BASSENE, appel\u00e9 \u00e0 d\u2019autres<br>fonctions.<\/p>\n\n\n\n<p>\uf0b7 Monsieur El Hadji SOW, Docteur v\u00e9t\u00e9rinaire, matricule de solde n\u00b0 689 589\/A, est nomm\u00e9<br>Directeur r\u00e9gional de l\u2019Elevage et des Productions animales de Ziguinchor, en remplacement<br>de Monsieur Mouhamed Moustapha SARR, appel\u00e9 \u00e0 d\u2019autres fonctions.<\/p>\n\n\n\n<p>\uf0b7 Monsieur Thierno FALL, Docteur v\u00e9t\u00e9rinaire, matricule de solde n\u00b0 751 123\/A, est nomm\u00e9<br>Directeur r\u00e9gional de l\u2019Elevage et des Productions animales de K\u00e9dougou, en remplacement<br>de Monsieur El Hadji SOW, appel\u00e9 \u00e0 d\u2019autres fonctions.<\/p>\n\n\n\n<p>Au titre du Minist\u00e8re de la Microfinance et de l\u2019Economie sociale et solidaire :<\/p>\n\n\n\n<p>\uf0b7 Monsieur Abdou DIAW, Expert en Finance Islamique, pr\u00e9c\u00e9demment Coordonnateur<br>national du Programme de D\u00e9veloppement de la Microfinance islamique, est nomm\u00e9<br>Administrateur g\u00e9n\u00e9ral du Fonds de D\u00e9veloppement de la Microfinance islamique (FDMI).<\/p>\n\n\n\n<p>Le Ministre de la Formation professionnelle et technique,<br>Porte-parole du Gouvernement<br>Amadou Moustapha Njekk SARRE<\/p>\n","protected":false},"excerpt":{"rendered":"<p>Le Chef de l\u2019Etat, Son Excellence, Monsieur Bassirou Diomaye Diakhar FAYE a pr\u00e9sid\u00e9, ce mercredi 25 juin 2025, la r\u00e9union<\/p>\n","protected":false},"author":1,"featured_media":50140,"comment_status":"open","ping_status":"open","sticky":false,"template":"","format":"standard","meta":{"footnotes":""},"categories":[6],"tags":[],"class_list":["post-58855","post","type-post","status-publish","format-standard","has-post-thumbnail","hentry","category-politics"],"_links":{"self":[{"href":"https:\/\/dekkbi.com\/index.php?rest_route=\/wp\/v2\/posts\/58855","targetHints":{"allow":["GET"]}}],"collection":[{"href":"https:\/\/dekkbi.com\/index.php?rest_route=\/wp\/v2\/posts"}],"about":[{"href":"https:\/\/dekkbi.com\/index.php?rest_route=\/wp\/v2\/types\/post"}],"author":[{"embeddable":true,"href":"https:\/\/dekkbi.com\/index.php?rest_route=\/wp\/v2\/users\/1"}],"replies":[{"embeddable":true,"href":"https:\/\/dekkbi.com\/index.php?rest_route=%2Fwp%2Fv2%2Fcomments&post=58855"}],"version-history":[{"count":1,"href":"https:\/\/dekkbi.com\/index.php?rest_route=\/wp\/v2\/posts\/58855\/revisions"}],"predecessor-version":[{"id":58856,"href":"https:\/\/dekkbi.com\/index.php?rest_route=\/wp\/v2\/posts\/58855\/revisions\/58856"}],"wp:featuredmedia":[{"embeddable":true,"href":"https:\/\/dekkbi.com\/index.php?rest_route=\/wp\/v2\/media\/50140"}],"wp:attachment":[{"href":"https:\/\/dekkbi.com\/index.php?rest_route=%2Fwp%2Fv2%2Fmedia&parent=58855"}],"wp:term":[{"taxonomy":"category","embeddable":true,"href":"https:\/\/dekkbi.com\/index.php?rest_route=%2Fwp%2Fv2%2Fcategories&post=58855"},{"taxonomy":"post_tag","embeddable":true,"href":"https:\/\/dekkbi.com\/index.php?rest_route=%2Fwp%2Fv2%2Ftags&post=58855"}],"curies":[{"name":"wp","href":"https:\/\/api.w.org\/{rel}","templated":true}]}}