{"id":5885,"date":"2023-01-05T11:59:36","date_gmt":"2023-01-05T11:59:36","guid":{"rendered":"https:\/\/dekkbi.com\/?p=5885"},"modified":"2023-01-05T11:59:37","modified_gmt":"2023-01-05T11:59:37","slug":"que-reserve-le-casque-de-realite-mixte-dapple-attendu-pour-2023","status":"publish","type":"post","link":"https:\/\/dekkbi.com\/?p=5885","title":{"rendered":"Que r\u00e9serve le casque de r\u00e9alit\u00e9 mixte d\u2019Apple, attendu pour 2023?"},"content":{"rendered":"\n<p>Voil\u00e0 huit ans qu\u2019Appel travaille sur le projet, huit que les fans de la marque \u00e0 la pomme l\u2019attendent avec impatience. En 2023, la soci\u00e9t\u00e9 de Cupertino pourrait enfin d\u00e9voiler son casque de r\u00e9alit\u00e9 mixte. Ce 3 janvier, le site The Information a d\u00e9voil\u00e9 en primeur les caract\u00e9ristiques de ce futur bijou de technologie qui, nous vous l\u2019annon\u00e7ons d\u2019embl\u00e9e, ne devrait pas permettre de jouer \u00e0 des jeux vid\u00e9o.<\/p>\n\n\n\n<p><strong>\u00a0<\/strong><strong>Source:<\/strong>\u00a0The Information<\/p>\n\n\n\n<p><\/p>\n\n\n\n<p>Avant d\u2019expliquer plus avant les fonctionnalit\u00e9s du casque d\u2019Apple, attardons-nous d\u2019abord sur ce qu\u2019est la r\u00e9alit\u00e9 mixte. Comme son nom le laisse deviner, il s\u2019agit d\u2019une fusion entre la r\u00e9alit\u00e9 virtuelle et le monde r\u00e9el, o\u00f9 objets physiques et num\u00e9riques coexistent et interagissent en temps r\u00e9el. Il s\u2019agit une version am\u00e9lior\u00e9e de la r\u00e9alit\u00e9 augment\u00e9e, celle-l\u00e0 m\u00eame qui vous permet d\u2019ajouter des filtres \u00e0 vos selfies et vid\u00e9os sur Snapchat, Instagram ou TikTok.<\/p>\n\n\n\n<h2 class=\"wp-block-heading\">Briser l\u2019isolement<\/h2>\n\n\n\n<p>Selon The Information, le futur produit d\u2019Apple ressemblera davantage \u00e0 une paire de lunettes de ski qu\u2019\u00e0 un casque de VR classique. Il sera compos\u00e9 de trois \u00e9crans: deux 4K \u00e0 l\u2019int\u00e9rieur, pour chaque \u0153il, et un troisi\u00e8me sur la surface externe de l\u2019appareil, qui permettra de recr\u00e9er les expressions du porteur. Cela a pour but de casser l\u2019isolement intrins\u00e8que aux casques VR, note le site sp\u00e9cialis\u00e9 dans les nouvelles technologies. Le champ de vision du porteur devrait \u00eatre de 120\u00b0, contre 106\u00b0 pour le Meta Quest Pro de Mark Zuckerberg. Une molette, situ\u00e9e sur le c\u00f4t\u00e9 du casque, devrait, par ailleurs, permettre \u00e0 l\u2019utilisateur de passer du mode \u201cr\u00e9alit\u00e9 augment\u00e9e\u201d au mode \u201cvirtuel\u201d en un rien de temps.<\/p>\n\n\n\n<p>Le casque \u00e0 la pomme devrait \u00eatre fabriqu\u00e9 avec des mat\u00e9riaux l\u00e9gers, offrant un port plus confortable, tels que l\u2019aluminium, le verre et la fibre de carbone. Par ailleurs, le bandeau de maintien serait fait du m\u00eame mat\u00e9riau que celui des bracelets \u201csportifs\u201d de l\u2019Apple Watch, le fluoro\u00e9lastom\u00e8re. Pour r\u00e9duire encore le poids du casque, Apple a mis\u00e9 sur une batterie amovible \u00e0 attacher \u00e0 la ceinture, reli\u00e9e par un c\u00e2ble MagSafe. L\u2019automobile de cette batterie devrait avoisiner les deux heures.<\/p>\n\n\n\n<h2 class=\"wp-block-heading\">Outil pratique, mais pas vid\u00e9oludique<\/h2>\n\n\n\n<p>Nous l\u2019\u00e9voquions plus haut, le casque de r\u00e9alit\u00e9 mixte n\u2019a pas vocation \u00e0 \u00eatre utilis\u00e9 comme support pour les jeux vid\u00e9o, mais plut\u00f4t comme un outil pour les vid\u00e9oconf\u00e9rences. Selon The Information, Apple envisage \u00e9galement de miser sur l\u2019\u00e9ducation, en d\u00e9veloppant des applications p\u00e9dagogiques en r\u00e9alit\u00e9 augment\u00e9e sp\u00e9cialement con\u00e7ues pour ses lunettes high-tech. Elles devraient \u00e9galement permettre d\u2019utiliser Maps pour s\u2019orienter.<\/p>\n\n\n\n<p>Le casque de r\u00e9alit\u00e9 mixte d\u2019Apple est attendu aux environs de 1.400 \u00e0 2.800 euros, contre 1.800 euros pour le Meta Quest Pro et entre 3.850 et 5.800 euros pour le HoloLens 2 de Microsoft. \u00c0 ce jour, aucune date de sortie n\u2019a encore \u00e9t\u00e9 annonc\u00e9e.<\/p>\n","protected":false},"excerpt":{"rendered":"<p>Voil\u00e0 huit ans qu\u2019Appel travaille sur le projet, huit que les fans de la marque \u00e0 la pomme l\u2019attendent avec<\/p>\n","protected":false},"author":1,"featured_media":5886,"comment_status":"open","ping_status":"open","sticky":false,"template":"","format":"standard","meta":{"footnotes":""},"categories":[46],"tags":[],"class_list":["post-5885","post","type-post","status-publish","format-standard","has-post-thumbnail","hentry","category-technology"],"_links":{"self":[{"href":"https:\/\/dekkbi.com\/index.php?rest_route=\/wp\/v2\/posts\/5885","targetHints":{"allow":["GET"]}}],"collection":[{"href":"https:\/\/dekkbi.com\/index.php?rest_route=\/wp\/v2\/posts"}],"about":[{"href":"https:\/\/dekkbi.com\/index.php?rest_route=\/wp\/v2\/types\/post"}],"author":[{"embeddable":true,"href":"https:\/\/dekkbi.com\/index.php?rest_route=\/wp\/v2\/users\/1"}],"replies":[{"embeddable":true,"href":"https:\/\/dekkbi.com\/index.php?rest_route=%2Fwp%2Fv2%2Fcomments&post=5885"}],"version-history":[{"count":1,"href":"https:\/\/dekkbi.com\/index.php?rest_route=\/wp\/v2\/posts\/5885\/revisions"}],"predecessor-version":[{"id":5887,"href":"https:\/\/dekkbi.com\/index.php?rest_route=\/wp\/v2\/posts\/5885\/revisions\/5887"}],"wp:featuredmedia":[{"embeddable":true,"href":"https:\/\/dekkbi.com\/index.php?rest_route=\/wp\/v2\/media\/5886"}],"wp:attachment":[{"href":"https:\/\/dekkbi.com\/index.php?rest_route=%2Fwp%2Fv2%2Fmedia&parent=5885"}],"wp:term":[{"taxonomy":"category","embeddable":true,"href":"https:\/\/dekkbi.com\/index.php?rest_route=%2Fwp%2Fv2%2Fcategories&post=5885"},{"taxonomy":"post_tag","embeddable":true,"href":"https:\/\/dekkbi.com\/index.php?rest_route=%2Fwp%2Fv2%2Ftags&post=5885"}],"curies":[{"name":"wp","href":"https:\/\/api.w.org\/{rel}","templated":true}]}}