{"id":58849,"date":"2025-06-26T09:30:40","date_gmt":"2025-06-26T09:30:40","guid":{"rendered":"https:\/\/dekkbi.com\/?p=58849"},"modified":"2025-06-26T11:40:55","modified_gmt":"2025-06-26T11:40:55","slug":"lancement-des-certifications-de-competences-professionnelles-lisep-de-mbacke-aspire-a-etre-le-premier-campus-vert-de-lafrique-de-louest","status":"publish","type":"post","link":"https:\/\/dekkbi.com\/?p=58849","title":{"rendered":"Lancement des certifications de comp\u00e9tences professionnelles"},"content":{"rendered":"\n<p>l\u2019ISEP de Mback\u00e9 aspire \u00e0 \u00eatre le premier campus vert de l\u2019Afrique de l\u2019Ouest &#8211; <strong>Hier, mercredi 25 juin, s\u2019est d\u00e9roul\u00e9 le lancement officiel des Certifications de Comp\u00e9tences Professionnelles (CCP) de l\u2019ISEP de Mback\u00e9 et de la plateforme num\u00e9rique secteur priv\u00e9 ER\/ EE-RISEP. Ce projet qui s\u2019inscrit dans le cadre de sa strat\u00e9gie de durabilit\u00e9 est accompagn\u00e9 par deux partenaires internationaux r\u00e9unis autour de la coop\u00e9ration allemande \u00e0 savoir la KFW (la banque de financement allemande). Il a pour objectif de faire de l\u2019ISEP de Mback\u00e9, un mod\u00e8le en termes de formation en \u00e9nergie vert.<\/strong><\/p>\n\n\n\n<p>Dans le cadre de sa strat\u00e9gie de durabilit\u00e9, l\u2019ISEP de Mback\u00e9 en collaboration avec la plateforme num\u00e9rique secteur priv\u00e9 ER\/ EE-RISEP, a proc\u00e9d\u00e9 mercredi 25 juin au lancement officiel de ses Certifications de Comp\u00e9tences Professionnelles (CCP). Accompagn\u00e9 par deux partenaires internationaux r\u00e9unis autour de la coop\u00e9ration allemande \u00e0 savoir la KFW (la banque de financement allemande) qui a octroy\u00e9 un financement \u00e0 hauteur de 15 millions d\u2019euros et de la GIZ qui a fourni un accompagnement technique, ce projet entend faire en sorte que l\u2019ISEP puisse se d\u00e9velopper et couvrir tout le S\u00e9n\u00e9gal et toute l\u2019Afrique de l\u2019Ouest.<\/p>\n\n\n\n<p>\u00ab&nbsp;Nous ne voulons pas seulement enseigner dans les \u00e9nergies renouvelables, nous voulons aussi \u00eatre ce que nous enseignons. C\u2019est-\u00e0-dire \u00eatre le premier campus vert de l\u2019Afrique de l\u2019Ouest, qui sera plus tard de l\u2019Afrique tout entier&nbsp;\u00bb, a d\u00e9clar\u00e9 Pr Amadou Wouri Ba, coordonnateur de l\u2019ISEP de Mback\u00e9.<\/p>\n\n\n\n<p>Cependant, pour donner corps \u00e0 cette strat\u00e9gie de durabilit\u00e9, les autorit\u00e9s de l\u2019ISEP de Mback\u00e9 entendent se baser sur plusieurs leviers. Et le coordonnateur&nbsp;d\u2019assurer : \u00ab Nous voulons nous baser&nbsp;sur les infrastructures \u00e9cologiques, sur une innovation p\u00e9dagogique, une gouvernance participative, sur des partenaires bien mesur\u00e9s et sur une transformation num\u00e9rique.&nbsp;\u00bb<\/p>\n\n\n\n<p>Dans son accompagnement technique \u00e0 ce projet, la GIZ a mis en scelle son expertise par rapport au d\u00e9veloppement des curriculas.<\/p>\n\n\n\n<p>\u00ab&nbsp;On est tr\u00e8s content et tr\u00e8s honor\u00e9 que nous pouvons accompagner le gouvernement S\u00e9n\u00e9galais dans la formation des experts, des jeunes pour devenir des experts dans l\u2019\u00e9nergie renouvelable et l\u2019efficacit\u00e9 \u00e9nerg\u00e9tique&nbsp;\u00bb, a d\u00e9clar\u00e9 Ulrik Ebeling, directrice r\u00e9sidente du bureau r\u00e9gional GIZ S\u00e9n\u00e9gal-Gambie.<\/p>\n\n\n\n<p>Qui plus est, elle indique&nbsp;: \u00ab&nbsp;Nous en Allemagne, nous avons aussi fait une transformation \u00e9nerg\u00e9tique et on sait que pour une transformation de cette dimension, on a besoin beaucoup de choses et aussi un des \u00e9l\u00e9ments tr\u00e8s importants sont vraiment des experts, des sp\u00e9cialistes dans les diff\u00e9rents domaines.&nbsp;\u00bb<\/p>\n\n\n\n<p>Il faut noter que l\u2019ISEP de Mback\u00e9 compte en sein 134 apprenants, dont 72 % de jeunes filles, 28 % de jeunes gar\u00e7ons. Il forme dans les domaines suivants notamment les \u00e9nergies renouvelables, l\u2019efficacit\u00e9 \u00e9nerg\u00e9tique, l\u2019\u00e9co-construction, c\u2019est-\u00e0-dire, les constructions \u00e9cologiques des b\u00e2timents pour booster l\u2019efficacit\u00e9 \u00e9nerg\u00e9tique des b\u00e2timents et r\u00e9duire la consommation en climatisation.<\/p>\n\n\n\n<p>Ousmane GOUDIABY<\/p>\n","protected":false},"excerpt":{"rendered":"<p>l\u2019ISEP de Mback\u00e9 aspire \u00e0 \u00eatre le premier campus vert de l\u2019Afrique de l\u2019Ouest &#8211; Hier, mercredi 25 juin, s\u2019est<\/p>\n","protected":false},"author":1,"featured_media":58850,"comment_status":"open","ping_status":"open","sticky":false,"template":"","format":"standard","meta":{"footnotes":""},"categories":[21],"tags":[],"class_list":["post-58849","post","type-post","status-publish","format-standard","has-post-thumbnail","hentry","category-societe"],"_links":{"self":[{"href":"https:\/\/dekkbi.com\/index.php?rest_route=\/wp\/v2\/posts\/58849","targetHints":{"allow":["GET"]}}],"collection":[{"href":"https:\/\/dekkbi.com\/index.php?rest_route=\/wp\/v2\/posts"}],"about":[{"href":"https:\/\/dekkbi.com\/index.php?rest_route=\/wp\/v2\/types\/post"}],"author":[{"embeddable":true,"href":"https:\/\/dekkbi.com\/index.php?rest_route=\/wp\/v2\/users\/1"}],"replies":[{"embeddable":true,"href":"https:\/\/dekkbi.com\/index.php?rest_route=%2Fwp%2Fv2%2Fcomments&post=58849"}],"version-history":[{"count":2,"href":"https:\/\/dekkbi.com\/index.php?rest_route=\/wp\/v2\/posts\/58849\/revisions"}],"predecessor-version":[{"id":58887,"href":"https:\/\/dekkbi.com\/index.php?rest_route=\/wp\/v2\/posts\/58849\/revisions\/58887"}],"wp:featuredmedia":[{"embeddable":true,"href":"https:\/\/dekkbi.com\/index.php?rest_route=\/wp\/v2\/media\/58850"}],"wp:attachment":[{"href":"https:\/\/dekkbi.com\/index.php?rest_route=%2Fwp%2Fv2%2Fmedia&parent=58849"}],"wp:term":[{"taxonomy":"category","embeddable":true,"href":"https:\/\/dekkbi.com\/index.php?rest_route=%2Fwp%2Fv2%2Fcategories&post=58849"},{"taxonomy":"post_tag","embeddable":true,"href":"https:\/\/dekkbi.com\/index.php?rest_route=%2Fwp%2Fv2%2Ftags&post=58849"}],"curies":[{"name":"wp","href":"https:\/\/api.w.org\/{rel}","templated":true}]}}