{"id":58845,"date":"2025-06-26T09:18:06","date_gmt":"2025-06-26T09:18:06","guid":{"rendered":"https:\/\/dekkbi.com\/?p=58845"},"modified":"2025-06-26T09:18:07","modified_gmt":"2025-06-26T09:18:07","slug":"autosuffisance-en-carotte-pomme-de-terre-et-oignon-le-gouvernement-est-sur-la-bonne-voie-dg-arm","status":"publish","type":"post","link":"https:\/\/dekkbi.com\/?p=58845","title":{"rendered":"Autosuffisance en carotte, pomme de terre et oignon : le gouvernement est sur la bonne voie (Dg Arm)\u00a0"},"content":{"rendered":"\n<p><strong>Le directeur g\u00e9n\u00e9ral de l\u2019Agence de r\u00e9gulation des march\u00e9s (Arm) a effectu\u00e9, ce mardi 25 juin, une mission de terrain en pr\u00e9lude \u00e0 la Tamkharite, au Magal et au Gamou, pour \u00e9valuer la fili\u00e8re carotte dans des zones comme Diogo, Fasse Boye et Notto, dans le d\u00e9partement de Tivaouane. Le constat, selon Babacar Semb\u00e8ne, est que le march\u00e9 est bien approvisionn\u00e9 par les producteurs locaux. Il estime que le gouvernement est sur la bonne voie pour atteindre l\u2019autosuffisance en production horticole.<\/strong><\/p>\n\n\n\n<p>Dans la perspective des f\u00eates de la Tamkharite, du Grand Magal de Touba et du Maouloud \u2014 p\u00e9riodes de forte consommation \u2014 l\u2019ARM a organis\u00e9 une tourn\u00e9e aupr\u00e8s des acteurs de la fili\u00e8re carotte dans la zone des Niayes, notamment \u00e0 Notto, Diogo et Fasse Boye. Selon Babacar Semb\u00e8ne, l\u2019objectif est d\u2019\u00e9valuer les quantit\u00e9s disponibles et d\u2019appr\u00e9cier la capacit\u00e9 des producteurs \u00e0 couvrir la demande en carottes durant ces \u00e9v\u00e8nements \u00e0 venir.<\/p>\n\n\n\n<p>M\u00eame si toutes les quantit\u00e9s ne sont pas encore r\u00e9colt\u00e9es, le DG de l\u2019ARM a pr\u00e9cis\u00e9 que le march\u00e9 est actuellement bien approvisionn\u00e9, les prix sont accessibles, et une forte production est attendue dans les prochains jours. Selon lui, la Tamkharite, le Grand Magal et le Maouloud seront bien approvisionn\u00e9s gr\u00e2ce \u00e0 la production locale.<\/p>\n\n\n\n<p>Babacar Semb\u00e8ne a affirm\u00e9 que le gouvernement du S\u00e9n\u00e9gal est sur la bonne voie pour atteindre l\u2019autosuffisance en carotte, pomme de terre, oignon, ainsi que pour d\u2019autres produits agricoles. Il a \u00e9galement indiqu\u00e9 que l\u2019\u00c9tat est en train de r\u00e9soudre les probl\u00e8mes logistiques en construisant des magasins de stockage d\u2019une capacit\u00e9 de 6 000 tonnes. Cela permettra, selon lui, d\u2019accompagner les petits producteurs et d\u2019am\u00e9liorer la qualit\u00e9 de leurs productions.<\/p>\n\n\n\n<p>Toujours selon M. Semb\u00e8ne, une chambre froide d\u2019une capacit\u00e9 de 2 000 tonnes est en construction \u00e0 Fasse Boye et sera r\u00e9ceptionn\u00e9e fin juillet. Deux autres chambres froides de la m\u00eame capacit\u00e9 sont pr\u00e9vues \u00e0 Diamniadio et \u00e0 Sangalkam, ce qui permettra de disposer d\u2019une capacit\u00e9 totale de 6 000 tonnes \u00e0 l\u2019horizon 2025. Un projet de renforcement des capacit\u00e9s de stockage et de conservation est \u00e9galement pr\u00e9vu dans la zone des Niayes et \u00e0 Cayar, et se poursuivra en 2026.<\/p>\n\n\n\n<p>L\u2019enjeu pour la fili\u00e8re horticole, selon le DG de l\u2019ARM, est de mettre fin aux difficult\u00e9s rencontr\u00e9es par les acteurs. L\u2019objectif est, selon lui, d\u2019am\u00e9liorer la commercialisation de la production locale, d\u2019augmenter les revenus des producteurs et de s\u00e9curiser la fili\u00e8re horticole au S\u00e9n\u00e9gal.<\/p>\n\n\n\n<p>De son c\u00f4t\u00e9, El Hadji Malick Pouye, coordonnateur de l\u2019interprofession carotte, a salu\u00e9 la visite, qu\u2019il juge opportune. Selon lui, les producteurs sont en mesure de satisfaire la demande, avec une production attendue de pas moins de 50 000 tonnes. Cependant, il a signal\u00e9 d\u2019\u00e9normes difficult\u00e9s, notamment dans la commercialisation et l\u2019acquisition de semences, dont le co\u00fbt ne cesse d\u2019augmenter.<\/p>\n\n\n\n<p><strong>Ibrahima Ndiaye<\/strong><br><strong>Correspondant<\/strong><\/p>\n","protected":false},"excerpt":{"rendered":"<p>Le directeur g\u00e9n\u00e9ral de l\u2019Agence de r\u00e9gulation des march\u00e9s (Arm) a effectu\u00e9, ce mardi 25 juin, une mission de terrain<\/p>\n","protected":false},"author":1,"featured_media":2739,"comment_status":"open","ping_status":"open","sticky":false,"template":"","format":"standard","meta":{"footnotes":""},"categories":[3],"tags":[],"class_list":["post-58845","post","type-post","status-publish","format-standard","has-post-thumbnail","hentry","category-event-more-news"],"_links":{"self":[{"href":"https:\/\/dekkbi.com\/index.php?rest_route=\/wp\/v2\/posts\/58845","targetHints":{"allow":["GET"]}}],"collection":[{"href":"https:\/\/dekkbi.com\/index.php?rest_route=\/wp\/v2\/posts"}],"about":[{"href":"https:\/\/dekkbi.com\/index.php?rest_route=\/wp\/v2\/types\/post"}],"author":[{"embeddable":true,"href":"https:\/\/dekkbi.com\/index.php?rest_route=\/wp\/v2\/users\/1"}],"replies":[{"embeddable":true,"href":"https:\/\/dekkbi.com\/index.php?rest_route=%2Fwp%2Fv2%2Fcomments&post=58845"}],"version-history":[{"count":1,"href":"https:\/\/dekkbi.com\/index.php?rest_route=\/wp\/v2\/posts\/58845\/revisions"}],"predecessor-version":[{"id":58846,"href":"https:\/\/dekkbi.com\/index.php?rest_route=\/wp\/v2\/posts\/58845\/revisions\/58846"}],"wp:featuredmedia":[{"embeddable":true,"href":"https:\/\/dekkbi.com\/index.php?rest_route=\/wp\/v2\/media\/2739"}],"wp:attachment":[{"href":"https:\/\/dekkbi.com\/index.php?rest_route=%2Fwp%2Fv2%2Fmedia&parent=58845"}],"wp:term":[{"taxonomy":"category","embeddable":true,"href":"https:\/\/dekkbi.com\/index.php?rest_route=%2Fwp%2Fv2%2Fcategories&post=58845"},{"taxonomy":"post_tag","embeddable":true,"href":"https:\/\/dekkbi.com\/index.php?rest_route=%2Fwp%2Fv2%2Ftags&post=58845"}],"curies":[{"name":"wp","href":"https:\/\/api.w.org\/{rel}","templated":true}]}}