{"id":58842,"date":"2025-06-26T09:16:35","date_gmt":"2025-06-26T09:16:35","guid":{"rendered":"https:\/\/dekkbi.com\/?p=58842"},"modified":"2025-06-26T09:16:35","modified_gmt":"2025-06-26T09:16:35","slug":"integration-sous-regionale-les-travaux-de-lautoroute-praia-dakar-abidjan-bientot-lances","status":"publish","type":"post","link":"https:\/\/dekkbi.com\/?p=58842","title":{"rendered":"INT\u00c9GRATION SOUS R\u00c9GIONALE &#8211; Les travaux de l\u2019autoroute Praia-Dakar-Abidjan bient\u00f4t lanc\u00e9s"},"content":{"rendered":"\n<p><strong>Le S\u00e9n\u00e9gal accueille depuis ce mercredi 25 juin une importante r\u00e9union r\u00e9gionale consacr\u00e9e \u00e0 l\u2019examen technique et \u00e0 la validation des \u00e9tudes du projet de corridor multimodal Praia-Dakar-Abidjan.<\/strong><\/p>\n\n\n\n<p>Huit pays ouest-africains \u2013 le S\u00e9n\u00e9gal, la C\u00f4te d\u2019Ivoire, le Lib\u00e9ria, la Sierra Leone, la Guin\u00e9e, la Guin\u00e9e-Bissau, la Gambie et le Cap-Vert \u2013 participent \u00e0 cet ambitieux projet pilot\u00e9 par la Cedeao, informe le minist\u00e8re s\u00e9n\u00e9galais des Infrastructures et des Transports terrestres et a\u00e9riens.<\/p>\n\n\n\n<p>Lanc\u00e9e en janvier 2024, la phase d\u2019\u00e9tude du projet entre dans sa derni\u00e8re ligne droite. Durant quatre jours, jusqu\u2019au 28 juin, les techniciens du Minist\u00e8re s\u00e9n\u00e9galais des Infrastructures et des Transports terrestres et a\u00e9riens, les repr\u00e9sentants des pays concern\u00e9s, les partenaires techniques et financiers ainsi que l\u2019\u00e9quipe de la Cedeao se penchent sur les \u00e9l\u00e9ments cl\u00e9s du rapport final. Celui-ci devrait baliser la voie aux prochaines \u00e9tapes : \u00e9tudes de faisabilit\u00e9, d\u2019ing\u00e9nierie et de financement.<\/p>\n\n\n\n<p>Ce corridor r\u00e9gional, qui vise \u00e0 connecter les capitales et zones portuaires des huit pays membres, ambitionne d\u2019int\u00e9grer plusieurs modes de transport \u2013 routier, ferroviaire et maritime. La liaison maritime Praia-Dakar, consid\u00e9r\u00e9e comme strat\u00e9gique, devrait faire l\u2019objet d\u2019une proposition de mod\u00e8le de gestion sp\u00e9cifique.<\/p>\n\n\n\n<p>\u00c0 travers ce projet, la Cedeao entend faire du corridor Praia-Dakar-Abidjan un v\u00e9ritable hub \u00e9conomique sous-r\u00e9gional, moteur de d\u00e9veloppement et d\u2019int\u00e9gration ouest-africaine.<\/p>\n\n\n\n<p><strong>Salla GUEYE<\/strong><\/p>\n","protected":false},"excerpt":{"rendered":"<p>Le S\u00e9n\u00e9gal accueille depuis ce mercredi 25 juin une importante r\u00e9union r\u00e9gionale consacr\u00e9e \u00e0 l\u2019examen technique et \u00e0 la validation<\/p>\n","protected":false},"author":1,"featured_media":58843,"comment_status":"open","ping_status":"open","sticky":false,"template":"","format":"standard","meta":{"footnotes":""},"categories":[3],"tags":[],"class_list":["post-58842","post","type-post","status-publish","format-standard","has-post-thumbnail","hentry","category-event-more-news"],"_links":{"self":[{"href":"https:\/\/dekkbi.com\/index.php?rest_route=\/wp\/v2\/posts\/58842","targetHints":{"allow":["GET"]}}],"collection":[{"href":"https:\/\/dekkbi.com\/index.php?rest_route=\/wp\/v2\/posts"}],"about":[{"href":"https:\/\/dekkbi.com\/index.php?rest_route=\/wp\/v2\/types\/post"}],"author":[{"embeddable":true,"href":"https:\/\/dekkbi.com\/index.php?rest_route=\/wp\/v2\/users\/1"}],"replies":[{"embeddable":true,"href":"https:\/\/dekkbi.com\/index.php?rest_route=%2Fwp%2Fv2%2Fcomments&post=58842"}],"version-history":[{"count":1,"href":"https:\/\/dekkbi.com\/index.php?rest_route=\/wp\/v2\/posts\/58842\/revisions"}],"predecessor-version":[{"id":58844,"href":"https:\/\/dekkbi.com\/index.php?rest_route=\/wp\/v2\/posts\/58842\/revisions\/58844"}],"wp:featuredmedia":[{"embeddable":true,"href":"https:\/\/dekkbi.com\/index.php?rest_route=\/wp\/v2\/media\/58843"}],"wp:attachment":[{"href":"https:\/\/dekkbi.com\/index.php?rest_route=%2Fwp%2Fv2%2Fmedia&parent=58842"}],"wp:term":[{"taxonomy":"category","embeddable":true,"href":"https:\/\/dekkbi.com\/index.php?rest_route=%2Fwp%2Fv2%2Fcategories&post=58842"},{"taxonomy":"post_tag","embeddable":true,"href":"https:\/\/dekkbi.com\/index.php?rest_route=%2Fwp%2Fv2%2Ftags&post=58842"}],"curies":[{"name":"wp","href":"https:\/\/api.w.org\/{rel}","templated":true}]}}