{"id":58837,"date":"2025-06-26T09:05:54","date_gmt":"2025-06-26T09:05:54","guid":{"rendered":"https:\/\/dekkbi.com\/?p=58837"},"modified":"2025-06-26T09:05:54","modified_gmt":"2025-06-26T09:05:54","slug":"visite-officielle-seville-accueille-le-president-bassirou-diomaye-faye","status":"publish","type":"post","link":"https:\/\/dekkbi.com\/?p=58837","title":{"rendered":"VISITE OFFICIELLE\u00a0: S\u00c9VILLE ACCUEILLE LE PR\u00c9SIDENT BASSIROU DIOMAYE FAYE."},"content":{"rendered":"\n<p>Du 30 juin au 3 juillet 2025, S\u00e9ville s&rsquo;appr\u00eate \u00e0 accueillir un \u00e9v\u00e9nement d&rsquo;envergure mondiale : la 4e Conf\u00e9rence internationale sur le financement du d\u00e9veloppement, organis\u00e9e sous l&rsquo;\u00e9gide des Nations Unies. Une rencontre qui se d\u00e9roule, \u00e0 un moment o\u00f9 le monde cherche \u00e0 adapter ses m\u00e9canismes de financement aux grands d\u00e9fis de notre \u00e9poque, en particulier ceux li\u00e9s \u00e0 la mise en \u0153uvre des Objectifs de d\u00e9veloppement durable \u00e0 l&rsquo;horizon 2030.<\/p>\n\n\n\n<p>Durant quatre jours, institutions financi\u00e8res, gouvernements, banques de d\u00e9veloppement et &nbsp;entreprises priv\u00e9es vont se retrouver pour discuter de solutions concr\u00e8tes. R\u00e9forme de la fiscalit\u00e9 internationale, lutte contre les flux financiers illicites, acc\u00e8s \u00e9quitable aux ressources, gestion de la dette : les sujets sont vastes, mais urgents. L&rsquo;Espagne, en tant que pays h\u00f4te, entend faire de cette conf\u00e9rence un espace de dialogue ouvert, o\u00f9 m\u00eame les voix souvent mises de c\u00f4t\u00e9 auront leur place.<\/p>\n\n\n\n<p>Parmi les chefs d&rsquo;\u00c9tat attendus, le pr\u00e9sident s\u00e9n\u00e9galais Bassirou Diomaye Diakhar Faye sera pr\u00e9sent \u00e0 S\u00e9ville. Si sa participation officielle est inscrite dans le cadre des travaux, un autre moment s&rsquo;annonce tout aussi marquant : sa rencontre avec la communaut\u00e9 s\u00e9n\u00e9galaise d&rsquo;Espagne, pr\u00e9vue le 1er juillet \u00e0 16h45. L&rsquo;\u00e9v\u00e9nement est tr\u00e8s attendu. Pour cause : depuis des ann\u00e9es, les S\u00e9n\u00e9galais vivant en Espagne expriment un sentiment d&rsquo;abandon, voire d&rsquo;invisibilit\u00e9 dans les politiques publiques.<\/p>\n\n\n\n<p>Malgr\u00e9 leur contribution \u00e9conomique significative \u00e0 travers les transferts de fonds, beaucoup d\u00e9noncent leur exclusion des grandes orientations gouvernementales, des programmes de soutien \u00e0 l&rsquo;investissement ou des initiatives d&rsquo;int\u00e9gration. Cette rencontre avec le pr\u00e9sident Faye &nbsp;est donc per\u00e7ue par beaucoup comme une premi\u00e8re, et peut-\u00eatre le d\u00e9but d&rsquo;un nouveau rapport entre l&rsquo;\u00c9tat s\u00e9n\u00e9galais et ses ressortissants en Espagne longtemps laiss\u00e9s en rade dans les politiques gouvernementales.<\/p>\n\n\n\n<p>Ce face-\u00e0-face tant esp\u00e9r\u00e9 pourrait ouvrir la voie \u00e0 une dynamique plus inclusive, o\u00f9 la diaspora ne serait plus une simple variable d&rsquo;ajustement ou un grenier \u00e9lectoral, mais bien un acteur impliqu\u00e9 dans la r\u00e9flexion et la mise en \u0153uvre du d\u00e9veloppement national. En somme, un moment de v\u00e9rit\u00e9, porteur d&rsquo;espoir pour toute une communaut\u00e9.<\/p>\n\n\n\n<p>Momar &nbsp;Dieng Diop ESPAGNE<\/p>\n","protected":false},"excerpt":{"rendered":"<p>Du 30 juin au 3 juillet 2025, S\u00e9ville s&rsquo;appr\u00eate \u00e0 accueillir un \u00e9v\u00e9nement d&rsquo;envergure mondiale : la 4e Conf\u00e9rence internationale<\/p>\n","protected":false},"author":1,"featured_media":57833,"comment_status":"open","ping_status":"open","sticky":false,"template":"","format":"standard","meta":{"footnotes":""},"categories":[6],"tags":[],"class_list":["post-58837","post","type-post","status-publish","format-standard","has-post-thumbnail","hentry","category-politics"],"_links":{"self":[{"href":"https:\/\/dekkbi.com\/index.php?rest_route=\/wp\/v2\/posts\/58837","targetHints":{"allow":["GET"]}}],"collection":[{"href":"https:\/\/dekkbi.com\/index.php?rest_route=\/wp\/v2\/posts"}],"about":[{"href":"https:\/\/dekkbi.com\/index.php?rest_route=\/wp\/v2\/types\/post"}],"author":[{"embeddable":true,"href":"https:\/\/dekkbi.com\/index.php?rest_route=\/wp\/v2\/users\/1"}],"replies":[{"embeddable":true,"href":"https:\/\/dekkbi.com\/index.php?rest_route=%2Fwp%2Fv2%2Fcomments&post=58837"}],"version-history":[{"count":1,"href":"https:\/\/dekkbi.com\/index.php?rest_route=\/wp\/v2\/posts\/58837\/revisions"}],"predecessor-version":[{"id":58838,"href":"https:\/\/dekkbi.com\/index.php?rest_route=\/wp\/v2\/posts\/58837\/revisions\/58838"}],"wp:featuredmedia":[{"embeddable":true,"href":"https:\/\/dekkbi.com\/index.php?rest_route=\/wp\/v2\/media\/57833"}],"wp:attachment":[{"href":"https:\/\/dekkbi.com\/index.php?rest_route=%2Fwp%2Fv2%2Fmedia&parent=58837"}],"wp:term":[{"taxonomy":"category","embeddable":true,"href":"https:\/\/dekkbi.com\/index.php?rest_route=%2Fwp%2Fv2%2Fcategories&post=58837"},{"taxonomy":"post_tag","embeddable":true,"href":"https:\/\/dekkbi.com\/index.php?rest_route=%2Fwp%2Fv2%2Ftags&post=58837"}],"curies":[{"name":"wp","href":"https:\/\/api.w.org\/{rel}","templated":true}]}}