{"id":58762,"date":"2025-06-25T10:11:20","date_gmt":"2025-06-25T10:11:20","guid":{"rendered":"https:\/\/dekkbi.com\/?p=58762"},"modified":"2025-06-25T10:11:21","modified_gmt":"2025-06-25T10:11:21","slug":"club-cedeao-ucad-les-etudiants-vecteurs-de-lintegration-regionale","status":"publish","type":"post","link":"https:\/\/dekkbi.com\/?p=58762","title":{"rendered":"CLUB CEDEAO-UCAD: Les \u00e9tudiants, vecteurs de l\u2019int\u00e9gration r\u00e9gionale"},"content":{"rendered":"\n<p><em>En lan\u00e7ant le Club Cedeao-Ucad, dans le cadre du cinquantenaire de l\u2019institution cette ann\u00e9e, les \u00e9tudiants ne veulent plus subir les \u00e9v\u00e8nements, mais aspirent \u00e0 agir pour faire de l\u2019int\u00e9gration r\u00e9gionale une r\u00e9alit\u00e9.&nbsp;<\/em><\/p>\n\n\n\n<p>Dans un amphith\u00e9\u00e2tre vibrant aux couleurs de l\u2019unit\u00e9 africaine, les \u00e9tudiants de l\u2019Universit\u00e9 Cheikh Anta Diop de Dakar (Ucad) ont tenu \u00e0 marquer de leur empreinte le cinquantenaire de la Communaut\u00e9 \u00e9conomique des \u00c9tats de l\u2019Afrique de l\u2019Ouest (Cedeao). Ils ont lanc\u00e9 officiellement, samedi 21 juin, le Club Cedeao-Ucad. Ces jeunes sont conscients de leur r\u00f4le dans le renforcement de l\u2019int\u00e9gration et leur activit\u00e9 s\u2019inscrit dans une volont\u00e9 de donner un nouveau souffle \u00e0 celle-ci, dans une r\u00e9gion marqu\u00e9e par des crises multiformes. Plac\u00e9e sur le th\u00e8me : \u00ab Int\u00e9gration, paix et d\u00e9veloppement : la jeunesse universitaire au c\u0153ur de la vision 2050 de la Cedeao \u00bb, l\u2019initiative a \u00e9t\u00e9 salu\u00e9e.<\/p>\n\n\n\n<p>T\u00e9ning Ciss\u00e9, pr\u00e9sidente du Club Cedeao-Ucad, a pr\u00e9cis\u00e9 qu\u2019il s\u2019agit de donner une existence officielle \u00e0 leur structure active depuis ao\u00fbt dernier, soulignant que l\u2019objectif est d\u2019installer des clubs dans chaque universit\u00e9 publique afin de faire des campus des foyers d\u2019engagement r\u00e9gional. Elle a soutenu que \u00ab ces clubs ne sont pas de simples espaces de discussion, mais des lieux de propositions concr\u00e8tes pour faire passer la Cedeao des \u00c9tats \u00e0 celle des peuples \u00bb.<\/p>\n\n\n\n<p>Former, unir, s\u00e9curiser : des pistes pour une Cedeao forte Mamadou Philippe Diatta, charg\u00e9 des relations ext\u00e9rieures, abonde dans le m\u00eame sens. Il rappelle que la vision 2050, mise sur une inclusion sociale r\u00e9elle, implique jeunes, femmes et enfants. \u00ab Il ne s\u2019agit pas seulement de saluer nos engagements, a-t-il dit, mais de nous accompagner techniquement et financi\u00e8rement \u00bb. Pr\u00e9sident du Centre de recherche et d\u2019\u00e9tudes pour le d\u00e9veloppement en Afrique (Creda), Aliou Badara Sy, parrain de la c\u00e9r\u00e9monie, a apport\u00e9 un regard plus structurel. Il a rappel\u00e9 que les grandes puissances, telles que les \u00c9tats-Unis ou l\u2019Union europ\u00e9enne, doivent leur force \u00e0 l\u2019int\u00e9gration.<\/p>\n\n\n\n<p>M. Sy a affirm\u00e9 qu\u2019un organe d\u2019information et de communication panafricain serait essentiel pour renforcer la connaissance mutuelle entre peuples ouest-africains. Il a insist\u00e9 sur la n\u00e9cessit\u00e9 d\u2019une int\u00e9gration militaire \u00e0 travers des assises r\u00e9gionales de la s\u00e9curit\u00e9. Le pr\u00e9sident du Creda a toutefois regrett\u00e9 que l\u2019Afrique soit \u00ab un continent riche par sa population et ses potentialit\u00e9s, mais pauvre en initiatives \u00bb. La solution, \u00e0 ses yeux, c\u2019est une formation professionnelle de masse et une valorisation du potentiel agricole, halieutique et minier de la sous-r\u00e9gion.<\/p>\n\n\n\n<p>Il a d\u00e8s lors, appel\u00e9 les universit\u00e9s, les organisations non gouvernementales et les centres de recherche \u00e0 soutenir les \u00e9tudiants dans leur engagement. \u00ab On ne pilote pas un projet avec seulement des id\u00e9es, il faut aussi des moyens \u00bb, a insist\u00e9 Alioune Badara Sy en mettant en garde contre une foi excessive dans les projections lointaines. \u00ab Il ne faut pas seulement r\u00eaver de 2050, il faut construire, d\u00e8s aujourd\u2019hui, une int\u00e9gration des peuples, car les politiques ne sont pas toujours le reflet des aspirations profondes \u00bb, a-t-il assur\u00e9.<\/p>\n\n\n\n<p><strong>Daouda DIOUF<\/strong><\/p>\n\n\n\n<p>LESOLEIL<\/p>\n","protected":false},"excerpt":{"rendered":"<p>En lan\u00e7ant le Club Cedeao-Ucad, dans le cadre du cinquantenaire de l\u2019institution cette ann\u00e9e, les \u00e9tudiants ne veulent plus subir<\/p>\n","protected":false},"author":1,"featured_media":58763,"comment_status":"open","ping_status":"open","sticky":false,"template":"","format":"standard","meta":{"footnotes":""},"categories":[21],"tags":[],"class_list":["post-58762","post","type-post","status-publish","format-standard","has-post-thumbnail","hentry","category-societe"],"_links":{"self":[{"href":"https:\/\/dekkbi.com\/index.php?rest_route=\/wp\/v2\/posts\/58762","targetHints":{"allow":["GET"]}}],"collection":[{"href":"https:\/\/dekkbi.com\/index.php?rest_route=\/wp\/v2\/posts"}],"about":[{"href":"https:\/\/dekkbi.com\/index.php?rest_route=\/wp\/v2\/types\/post"}],"author":[{"embeddable":true,"href":"https:\/\/dekkbi.com\/index.php?rest_route=\/wp\/v2\/users\/1"}],"replies":[{"embeddable":true,"href":"https:\/\/dekkbi.com\/index.php?rest_route=%2Fwp%2Fv2%2Fcomments&post=58762"}],"version-history":[{"count":1,"href":"https:\/\/dekkbi.com\/index.php?rest_route=\/wp\/v2\/posts\/58762\/revisions"}],"predecessor-version":[{"id":58764,"href":"https:\/\/dekkbi.com\/index.php?rest_route=\/wp\/v2\/posts\/58762\/revisions\/58764"}],"wp:featuredmedia":[{"embeddable":true,"href":"https:\/\/dekkbi.com\/index.php?rest_route=\/wp\/v2\/media\/58763"}],"wp:attachment":[{"href":"https:\/\/dekkbi.com\/index.php?rest_route=%2Fwp%2Fv2%2Fmedia&parent=58762"}],"wp:term":[{"taxonomy":"category","embeddable":true,"href":"https:\/\/dekkbi.com\/index.php?rest_route=%2Fwp%2Fv2%2Fcategories&post=58762"},{"taxonomy":"post_tag","embeddable":true,"href":"https:\/\/dekkbi.com\/index.php?rest_route=%2Fwp%2Fv2%2Ftags&post=58762"}],"curies":[{"name":"wp","href":"https:\/\/api.w.org\/{rel}","templated":true}]}}