{"id":58737,"date":"2025-06-24T12:30:09","date_gmt":"2025-06-24T12:30:09","guid":{"rendered":"https:\/\/dekkbi.com\/?p=58737"},"modified":"2025-06-24T12:30:10","modified_gmt":"2025-06-24T12:30:10","slug":"villepin-lance-son-propre-parti-baptise-la-france-humaniste","status":"publish","type":"post","link":"https:\/\/dekkbi.com\/?p=58737","title":{"rendered":"Villepin lance son propre parti, baptis\u00e9 La France humaniste"},"content":{"rendered":"\n<p>Par\u00a9 2025 AFP &#8211; A moins de deux ans de l&rsquo;\u00e9lection pr\u00e9sidentielle, l&rsquo;ex-Premier ministre Dominique de Villepin a annonc\u00e9 lundi cr\u00e9er son propre parti, appel\u00e9 La France humaniste, dont il sera le pr\u00e9sident d&rsquo;honneur.<\/p>\n\n\n\n<p>\u00ab\u00a0J&rsquo;ai d\u00e9cid\u00e9 de cr\u00e9er un mouvement d&rsquo;id\u00e9es, de citoyens, \u00e0 travers la cr\u00e9ation d&rsquo;un parti politique\u00a0\u00bb, a-t-il d\u00e9clar\u00e9 dans une interview au Parisien, pr\u00e9cisant qu&rsquo;il s&rsquo;agissait d&rsquo;un \u00ab\u00a0mouvement ouvert \u00e0 tous\u00a0\u00bb ayant d\u00e9j\u00e0 \u00ab\u00a0plusieurs dizaines d&rsquo;implantations locales\u00a0\u00bb.<\/p>\n\n\n\n<p>\u00ab\u00a0Nous avons besoin de rassembler tous les Fran\u00e7ais pour d\u00e9fendre la justice sociale et l&rsquo;ordre r\u00e9publicain\u00a0\u00bb, a-t-il ajout\u00e9.<\/p>\n\n\n\n<p>D\u00e9non\u00e7ant une \u00ab\u00a0logique de surench\u00e8re permanente\u00a0\u00bb de la part des politiques, Dominique de Villepin, 71 ans, a affirm\u00e9 revenir sur le devant de la sc\u00e8ne pour que les Fran\u00e7ais ne soient pas \u00ab\u00a0prisonniers d&rsquo;un clivage entre la radicalit\u00e9 de LFI et celle du RN\u00a0\u00bb.<\/p>\n\n\n\n<p>\u00ab\u00a0Je ne suis pas pour la surench\u00e8re, ni s\u00e9curitaire ni budg\u00e9taire, mais pour une politique d&rsquo;\u00e9quilibre et de mesure\u00a0\u00bb, a-t-il martel\u00e9.<\/p>\n\n\n\n<p>Lui qui a \u00e9galement \u00e9t\u00e9 ministre de l&rsquo;Int\u00e9rieur (2004-2005) a au passage \u00e9gratign\u00e9 l&rsquo;actuel occupant du poste, \u00e9galement pressenti comme candidat s\u00e9rieux en 2027.<\/p>\n\n\n\n<p>\u00ab\u00a0Prenez la crise avec l&rsquo;Alg\u00e9rie: Bruno Retailleau devrait s&rsquo;atteler \u00e0 la responsabilit\u00e9 qui est la sienne, qui est la s\u00e9curit\u00e9 des Fran\u00e7ais et de renvoyer les OQTF qui pr\u00e9sentent un danger\u00a0\u00bb, a-t-il tacl\u00e9. \u00ab\u00a0Pour cela, nous avons besoin de plus de professionnalisme et de moins de surench\u00e8re sur les plateaux t\u00e9l\u00e9.\u00a0\u00bb<\/p>\n\n\n\n<p>Assurant qu&rsquo;obtenir les 500 signatures n\u00e9cessaires pour \u00eatre candidat \u00e0 la pr\u00e9sidentielle \u00ab\u00a0ne sera(it) pas un obstacle\u00a0\u00bb au vu de \u00ab\u00a0tous les soutiens et les encouragements\u00a0\u00bb d\u00e9j\u00e0 re\u00e7us, il a assur\u00e9 \u00eatre \u00ab\u00a0pour restaurer la fonction pr\u00e9sidentielle, pour un chef de l&rsquo;\u00c9tat arbitre, garant des institutions et inspirateur de la nation\u00a0\u00bb.<\/p>\n\n\n\n<p>\u00ab\u00a0Depuis mon d\u00e9part de Matignon en 2007, j&rsquo;ai eu 18 ans pour r\u00e9fl\u00e9chir, tirer les le\u00e7ons, oublier tout orgueil et ambition personnelle\u00a0\u00bb, a-t-il ajout\u00e9.<\/p>\n\n\n\n<p>Le nouveau parti, auquel adh\u00e9rer sera gratuit, sera dirig\u00e9 par le maire UDI de Garges-l\u00e8s-Gonesse (Val-d&rsquo;Oise), Beno\u00eet Jimenez, a pr\u00e9cis\u00e9 M. Villepin. \u00ab\u00a0Nous allons mettre \u00e0 profit l&rsquo;\u00e9t\u00e9 pour nous structurer\u00a0\u00bb, a-t-il ajout\u00e9.<\/p>\n","protected":false},"excerpt":{"rendered":"<p>Par\u00a9 2025 AFP &#8211; A moins de deux ans de l&rsquo;\u00e9lection pr\u00e9sidentielle, l&rsquo;ex-Premier ministre Dominique de Villepin a annonc\u00e9 lundi<\/p>\n","protected":false},"author":1,"featured_media":58738,"comment_status":"open","ping_status":"open","sticky":false,"template":"","format":"standard","meta":{"footnotes":""},"categories":[51],"tags":[],"class_list":["post-58737","post","type-post","status-publish","format-standard","has-post-thumbnail","hentry","category-general"],"_links":{"self":[{"href":"https:\/\/dekkbi.com\/index.php?rest_route=\/wp\/v2\/posts\/58737","targetHints":{"allow":["GET"]}}],"collection":[{"href":"https:\/\/dekkbi.com\/index.php?rest_route=\/wp\/v2\/posts"}],"about":[{"href":"https:\/\/dekkbi.com\/index.php?rest_route=\/wp\/v2\/types\/post"}],"author":[{"embeddable":true,"href":"https:\/\/dekkbi.com\/index.php?rest_route=\/wp\/v2\/users\/1"}],"replies":[{"embeddable":true,"href":"https:\/\/dekkbi.com\/index.php?rest_route=%2Fwp%2Fv2%2Fcomments&post=58737"}],"version-history":[{"count":1,"href":"https:\/\/dekkbi.com\/index.php?rest_route=\/wp\/v2\/posts\/58737\/revisions"}],"predecessor-version":[{"id":58739,"href":"https:\/\/dekkbi.com\/index.php?rest_route=\/wp\/v2\/posts\/58737\/revisions\/58739"}],"wp:featuredmedia":[{"embeddable":true,"href":"https:\/\/dekkbi.com\/index.php?rest_route=\/wp\/v2\/media\/58738"}],"wp:attachment":[{"href":"https:\/\/dekkbi.com\/index.php?rest_route=%2Fwp%2Fv2%2Fmedia&parent=58737"}],"wp:term":[{"taxonomy":"category","embeddable":true,"href":"https:\/\/dekkbi.com\/index.php?rest_route=%2Fwp%2Fv2%2Fcategories&post=58737"},{"taxonomy":"post_tag","embeddable":true,"href":"https:\/\/dekkbi.com\/index.php?rest_route=%2Fwp%2Fv2%2Ftags&post=58737"}],"curies":[{"name":"wp","href":"https:\/\/api.w.org\/{rel}","templated":true}]}}