{"id":5872,"date":"2023-01-05T11:13:10","date_gmt":"2023-01-05T11:13:10","guid":{"rendered":"https:\/\/dekkbi.com\/?p=5872"},"modified":"2023-01-05T11:13:11","modified_gmt":"2023-01-05T11:13:11","slug":"rdc-la-monusco-annonce-lancer-une-nouvelle-operation-dans-le-territoire-de-beni","status":"publish","type":"post","link":"https:\/\/dekkbi.com\/?p=5872","title":{"rendered":"RDC: la Monusco annonce lancer une nouvelle op\u00e9ration dans le territoire de B\u00e9ni"},"content":{"rendered":"\n<p>Pendant ce temps, la mission des Nations unies dans le pays (Monusco) lance une nouvelle op\u00e9ration militaire&nbsp;dans la province du Nord-Kivu&nbsp;pour contrer les groupes arm\u00e9s.<\/p>\n\n\n\n<p><\/p>\n\n\n\n<p><em>Avec notre<\/em>\u00a0<em>correspondant<\/em>\u00a0<em>\u00e0 Kinshasa,<\/em>\u00a0<strong>Pascal Mulegwa<\/strong> RFI<\/p>\n\n\n\n<p>Baptis\u00e9e Linda Njia (\u00ab prot\u00e8ge ta route \u00bb), l&rsquo;op\u00e9ration de la Monusco\u00a0se d\u00e9roulera dans le territoire de B\u00e9ni, en proie aux attaques sanglantes\u00a0<strong>des rebelles des ADF<\/strong>\u00a0(Forces d\u00e9mocratiques alli\u00e9es), pr\u00e9sentes dans la r\u00e9gion depuis pr\u00e8s de neuf ans. Elle sera men\u00e9e par la brigade d\u2019intervention de la Monusco, ayant un mandat offensif.<\/p>\n\n\n\n<p>L\u2019op\u00e9ration est circonscrite aux axes routiers allant de B\u00e9ni vers Semliki \u2013 Kamango et Nobili, des agglom\u00e9rations proches de la fronti\u00e8re avec l\u2019Ouganda et r\u00e9guli\u00e8rement cibl\u00e9es par les rebelles ADF.<\/p>\n\n\n\n<p>Selon Nd\u00e8ye Khady Lo, porte-parole de la Monusco, il s\u2019agit d\u2019intensifier les patrouilles de terrain sur ces axes. \u00ab&nbsp;<em>C\u2019est une op\u00e9ration de courte dur\u00e9e qui comporte des patrouilles conjointes de la Monusco et des FARDC&nbsp;<\/em>[arm\u00e9e congolaise, NDLR]&nbsp;<em>dans le but d\u2019am\u00e9liorer la s\u00e9curit\u00e9 et la libert\u00e9 des mouvements des populations et des forces de s\u00e9curit\u00e9. L\u2019op\u00e9ration Linda Njia, c\u2019est aussi pour encourager le retour des personnes d\u00e9plac\u00e9es dans leurs villages d\u2019origine&nbsp;<\/em>\u00bb, a-t-il pr\u00e9cis\u00e9.<\/p>\n\n\n\n<h2 class=\"wp-block-heading\">\u00ab&nbsp;<em>Une op\u00e9ration marketing<\/em>&nbsp;\u00bb pour la Lucha<\/h2>\n\n\n\n<p>Les organisations de la soci\u00e9t\u00e9 saluent l&rsquo;initiative, mais le mouvement citoyen Lucha, qui \u00e9tait en premi\u00e8re ligne contre le maintien des casques bleus dans la r\u00e9gion, n\u2019est pas convaincu. \u00ab&nbsp;<em>C&rsquo;est juste une op\u00e9ration marketing qui vise \u00e0 regagner la confiance de la population, mais qui, dans les faits, pourrait ne pas aboutir \u00e0 un r\u00e9sultat escompt\u00e9. Les art\u00e8res routi\u00e8res qui sont concern\u00e9es par ces op\u00e9rations sont d\u00e9j\u00e0 garnies de<\/em>&nbsp;<em>positions de la Monusco sans que ces positions ne servent \u00e0 contrer les attaques contre les populations civiles<\/em>&nbsp;\u00bb, a critiqu\u00e9 Stewart Muhindo.<\/p>\n\n\n\n<p>La nouvelle op\u00e9ration devrait permettre de \u00ab<em>&nbsp;pr\u00e9venir, dissuader et emp\u00eacher les groupes arm\u00e9s et les milices locales<\/em>&nbsp;\u00bb de se livrer \u00e0 des violences contre la population. Elle intervient deux semaines apr\u00e8s le renouvellement du mandat de la Monusco.<\/p>\n","protected":false},"excerpt":{"rendered":"<p>Pendant ce temps, la mission des Nations unies dans le pays (Monusco) lance une nouvelle op\u00e9ration militaire&nbsp;dans la province du<\/p>\n","protected":false},"author":1,"featured_media":5873,"comment_status":"open","ping_status":"open","sticky":false,"template":"","format":"standard","meta":{"footnotes":""},"categories":[51],"tags":[],"class_list":["post-5872","post","type-post","status-publish","format-standard","has-post-thumbnail","hentry","category-general"],"_links":{"self":[{"href":"https:\/\/dekkbi.com\/index.php?rest_route=\/wp\/v2\/posts\/5872","targetHints":{"allow":["GET"]}}],"collection":[{"href":"https:\/\/dekkbi.com\/index.php?rest_route=\/wp\/v2\/posts"}],"about":[{"href":"https:\/\/dekkbi.com\/index.php?rest_route=\/wp\/v2\/types\/post"}],"author":[{"embeddable":true,"href":"https:\/\/dekkbi.com\/index.php?rest_route=\/wp\/v2\/users\/1"}],"replies":[{"embeddable":true,"href":"https:\/\/dekkbi.com\/index.php?rest_route=%2Fwp%2Fv2%2Fcomments&post=5872"}],"version-history":[{"count":1,"href":"https:\/\/dekkbi.com\/index.php?rest_route=\/wp\/v2\/posts\/5872\/revisions"}],"predecessor-version":[{"id":5874,"href":"https:\/\/dekkbi.com\/index.php?rest_route=\/wp\/v2\/posts\/5872\/revisions\/5874"}],"wp:featuredmedia":[{"embeddable":true,"href":"https:\/\/dekkbi.com\/index.php?rest_route=\/wp\/v2\/media\/5873"}],"wp:attachment":[{"href":"https:\/\/dekkbi.com\/index.php?rest_route=%2Fwp%2Fv2%2Fmedia&parent=5872"}],"wp:term":[{"taxonomy":"category","embeddable":true,"href":"https:\/\/dekkbi.com\/index.php?rest_route=%2Fwp%2Fv2%2Fcategories&post=5872"},{"taxonomy":"post_tag","embeddable":true,"href":"https:\/\/dekkbi.com\/index.php?rest_route=%2Fwp%2Fv2%2Ftags&post=5872"}],"curies":[{"name":"wp","href":"https:\/\/api.w.org\/{rel}","templated":true}]}}