{"id":58679,"date":"2025-06-24T09:55:49","date_gmt":"2025-06-24T09:55:49","guid":{"rendered":"https:\/\/dekkbi.com\/?p=58679"},"modified":"2025-06-24T11:17:05","modified_gmt":"2025-06-24T11:17:05","slug":"instauration-dune-federation-de-lutte-entre-defis-optimisme-et-scepticisme-1-3","status":"publish","type":"post","link":"https:\/\/dekkbi.com\/?p=58679","title":{"rendered":"F\u00e9d\u00e9ration de lutte : Entre d\u00e9fis, optimisme et scepticisme (1\/3)"},"content":{"rendered":"\n<p><strong>Les structures de gestion de la lutte sont de deux types : f\u00e9d\u00e9ral et d\u2019exception. Lors des Assises de la lutte, organis\u00e9es les 20 et 21 octobre 2018, les composantes de la lutte avaient majoritairement r\u00e9clam\u00e9 une f\u00e9d\u00e9ration. L\u2019actuel minist\u00e8re des Sports est, aujourd\u2019hui, pr\u00eat \u00e0 les accompagner dans ce sens.<\/strong><\/p>\n\n\n\n<p>Par arr\u00eat\u00e9 n\u00b0 027698 du 31 octobre 2024, le ministre de la Jeunesse, des Sports et de la Culture, Khady Di\u00e8ne Gaye, a prorog\u00e9 le mandat et nomm\u00e9 de nouveaux membres du Comit\u00e9 national de gestion (Cng) de la lutte, en d\u00e9signant l\u2019arbitre Malick Ngom comme pr\u00e9sident pour une dur\u00e9e d\u2019un an non renouvelable. Entre autres missions, le Cng devrait \u0153uvrer pour la mise en place d\u2019une f\u00e9d\u00e9ration. Ainsi, apr\u00e8s 31 ans de gestion de type d\u2019exception, la lutte devra aller \u00e0 un mod\u00e8le f\u00e9d\u00e9ral, normalement dans quatre mois. Le ministre de tutelle, en installant le successeur de Bira S\u00e8ne dans ses fonctions, avait insist\u00e9 sur le fait qu\u2019il \u00e9tait tenu de convoquer une Assembl\u00e9e g\u00e9n\u00e9rale \u00e9lective de la F\u00e9d\u00e9ration s\u00e9n\u00e9galaise de lutte (Fsl) \u00e0 la fin de son mandat. Le b\u00e9mol, c\u2019est que la gestion de type f\u00e9d\u00e9ral reste globalement un grand myst\u00e8re pour les acteurs actuels de la lutte qui ne connaissent que la gestion de type d\u2019exception. La lutte \u00e9tant g\u00e9r\u00e9e depuis 1994 par un Comit\u00e9 national.<\/p>\n\n\n\n<p>Lors des Concertations nationales sur la lutte, tenues les 20 et 21 octobre 2018, \u00e0 l\u2019Ar\u00e8ne nationale, dans l\u2019atelier 1 qui a r\u00e9fl\u00e9chi sur l\u2019environnement institutionnel et le cadre juridique de la lutte, les acteurs avaient majoritairement r\u00e9clam\u00e9 une gestion de type f\u00e9d\u00e9ral. Dans les recommandations finales, il a \u00e9t\u00e9 demand\u00e9 d\u2019y aller dans deux ans. Ce qui n\u2019a pas \u00e9t\u00e9 respect\u00e9 par les dirigeants d\u2019alors. Une f\u00e9d\u00e9ration est une structure qui assure l\u2019organisation, la promotion et le d\u00e9veloppement d\u2019un sport. Depuis plus de trois d\u00e9cennies, le travail qui devait \u00eatre fait pour y aller n\u2019a jamais \u00e9t\u00e9 effectu\u00e9 de mani\u00e8re globale. La donne a aujourd\u2019hui chang\u00e9, puisque l\u2019actuel ministre des Sports, Khady Di\u00e8ne Gaye, est d\u00e9cid\u00e9e \u00e0 y aller effectivement. Elle a ainsi mobilis\u00e9 les techniciens de son d\u00e9partement pour instaurer la Fsl. Elle a clairement exprim\u00e9 la volont\u00e9 politique de faire revenir la lutte dans un cadre f\u00e9d\u00e9ral. C\u2019est ce qui a justifi\u00e9 la rencontre tenue, le mercredi 18 juin 2025, au stade L\u00e9opold S\u00e9dar Senghor, entre la Direction des activit\u00e9s physiques et sportives (Daps) et le Cng de lutte. Pour ne pas rester les bras ballants et attendre tranquillement la fin du mandat de l\u2019actuelle \u00e9quipe, le Daps Gilbert Mbengue a pos\u00e9 des jalons et estim\u00e9 que l\u2019id\u00e9al \u00e9tait de faire en sorte que les choses se fassent dans les \u00ab\u2009meilleures conditions et les meilleurs d\u00e9lais\u2009\u00bb.<\/p>\n\n\n\n<h3 class=\"wp-block-heading\"><strong>Un \u00e9norme chantier<\/strong><\/h3>\n\n\n\n<p>\u00c0 presque quatre mois du terme du mandat de Malick Ngom se pose la question de savoir si la lutte peut aller effectivement \u00e0 une f\u00e9d\u00e9ration. Ainsi, il est important de se r\u00e9f\u00e9rer \u00e0 la d\u00e9finition d\u2019une f\u00e9d\u00e9ration qui, en termes simples, est un regroupement d\u2019associations dont la mission principale est d\u2019organiser et de promouvoir la pratique de leur discipline. \u00ab\u2009Partant de cette d\u00e9finition et en comparaison avec la situation actuelle o\u00f9 la gestion de la lutte est confi\u00e9e au Cng, qui est une structure d\u2019exception dont les membres sont nomm\u00e9s par le ministre en charge des Sports, il appara\u00eet clairement une diff\u00e9rence fondamentale entre les deux types d\u2019institution\u2009\u00bb, \u00e9claire Khalifa Niang, secr\u00e9taire g\u00e9n\u00e9ral de l\u2019Association des responsables des \u00e9coles et \u00e9curies de lutte du S\u00e9n\u00e9gal (Areels). \u00ab\u2009Si nous sommes dans une f\u00e9d\u00e9ration, les membres sont \u00e9lus par un coll\u00e8ge bien d\u00e9termin\u00e9. Avec une f\u00e9d\u00e9ration, les acteurs choisissent leurs dirigeants\u2009\u00bb, avance-t-il. Khalifa Niang croit dur comme fer que pour franchir une nouvelle \u00e9tape et faire rayonner davantage la lutte, il est pr\u00e9f\u00e9rable d\u2019aller \u00e0 une f\u00e9d\u00e9ration au m\u00eame titre que les autres formes de sport.<\/p>\n\n\n\n<p>Le pr\u00e9sident de l\u2019association nationale des lutteurs, Gris Bordeaux, soutient qu\u2019il n\u2019est pas contre le projet, mais il pr\u00e9conise qu\u2019on y aille sans pr\u00e9cipitation. \u00ab\u2009Nous devons prendre largement notre temps avant de mettre en place cette f\u00e9d\u00e9ration. La lutte est diff\u00e9rente des autres disciplines sportives puisqu\u2019elle a ses r\u00e9alit\u00e9s\u2009\u00bb, a-t-il d\u00e9velopp\u00e9, estimant que \u00ab\u2009beaucoup d\u2019associations de lutte ne sont pas l\u00e9galement constitu\u00e9es\u2009\u00bb et qu\u2019il faudra d\u2019abord \u00ab\u2009r\u00e9gulariser\u2009\u00bb tous ces regroupements au niveau du minist\u00e8re de l\u2019Int\u00e9rieur pour qu\u2019ils puissent remplir certains crit\u00e8res. De son c\u00f4t\u00e9, le pr\u00e9sident de l\u2019association des amateurs, Doudou Diagne Di\u00e9cko, pense que les autorit\u00e9s doivent d\u2019abord \u00ab\u2009s\u00e9curiser les promoteurs qui sont les grands bailleurs de la lutte ainsi que les lutteurs dans le cadre d\u2019une f\u00e9d\u00e9ration\u2009\u00bb. Tr\u00e8s sceptique, il a rappel\u00e9 que la derni\u00e8re f\u00e9d\u00e9ration de lutte a \u00e9t\u00e9 dirig\u00e9e par feu Armand Ndiaye, mais elle devait de l\u2019argent \u00e0 des lutteurs.<\/p>\n\n\n\n<p>Le chantier est tr\u00e8s lourd. En effet, il faudra d\u00e9finir le mode d\u2019\u00e9lection, \u00e9tablir les statuts, le r\u00e8glement int\u00e9rieur, les \u00e9lecteurs, les crit\u00e8res pour \u00eatre candidat\u2026 C\u2019est compte tenu de tout cela que le directeur des activit\u00e9s physiques et sportives (Daps) a indiqu\u00e9 que la mise en place de cette f\u00e9d\u00e9ration d\u00e9pendra du chronogramme qui sera ult\u00e9rieurement propos\u00e9 par le minist\u00e8re de tutelle et qui sera ensuite approuv\u00e9 par les acteurs de la lutte.<\/p>\n\n\n\n<h3 class=\"wp-block-heading\"><strong>Pas urgent d\u2019aller \u00e0 une f\u00e9d\u00e9ration<\/strong><\/h3>\n\n\n\n<p>\u00c0 part Dakar, Thi\u00e8s, Kaolack et Diourbel, toutes les dix autres r\u00e9gions du S\u00e9n\u00e9gal ne sont pas bien structur\u00e9es pour r\u00e9pondre aux crit\u00e8res d\u2019une f\u00e9d\u00e9ration. Aussi, d\u2019autres structures de lutte ne sont pas l\u00e9gales puisqu\u2019elles n\u2019existent pas administrativement. Le pr\u00e9sident du Comit\u00e9 r\u00e9gional de gestion (Crg) de Thi\u00e8s, Babacar Diop, a estim\u00e9 que des structures comme l\u2019association des arbitres, celle des amateurs, de la presse, de la lutte simple, devraient y \u00eatre associ\u00e9es. Ce qui n\u00e9cessite, reconna\u00eet-il, un diagnostic d\u2019ensemble qui devrait aboutir \u00e0 des propositions consensuelles. Pour cet agent du minist\u00e8re des Sports \u00e0 la retraite, il est plus que n\u00e9cessaire de passer \u00e0 une f\u00e9d\u00e9ration. Pour Khalifa Niang de l\u2019Areels, l\u2019analyse de la composition des acteurs (lutteurs, \u00e9coles de lutte, promoteurs, entra\u00eeneurs, communicateurs, etc.), fait ressortir des entit\u00e9s qui ont la m\u00eame passion, mais avec des int\u00e9r\u00eats parfois divergents. De l\u2019avis de l\u2019ancien pr\u00e9sident de l\u2019\u00e9curie Tay Shinger de Pikine, cette diversit\u00e9 d\u2019acteurs doit \u00eatre assainie et structur\u00e9e dans un cadre qui devra prendre en compte l\u2019ensemble des pr\u00e9occupations pour l\u2019int\u00e9r\u00eat exclusif de la lutte. Le premier obstacle \u00e0 lever, a-t-il soulign\u00e9, est la d\u00e9sinformation et le lobbying. \u00ab\u2009Le reste sera une question d\u2019autorit\u00e9, de respect des textes et des r\u00e8glements du sport de fa\u00e7on g\u00e9n\u00e9rale\u00bb, rassure-t-il.<\/p>\n\n\n\n<p>Tr\u00e8s optimiste, Khalifa Niang pense que notre administration a suffisamment d\u2019exp\u00e9rience pour la mise en place d\u2019une f\u00e9d\u00e9ration. Dans le cas d\u2019esp\u00e8ce, il estime qu\u2019il est plus indiqu\u00e9 de mettre en place un comit\u00e9 de pilotage compos\u00e9 d\u2019acteurs de la lutte, de professionnels du sport, de journalistes\u2026 Poursuivant, il a indiqu\u00e9 que cet exercice ne doit pas se faire entre quatre murs. Il doit \u00eatre inclusif et transparent. \u00ab\u2009L\u2019autorit\u00e9 en relation avec ses services doit prendre ses responsabilit\u00e9s et ne pas c\u00e9der \u00e0 la pression qui ne manquera pas\u2009\u00bb, alerte ce cadre de la lutte.<\/p>\n\n\n\n<p>Lansana Coly, inspecteur r\u00e9gional des sports \u00e0 la retraite et ancien entra\u00eeneur de l\u2019\u00e9quipe nationale olympique, ne cache pas ses craintes. \u00ab\u2009Pour moi, qui ai travaill\u00e9 avec beaucoup d\u2019anciens pr\u00e9sidents d\u2019instances dirigeantes comme Thiar\u00e9, Alioune Sarr et Bira S\u00e8ne, c\u2019est un risque d\u2019aller assez vite \u00e0 une f\u00e9d\u00e9ration\u2009\u00bb, pr\u00e9vient-il. M. Coly estime qu\u2019en tant que technicien qui a entra\u00een\u00e9 beaucoup d\u2019anciennes gloires, comme Mor Fadam en \u00e9quipe nationale, il ne voit \u00ab\u2009aucune urgence \u00e0 aller \u00e0 une f\u00e9d\u00e9ration\u2009\u00bb. Il prend ainsi exemple sur le Niger et la Gambie \u00ab\u2009qui \u00e9voluent dans le cadre d\u2019une f\u00e9d\u00e9ration de lutte, mais qui copient tous sur le mod\u00e8le s\u00e9n\u00e9galais\u2009\u00bb. Selon cet expert de la lutte, la f\u00e9d\u00e9ration est plus d\u00e9mocratique et est n\u00e9cessaire, mais ce n\u2019est pas une urgence. Il faut y aller par \u00e9tape, insiste-t-il. \u00ab\u2009Pour le chronogramme annonc\u00e9 par le Daps, si c\u2019est pour moins de deux ans, ce ne sera pas bon\u2009\u00bb, avance-t-il. \u00c0 l\u2019en croire, il faudra d\u2019abord structurer les instances au niveau d\u00e9partemental, ensuite au niveau r\u00e9gional, avant d\u2019en faire autant au niveau national. Pour cela, renseigne-t-il, \u00ab\u2009il faut une formation des administratifs\u2009\u00bb.<\/p>\n\n\n\n<p>\u00c0 ce sujet, Lansana Coly clame qu\u2019il faut des gens responsables dans les bureaux des instances dirigeantes pour avoir une f\u00e9d\u00e9ration responsable. \u00ab\u2009Pour \u00eatre membre d\u2019une f\u00e9d\u00e9ration, il faut un club. Quelle sera donc la position des pr\u00e9sidents des Crg\u2009?\u2009\u00bb s\u2019interroge-t-il. Avant d\u2019\u00e9taler son inqui\u00e9tude : \u00ab\u2009Dakar, Thi\u00e8s et Kaolack sont les seules r\u00e9gions qui ont rempli les crit\u00e8res d\u2019une f\u00e9d\u00e9ration. En tant que technicien, j\u2019ai peur que la f\u00e9d\u00e9ration soit source de conflits et que la place de la lutte s\u00e9n\u00e9galaise au niveau international d\u00e9gringole \u00e0 cause de cela\u2009\u00bb.<\/p>\n\n\n\n<p>Passer au mod\u00e8le f\u00e9d\u00e9ral est un projet effectivement r\u00e9alisable, mais le seul \u00e9cueil sera d\u2019ordre temporel, selon de nombreux experts. Pour beaucoup d\u2019entre eux, si le probl\u00e8me du timing est r\u00e9gl\u00e9, c\u2019est-\u00e0-dire si les techniciens font le n\u00e9cessaire dans les meilleurs d\u00e9lais et les meilleures conditions, la lutte reviendra \u00e0 une gestion de type f\u00e9d\u00e9ral.<\/p>\n\n\n\n<p><strong>Par Abdoulaye DEMB\u00c9L\u00c9<\/strong> &#8211; LESOLEIL<\/p>\n","protected":false},"excerpt":{"rendered":"<p>Les structures de gestion de la lutte sont de deux types : f\u00e9d\u00e9ral et d\u2019exception. Lors des Assises de la<\/p>\n","protected":false},"author":1,"featured_media":58680,"comment_status":"open","ping_status":"open","sticky":false,"template":"","format":"standard","meta":{"footnotes":""},"categories":[9],"tags":[],"class_list":["post-58679","post","type-post","status-publish","format-standard","has-post-thumbnail","hentry","category-sports"],"_links":{"self":[{"href":"https:\/\/dekkbi.com\/index.php?rest_route=\/wp\/v2\/posts\/58679","targetHints":{"allow":["GET"]}}],"collection":[{"href":"https:\/\/dekkbi.com\/index.php?rest_route=\/wp\/v2\/posts"}],"about":[{"href":"https:\/\/dekkbi.com\/index.php?rest_route=\/wp\/v2\/types\/post"}],"author":[{"embeddable":true,"href":"https:\/\/dekkbi.com\/index.php?rest_route=\/wp\/v2\/users\/1"}],"replies":[{"embeddable":true,"href":"https:\/\/dekkbi.com\/index.php?rest_route=%2Fwp%2Fv2%2Fcomments&post=58679"}],"version-history":[{"count":2,"href":"https:\/\/dekkbi.com\/index.php?rest_route=\/wp\/v2\/posts\/58679\/revisions"}],"predecessor-version":[{"id":58727,"href":"https:\/\/dekkbi.com\/index.php?rest_route=\/wp\/v2\/posts\/58679\/revisions\/58727"}],"wp:featuredmedia":[{"embeddable":true,"href":"https:\/\/dekkbi.com\/index.php?rest_route=\/wp\/v2\/media\/58680"}],"wp:attachment":[{"href":"https:\/\/dekkbi.com\/index.php?rest_route=%2Fwp%2Fv2%2Fmedia&parent=58679"}],"wp:term":[{"taxonomy":"category","embeddable":true,"href":"https:\/\/dekkbi.com\/index.php?rest_route=%2Fwp%2Fv2%2Fcategories&post=58679"},{"taxonomy":"post_tag","embeddable":true,"href":"https:\/\/dekkbi.com\/index.php?rest_route=%2Fwp%2Fv2%2Ftags&post=58679"}],"curies":[{"name":"wp","href":"https:\/\/api.w.org\/{rel}","templated":true}]}}