{"id":5867,"date":"2023-01-05T11:06:34","date_gmt":"2023-01-05T11:06:34","guid":{"rendered":"https:\/\/dekkbi.com\/?p=5867"},"modified":"2023-01-05T11:08:11","modified_gmt":"2023-01-05T11:08:11","slug":"mauritanie-lex-president-mohamed-ould-abdel-aziz-sinsurge-detre-empeche-de-voyager","status":"publish","type":"post","link":"https:\/\/dekkbi.com\/?p=5867","title":{"rendered":"L&rsquo;ex-pr\u00e9sident  Abdel Aziz emp\u00each\u00e9 de voyager"},"content":{"rendered":"\n<p><strong>L&rsquo;ancien pr\u00e9sident mauritanien Mohamed Ould Abdel Aziz a \u00e9t\u00e9 emp\u00each\u00e9 de voyager \u00e0 l&rsquo;\u00e9tranger, mercredi 4 janvier. Alors qu&rsquo;il s&rsquo;appr\u00eatait \u00e0 prendre un vol pour Paris, l&rsquo;ancien pr\u00e9sident a \u00e9t\u00e9 intercept\u00e9 \u00e0 l&rsquo;a\u00e9roport de Nouakchott par la gendarmerie, qui lui a confisqu\u00e9 son passeport.<\/strong><\/p>\n\n\n\n<p>\u00ab\u00a0<em>J\u2019avais pr\u00e9vu de voyager ce soir sur Paris, je me suis pr\u00e9sent\u00e9 normalement et j\u2019ai fait mes formalit\u00e9s<\/em>, raconte l&rsquo;ancien pr\u00e9sident Mohamed Ould Abdel Aziz<em>. Tout allait tr\u00e8s bien jusqu\u2019\u00e0 l\u2019arriv\u00e9e de la gendarmerie. Les gendarmes m\u2019ont demand\u00e9 mon passeport. Je leur ai dit qu\u2019ils n\u2019\u00e9taient pas concern\u00e9s par \u00e7a, parce que ce ne sont pas eux qui font les formalit\u00e9s. Une fois devant le guichet, j\u2019ai pr\u00e9sent\u00e9 le passeport avec la carte d\u2019embarquement, et puis ils m\u2019ont dit\u00a0:\u00a0<\/em>\u00ab\u00a0On a re\u00e7u des instructions pour vous emp\u00eacher de voyager. Vous ne pouvez pas quitter le pays.\u00a0\u00bb<em>\u00a0Je leur ai demand\u00e9 pourquoi, est-ce qu\u2019ils ont un document quelconque pour justifier leur d\u00e9cision<\/em>\u00a0<em>? Ils m\u2019ont dit non, ce sont les instructions, mon passeport est confisqu\u00e9.<\/em>\u00a0\u00bb<\/p>\n\n\n\n<p>Mohamed Ould Abdel Aziz est en attente d&rsquo;\u00eatre jug\u00e9 pour des faits de corruption durant ses 10 ann\u00e9es au pouvoir. L&rsquo;ancien chef de l&rsquo;\u00c9tat avait \u00e9t\u00e9 mis sous contr\u00f4le judiciaire en 2021, puis incarc\u00e9r\u00e9, assign\u00e9 ensuite \u00e0 r\u00e9sidence pour des raisons de sant\u00e9, et enfin, lib\u00e9r\u00e9 en septembre, suite \u00e0 la\u00a0<strong>fin de son contr\u00f4le judiciaire<\/strong>. Il s&rsquo;est\u00a0<strong>d\u00e9j\u00e0 rendu \u00e0 Paris<\/strong>\u00a0durant deux mois, le trimestre dernier.<\/p>\n\n\n\n<h2 class=\"wp-block-heading\">\u00ab<em>J\u2019attends d\u2019\u00eatre jug\u00e9<\/em>\u00a0\u00bb<\/h2>\n\n\n\n<p>Il estime que les \u00e9v\u00e9nements d&rsquo;hier sont une sanction politique, sans fondement juridique&nbsp;:<em>&nbsp;<\/em>\u00ab&nbsp;<em>Une mesure de la police politique de la dictature de mon pays, c\u2019est tout&nbsp;! Moi, je ne suis ni en contr\u00f4le judiciaire, ni en r\u00e9sidence surveill\u00e9e. J\u2019attends d\u2019\u00eatre jug\u00e9, donc je ne peux pas comprendre. \u00c0 partir du moment o\u00f9 je suis chez moi, je ne sais pas si je suis en libert\u00e9 parce que je suis poursuivi, pourchass\u00e9. Et ces derniers temps, j\u2019ai beaucoup boug\u00e9, j\u2019ai fait beaucoup de bruit, pour \u00eatre en paix avec la police, et il ne faut pas trop bouger, il ne faut pas trop parler, il ne faut pas critiquer le syst\u00e8me. Malheureusement, depuis trois ans, on vit ce syst\u00e8me, on vit cette dictature cynique et sournoise.<\/em>&nbsp;\u00bb<\/p>\n","protected":false},"excerpt":{"rendered":"<p>L&rsquo;ancien pr\u00e9sident mauritanien Mohamed Ould Abdel Aziz a \u00e9t\u00e9 emp\u00each\u00e9 de voyager \u00e0 l&rsquo;\u00e9tranger, mercredi 4 janvier. Alors qu&rsquo;il s&rsquo;appr\u00eatait<\/p>\n","protected":false},"author":1,"featured_media":5868,"comment_status":"open","ping_status":"open","sticky":false,"template":"","format":"standard","meta":{"footnotes":""},"categories":[26],"tags":[],"class_list":["post-5867","post","type-post","status-publish","format-standard","has-post-thumbnail","hentry","category-fait-divers"],"_links":{"self":[{"href":"https:\/\/dekkbi.com\/index.php?rest_route=\/wp\/v2\/posts\/5867","targetHints":{"allow":["GET"]}}],"collection":[{"href":"https:\/\/dekkbi.com\/index.php?rest_route=\/wp\/v2\/posts"}],"about":[{"href":"https:\/\/dekkbi.com\/index.php?rest_route=\/wp\/v2\/types\/post"}],"author":[{"embeddable":true,"href":"https:\/\/dekkbi.com\/index.php?rest_route=\/wp\/v2\/users\/1"}],"replies":[{"embeddable":true,"href":"https:\/\/dekkbi.com\/index.php?rest_route=%2Fwp%2Fv2%2Fcomments&post=5867"}],"version-history":[{"count":3,"href":"https:\/\/dekkbi.com\/index.php?rest_route=\/wp\/v2\/posts\/5867\/revisions"}],"predecessor-version":[{"id":5871,"href":"https:\/\/dekkbi.com\/index.php?rest_route=\/wp\/v2\/posts\/5867\/revisions\/5871"}],"wp:featuredmedia":[{"embeddable":true,"href":"https:\/\/dekkbi.com\/index.php?rest_route=\/wp\/v2\/media\/5868"}],"wp:attachment":[{"href":"https:\/\/dekkbi.com\/index.php?rest_route=%2Fwp%2Fv2%2Fmedia&parent=5867"}],"wp:term":[{"taxonomy":"category","embeddable":true,"href":"https:\/\/dekkbi.com\/index.php?rest_route=%2Fwp%2Fv2%2Fcategories&post=5867"},{"taxonomy":"post_tag","embeddable":true,"href":"https:\/\/dekkbi.com\/index.php?rest_route=%2Fwp%2Fv2%2Ftags&post=5867"}],"curies":[{"name":"wp","href":"https:\/\/api.w.org\/{rel}","templated":true}]}}