{"id":58666,"date":"2025-06-23T15:38:55","date_gmt":"2025-06-23T15:38:55","guid":{"rendered":"https:\/\/dekkbi.com\/?p=58666"},"modified":"2025-06-23T15:38:56","modified_gmt":"2025-06-23T15:38:56","slug":"entretien-magui-diop-artiste-rappeuse-beaucoup-de-producteurs-continuent-de-privilegier-les-artistes-masculins","status":"publish","type":"post","link":"https:\/\/dekkbi.com\/?p=58666","title":{"rendered":"ENTRETIEN &#8211; MAGUI DIOP (ARTISTE-RAPPEUSE) &#8211;  \u00a0\u2018\u2019Beaucoup de producteurs continuent de privil\u00e9gier les artistes masculins\u2019\u2019"},"content":{"rendered":"\n<p><em><strong>C\u2019est un v\u00e9ritable cri du c\u0153ur que lance l\u2019artiste Magui Diop dans cet entretien accord\u00e9 \u00e0 \u2018\u2019EnQu\u00eate\u2019\u2019. Connue pour son engagement et sa forte capacit\u00e9 \u00e0 briser les tabous, la rappeuse d\u00e9nonce les formes de discrimination sexiste, notamment dans le milieu du spectacle. D\u00e9termin\u00e9e et visionnaire, elle a pour mission de faire rayonner la musique s\u00e9n\u00e9galaise. Ainsi, l\u2019auteure de l\u2019album \u2018\u2019Seetu\u2019\u2019 et du nouveau single \u2018\u2019Joxma sa five\u2019\u2019 a \u00e9galement \u00e9voqu\u00e9, entre autres, ses projets, son parcours, mais aussi le \u2018\u2019clash\u2019\u2019 avec Eva-Crazy.<\/strong><\/em><\/p>\n\n\n\n<p><em><strong>Qu\u2019est-ce qui a d\u00e9clench\u00e9 en vous cette passion pour le rap ?<\/strong><\/em><\/p>\n\n\n\n<p>Ce n\u2019est pas un moment pr\u00e9cis qui a tout d\u00e9clench\u00e9, mais plut\u00f4t une accumulation de choses. Depuis toute petite, j\u2019ai toujours \u00e9t\u00e9 attir\u00e9e par la musique. Je passais des heures \u00e0 \u00e9couter la radio ou \u00e0 rester scotch\u00e9e devant Trace TV, fascin\u00e9e par les clips, les mots, l\u2019\u00e9nergie. Avec le temps, c\u2019est devenu plus qu\u2019une passion : un besoin. Le rap est venu naturellement, comme une langue que je parlais d\u00e9j\u00e0 sans m\u2019en rendre compte. C\u2019\u00e9tait le seul espace o\u00f9 je pouvais \u00eatre vraie, enti\u00e8re et libre.<\/p>\n\n\n\n<p><em><strong>Comment avez-vous d\u00e9velopp\u00e9 votre talent ?<\/strong><\/em><\/p>\n\n\n\n<p>Mon talent s\u2019est construit petit \u00e0 petit, entre rencontres marquantes, curiosit\u00e9 personnelle et envie constante de me d\u00e9passer. Au lyc\u00e9e, j\u2019ai crois\u00e9 le chemin d\u2019un groupe de rap qui a \u00e9t\u00e9 pour moi un vrai d\u00e9clencheur. Ce sont eux qui m\u2019ont r\u00e9ellement fait aimer le rap, non pas seulement comme un style musical, mais comme un art \u00e0 part enti\u00e8re. \u00c0 leurs c\u00f4t\u00e9s, j\u2019ai d\u00e9couvert la puissance des textes, l\u2019importance des messages et surtout l\u2019\u00e9nergie collective que peut cr\u00e9er cette musique.<\/p>\n\n\n\n<p>Mais au-del\u00e0 de cette premi\u00e8re impulsion, c\u2019est ma propre curiosit\u00e9 qui m\u2019a pouss\u00e9e \u00e0 aller plus loin. J\u2019ai commenc\u00e9 \u00e0 me documenter, \u00e0 \u00e9couter des classiques, \u00e0 observer les styles, les flows, les mani\u00e8res de raconter. Je voulais comprendre comment les plus grands arrivaient \u00e0 toucher autant de gens avec des mots. Tr\u00e8s t\u00f4t, j\u2019ai eu besoin d\u2019\u00e9crire mes propres textes. C\u2019\u00e9tait ma fa\u00e7on de me challenger, de voir si j\u2019\u00e9tais capable, moi aussi, de transformer mes \u00e9motions, mes id\u00e9es en quelque chose de fort. Je ne cherchais pas \u00e0 imiter, mais \u00e0 exprimer ce que j\u2019avais en moi, avec mes propres mots, ma propre voix. Cette exigence personnelle, ce besoin d\u2019authenticit\u00e9, c\u2019est ce qui m\u2019a fait progresser et ce qui continue de me faire avancer aujourd\u2019hui.<\/p>\n\n\n\n<p><em><strong>Quels sont les artistes qui ont marqu\u00e9 votre parcours ?<\/strong><\/em><\/p>\n\n\n\n<p>Plusieurs artistes ont marqu\u00e9 mon parcours, chacun \u00e0 sa mani\u00e8re. Il y a d\u2019abord ceux que j\u2019\u00e9coutais en boucle quand j\u2019\u00e9tais plus jeune, ceux qui passaient sur Trace TV ou \u00e0 la radio et qui ont \u00e9veill\u00e9 ma curiosit\u00e9 pour la musique. Des figures comme Diam\u2019s, qui a su allier force et sensibilit\u00e9, m\u2019ont beaucoup inspir\u00e9e. Elle prouvait qu\u2019on pouvait \u00eatre une femme, avoir un message fort et tenir sa place dans un milieu tr\u00e8s masculin.<\/p>\n\n\n\n<p>Ensuite, il y a eu des artistes africains, comme Matador, avec qui j\u2019ai eu la chance de collaborer plus tard. Son engagement, son travail de terrain, son parcours m\u2019ont \u00e9norm\u00e9ment appris, notamment sur l\u2019importance de rester connect\u00e9e \u00e0 sa communaut\u00e9 et \u00e0 ses valeurs. Des voix comme celles de Lauryn Hill, Youssoupha et m\u00eame Dip Doundou Guiss m\u2019ont aussi profond\u00e9ment marqu\u00e9e par leur mani\u00e8re de m\u00ealer po\u00e9sie, conscience et musicalit\u00e9. Ils m\u2019ont montr\u00e9 qu\u2019on pouvait faire du rap avec de la profondeur, tout en touchant un large public.<\/p>\n\n\n\n<p><em><strong>\u00c9tait-ce facile d\u2019allier rap et \u00e9tudes ?<\/strong><\/em><\/p>\n\n\n\n<p>Ce n\u2019\u00e9tait pas toujours \u00e9vident de concilier rap et \u00e9tudes : jongler entre les cours, les devoirs et les sessions d\u2019\u00e9criture ou de r\u00e9p\u00e9tition demandait une organisation rigoureuse, d\u2019autant plus que j\u2019\u00e9tais en s\u00e9rie scientifique. J\u2019ai vite compris qu\u2019il fallait se fixer des plages horaires claires. Parfois, je r\u00e9visais en d\u00e9but de soir\u00e9e, puis je passais quelques heures \u00e0 travailler mes textes ou inversement, selon les \u00e9ch\u00e9ances scolaires et artistiques.<\/p>\n\n\n\n<p><em><strong>Parlez-nous de votre projet \u2018\u2019Classroom\u2019\u2019.<\/strong><\/em><\/p>\n\n\n\n<p>\u2018\u2019Classroom\u2019\u2019 est un projet artistique et \u00e9ducatif que j\u2019ai lanc\u00e9 avec Africulturban pour une envie simple, mais forte : cr\u00e9er un espace o\u00f9 les artistes peuvent s\u2019exprimer librement sur des sujets de soci\u00e9t\u00e9, tout en touchant un public jeune et connect\u00e9. Le concept, c\u2019est une \u00e9mission musicale au format vid\u00e9o, avec un nouveau th\u00e8me chaque mois. On y retrouve des performances de rappeurs, chanteurs, danseurs, humoristes ou com\u00e9diens, qui utilisent leur art pour parler de sujets souvent tabous ou sensibles, comme la sant\u00e9, le scandale de Duba\u00ef \u2018\u2019Porta Potty\u2019\u2019, l\u2019hypersexualisation, les scandales ou les pressions sociales\u2026<\/p>\n\n\n\n<p>Ce projet est n\u00e9 de mon envie de m\u00ealer art et prise de conscience, de proposer une forme d\u2019\u00e9ducation populaire, accessible et directe. La premi\u00e8re saison a connu un vrai succ\u00e8s : plus de 300 000 vues sur YouTube, plus de 20 artistes invit\u00e9s et des retours tr\u00e8s forts, notamment sur les r\u00e9seaux sociaux avec des challenges TikTok autour des th\u00e8mes abord\u00e9s.<\/p>\n\n\n\n<p>\u2018\u2019Classroom\u2019\u2019, c\u2019est aussi une mani\u00e8re de dire que chaque artiste a quelque chose \u00e0 transmettre et que l\u2019art peut \u00eatre un outil d\u2019apprentissage et de dialogue. C\u2019est un projet qui me tient \u00e0 c\u0153ur, parce qu\u2019il me ressemble et parce qu\u2019il cr\u00e9e un espace libre d\u2019expression.<\/p>\n\n\n\n<p><em><strong>Dans votre musique, vous abordez des th\u00e8mes li\u00e9s au f\u00e9minisme (\u2018\u2019Guis Mbaax\u2019\u2019), \u00e0 la justice, \u00e0 l\u2019\u00e9ducation. Qu\u2019est-ce qui explique votre engagement ?<\/strong><\/em><\/p>\n\n\n\n<p>Mon engagement vient avant tout de mon v\u00e9cu, de ce que j\u2019ai vu, ressenti et parfois subi en tant que jeune femme s\u00e9n\u00e9galaise, artiste et citoyenne. Tr\u00e8s t\u00f4t, j\u2019ai compris que la musique pouvait \u00eatre bien plus qu\u2019un simple divertissement. C\u2019\u00e9tait un outil puissant pour dire ce qui d\u00e9range, pour r\u00e9veiller les consciences, pour parler \u00e0 celles et ceux qui se reconnaissent dans des r\u00e9alit\u00e9s souvent ignor\u00e9es.<\/p>\n\n\n\n<p>Des projets comme \u2018\u2019Guis Mbaax\u2019\u2019, qui aborde les menstruations et l\u2019\u00e9ducation sexuelle des jeunes filles, sont n\u00e9s d\u2019un besoin urgent : celui de briser les tabous, d\u2019ouvrir des espaces de parole l\u00e0 o\u00f9 le silence fait mal. Pareil pour les th\u00e8mes de justice, d\u2019\u00e9ducation ou d\u2019\u00e9galit\u00e9 : ce sont des combats du quotidien. Quand on grandit entour\u00e9 d\u2019injustices normalis\u00e9es, on n\u2019a que deux choix : se taire ou s\u2019exprimer. J\u2019ai choisi le micro.<\/p>\n\n\n\n<p>Mon engagement, c\u2019est aussi une mani\u00e8re d\u2019honorer celles et ceux qui n\u2019ont pas de voix, et d\u2019utiliser la mienne pour porter plus loin nos luttes, nos espoirs. \u00c0 mes yeux, l\u2019art est politique et il est de notre responsabilit\u00e9 de nous en servir pour transformer, ne serait-ce qu\u2019un peu, le monde autour de nous.<\/p>\n\n\n\n<p><em><strong>Depuis la sortie de votre album \u00ab\u00a0Seetu\u00a0\u00bb, quelles ont \u00e9t\u00e9 les r\u00e9percussions dans votre carri\u00e8re ?<\/strong><\/em><\/p>\n\n\n\n<p>\u2018\u2019Seetu\u2019\u2019 a marqu\u00e9 un v\u00e9ritable tournant dans ma carri\u00e8re. C\u2019\u00e9tait mon tout premier projet solo, enti\u00e8rement autoproduit, avec des messages forts et engag\u00e9s. Il m\u2019a permis non seulement d\u2019affirmer mon identit\u00e9 artistique, mais aussi de montrer qu\u2019une femme peut prendre sa place dans un univers encore largement masculin, sans compromis sur ses valeurs ou sa vision.<\/p>\n\n\n\n<p>Les r\u00e9percussions ont \u00e9t\u00e9 tr\u00e8s positives : l\u2019album a attir\u00e9 l\u2019attention des m\u00e9dias locaux et internationaux, il m\u2019a permis d\u2019\u00e9largir mon public, de faire mes premiers concerts live et surtout d\u2019ouvrir des portes.<\/p>\n\n\n\n<p>Gr\u00e2ce \u00e0 \u2018\u2019Seetu\u2019\u2019, j\u2019ai \u00e9t\u00e9 invit\u00e9e \u00e0 participer \u00e0 des \u00e9v\u00e9nements importants comme la Biennale de Dakar et bient\u00f4t une tourn\u00e9e europ\u00e9enne.<\/p>\n\n\n\n<p>Il y a aussi eu une reconnaissance institutionnelle, comme le soutien du prince Claus Fund ou encore mon int\u00e9gration \u00e0 des r\u00e9seaux professionnels \u00e0 l\u2019international, notamment \u00e0 Visa for Music au Maroc, facilit\u00e9 par le Goethe Institut, Dakar Cr\u00e9ative Consulting et Zhu Culture.<\/p>\n\n\n\n<p>Au final, \u2018\u2019Seetu\u2019\u2019 a \u00e9t\u00e9 bien plus qu\u2019un album : c\u2019\u00e9tait une d\u00e9claration, un point de d\u00e9part et un message clair. Il a renforc\u00e9 ma cr\u00e9dibilit\u00e9, mais aussi ma responsabilit\u00e9 en tant qu\u2019artiste engag\u00e9e.<\/p>\n\n\n\n<p><em><strong>Comment analysez-vous la pr\u00e9sence des femmes dans le rap s\u00e9n\u00e9galais ?<\/strong><\/em><\/p>\n\n\n\n<p>La pr\u00e9sence des femmes dans le rap s\u00e9n\u00e9galais est bien r\u00e9elle, mais encore trop peu visible. Des pionni\u00e8res comme Alif ou Sister Fa ont ouvert la voie et aujourd\u2019hui, une nouvelle g\u00e9n\u00e9ration prend le relais avec force et engagement. Les d\u00e9fis restent nombreux : pr\u00e9jug\u00e9s, manque de visibilit\u00e9, peu de soutien. Mais au lieu de nous freiner, cela nous pousse \u00e0 aller plus loin. Le rap, pour moi, c\u2019est un espace de libert\u00e9. Et \u00e0 travers mes projets, j\u2019essaie d\u2019encourager d\u2019autres filles \u00e0 prendre le micro et \u00e0 faire entendre leur voix. Le mouvement est lanc\u00e9 et il est puissant.<\/p>\n\n\n\n<p><em><strong>Avez-vous d\u00e9j\u00e0 subi une discrimination sexiste ?<\/strong><\/em><\/p>\n\n\n\n<p>Oui, j\u2019ai d\u00e9j\u00e0 ressenti des formes de discrimination sexiste, notamment dans le milieu du spectacle. Dans la majorit\u00e9 des concerts ou \u00e9v\u00e9nements rap, la pr\u00e9sence des femmes reste tr\u00e8s marginale. On nous invite rarement et lorsqu\u2019on le fait, c\u2019est souvent pour remplir un quota, pas pour r\u00e9ellement nous valoriser. Beaucoup de producteurs continuent de privil\u00e9gier les artistes masculins, comme si notre art, notre message avaient moins de port\u00e9e. C\u2019est une mise \u00e0 l\u2019\u00e9cart injuste, alors m\u00eame que les femmes dans le rap ont une vision, une voix et un impact bien r\u00e9els.<\/p>\n\n\n\n<p>M\u00eame dans les Awards et les c\u00e9r\u00e9monies de reconnaissance artistique, cela se ressent : certaines \u00e9ditions ont tout simplement supprim\u00e9 la cat\u00e9gorie Rappeuse de l\u2019ann\u00e9e, comme si notre contribution n\u2019existait plus ou n\u2019\u00e9tait pas assez l\u00e9gitime. C\u2019est un signal inqui\u00e9tant qui montre \u00e0 quel point le chemin reste long. Il est temps d\u2019y rem\u00e9dier, non pas par piti\u00e9 ou symbolisme, mais par une r\u00e9elle volont\u00e9 de reconnaissance et de justice. Ce changement passera aussi par notre capacit\u00e9, en tant que femmes, \u00e0 continuer de nous affirmer, \u00e0 cr\u00e9er nos propres espaces, et \u00e0 exiger notre place l\u00e0 o\u00f9 elle nous revient.<\/p>\n\n\n\n<p><em><strong>Qu\u2019est-ce qui explique votre clash avec Eva-Crazy ?<\/strong><\/em><\/p>\n\n\n\n<p>Pour \u00eatre honn\u00eate, il n\u2019y a jamais eu de clash de ma part avec Eva-Crazy. J\u2019ai simplement lanc\u00e9 quelques piques, comme on le fait souvent dans le rap &#8211; c\u2019\u00e9tait plus une fa\u00e7on de marquer mon territoire qu\u2019une attaque directe. Elle s\u2019est sentie directement vis\u00e9e, alors que ce n\u2019\u00e9tait m\u00eame pas personnel. Ensuite, elle a voulu cr\u00e9er un vrai clash autour de \u00e7a, mais moi, je n\u2019\u00e9tais pas dans cette logique. Je suis une rappeuse moderne, classe et je n\u2019ai aucun int\u00e9r\u00eat \u00e0 rentrer dans des histoires de buzz sans fond. Ce n\u2019est ni ma strat\u00e9gie ni ma vision du rap. Je pr\u00e9f\u00e8re mettre mon \u00e9nergie dans des projets constructifs, engag\u00e9s, qui laissent une trace. Le rap peut \u00eatre piquant, oui, mais il doit aussi \u00e9lever.<\/p>\n\n\n\n<p><em><strong>Qu\u2019est-ce que vous comptez faire pour vous imposer sur le march\u00e9 international ?<\/strong><\/em><\/p>\n\n\n\n<p>\u2018\u2019Seetu\u2019\u2019 a pos\u00e9 les premi\u00e8res pierres de mon ambition internationale. Ce projet m\u2019a permis d\u2019ouvrir des portes, de me faire entendre au-del\u00e0 du S\u00e9n\u00e9gal et de montrer qu\u2019on pouvait allier profondeur artistique et identit\u00e9 forte. La suite sera encore plus marquante. Je travaille sur de nouvelles productions, avec des sons plus affirm\u00e9s, des visuels plus puissants et une strat\u00e9gie de diffusion pens\u00e9e \u00e0 l\u2019\u00e9chelle panafricaine d\u2019abord, puis mondiale.<\/p>\n\n\n\n<p>Attendez-vous \u00e0 une Magui non pas diff\u00e9rente, mais \u00e9volu\u00e9e. Une artiste plus strat\u00e9gique, plus d\u00e9termin\u00e9e et toujours fid\u00e8le \u00e0 ses racines. Mon objectif est clair : faire rayonner la musique s\u00e9n\u00e9galaise, faire flotter notre drapeau sur toutes les sc\u00e8nes d\u2019Afrique, puis au-del\u00e0, Inch\u2019Allah.<\/p>\n\n\n\n<p><em><strong>Est-ce dans ce cadre que vous avez sorti votre nouveau single \u00ab\u00a0Joxma sa five\u00a0\u00bb ?<\/strong><\/em><\/p>\n\n\n\n<p>\u00ab\u00a0Joxma sa five\u00a0\u00bb est mon tout dernier single, et c\u2019est bien plus qu\u2019un morceau &#8211; c\u2019est une d\u00e9claration. J\u2019ai voulu rendre hommage \u00e0 une \u00e9poque, \u00e0 une Vibe old School, en reprenant un classique de Wa BMG44, tout en y ajoutant ma touche personnelle. C\u2019est un son \u00e0 la fois festif et affirm\u00e9, qui refl\u00e8te mon identit\u00e9 : entre respect des fondations du rap s\u00e9n\u00e9galais et modernit\u00e9 assum\u00e9e.<\/p>\n\n\n\n<p>Ce single marque aussi mon retour, apr\u00e8s une petite pause, et annonce clairement la couleur de ce qui arrive. Je pr\u00e9pare actuellement de nouveaux projets, dont un EP plus abouti, avec des collaborations surprises, des th\u00e9matiques fortes et une production plus pouss\u00e9e. \u2018\u2019Joxma sa five\u2019\u2019, c\u2019est le d\u00e9but d\u2019un nouveau chapitre. Plus mature, plus strat\u00e9gique, mais toujours 100 % moi.<\/p>\n\n\n\n<p><em><strong>BABACAR SY SEYE<\/strong><\/em><\/p>\n\n\n\n<p>Section:&nbsp;<\/p>\n\n\n\n<p><a href=\"https:\/\/www.enqueteplus.com\/sections\/people\">peo<\/a><\/p>\n","protected":false},"excerpt":{"rendered":"<p>C\u2019est un v\u00e9ritable cri du c\u0153ur que lance l\u2019artiste Magui Diop dans cet entretien accord\u00e9 \u00e0 \u2018\u2019EnQu\u00eate\u2019\u2019. Connue pour son<\/p>\n","protected":false},"author":1,"featured_media":58667,"comment_status":"open","ping_status":"open","sticky":false,"template":"","format":"standard","meta":{"footnotes":""},"categories":[21],"tags":[],"class_list":["post-58666","post","type-post","status-publish","format-standard","has-post-thumbnail","hentry","category-societe"],"_links":{"self":[{"href":"https:\/\/dekkbi.com\/index.php?rest_route=\/wp\/v2\/posts\/58666","targetHints":{"allow":["GET"]}}],"collection":[{"href":"https:\/\/dekkbi.com\/index.php?rest_route=\/wp\/v2\/posts"}],"about":[{"href":"https:\/\/dekkbi.com\/index.php?rest_route=\/wp\/v2\/types\/post"}],"author":[{"embeddable":true,"href":"https:\/\/dekkbi.com\/index.php?rest_route=\/wp\/v2\/users\/1"}],"replies":[{"embeddable":true,"href":"https:\/\/dekkbi.com\/index.php?rest_route=%2Fwp%2Fv2%2Fcomments&post=58666"}],"version-history":[{"count":1,"href":"https:\/\/dekkbi.com\/index.php?rest_route=\/wp\/v2\/posts\/58666\/revisions"}],"predecessor-version":[{"id":58668,"href":"https:\/\/dekkbi.com\/index.php?rest_route=\/wp\/v2\/posts\/58666\/revisions\/58668"}],"wp:featuredmedia":[{"embeddable":true,"href":"https:\/\/dekkbi.com\/index.php?rest_route=\/wp\/v2\/media\/58667"}],"wp:attachment":[{"href":"https:\/\/dekkbi.com\/index.php?rest_route=%2Fwp%2Fv2%2Fmedia&parent=58666"}],"wp:term":[{"taxonomy":"category","embeddable":true,"href":"https:\/\/dekkbi.com\/index.php?rest_route=%2Fwp%2Fv2%2Fcategories&post=58666"},{"taxonomy":"post_tag","embeddable":true,"href":"https:\/\/dekkbi.com\/index.php?rest_route=%2Fwp%2Fv2%2Ftags&post=58666"}],"curies":[{"name":"wp","href":"https:\/\/api.w.org\/{rel}","templated":true}]}}