{"id":58661,"date":"2025-06-23T13:27:05","date_gmt":"2025-06-23T13:27:05","guid":{"rendered":"https:\/\/dekkbi.com\/?p=58661"},"modified":"2025-06-23T13:27:06","modified_gmt":"2025-06-23T13:27:06","slug":"crise-cedeao-aes-lappel-de-talla-sylla-a-la-cooperation","status":"publish","type":"post","link":"https:\/\/dekkbi.com\/?p=58661","title":{"rendered":"Crise CEDEAO-AES : l\u2019appel de Talla Sylla \u00e0 la coop\u00e9ration"},"content":{"rendered":"\n<p><a href=\"javascript:updateFontSize(1)\"><\/a>Dans une d\u00e9claration solennelle, Talla Sylla, pr\u00e9sident du Congr\u00e8s Africain pour la D\u00e9mocratie et le D\u00e9veloppement (CADD), exhorte les dirigeants de la CEDEAO et de l\u2019Alliance des \u00c9tats du Sahel (AES) \u00e0 d\u00e9passer leurs divergences. Il propose des pistes concr\u00e8tes pour restaurer la coop\u00e9ration r\u00e9gionale et r\u00e9pondre aux d\u00e9fis partag\u00e9s par les peuples d\u2019Afrique de l\u2019Ouest.<\/p>\n\n\n\n<p><strong>Aux dirigeants de la CEDEAO et de l\u2019AES,<\/strong><\/p>\n\n\n\n<p>En tant que Talla Sylla, Pr\u00e9sident du Congr\u00e8s Africain pour la D\u00e9mocratie et le D\u00e9veloppement, je m\u2019adresse \u00e0 vous avec une profonde inqui\u00e9tude et un sentiment d\u2019urgence. La division actuelle entre la Communaut\u00e9 \u00c9conomique des \u00c9tats de l\u2019Afrique de l\u2019Ouest (CEDEAO) et l\u2019Alliance des \u00c9tats du Sahel (AES) constitue une blessure ouverte au c\u0153ur de notre r\u00e9gion. Elle menace la stabilit\u00e9, la prosp\u00e9rit\u00e9 et l\u2019unit\u00e9 que nous avons mis tant d\u2019ann\u00e9es \u00e0 construire.<\/p>\n\n\n\n<p>Il ne s\u2019agit pas simplement de divergences politiques ou institutionnelles, mais d\u2019un danger r\u00e9el pour nos peuples. Cette fracture affaiblit notre capacit\u00e9 collective \u00e0 faire face aux d\u00e9fis majeurs : le terrorisme, les effets du changement climatique, la pauvret\u00e9 persistante, et l\u2019ins\u00e9curit\u00e9 alimentaire. Pendant que nos institutions s\u2019observent avec m\u00e9fiance, des vies sont perdues, des \u00e9conomies s\u2019effondrent et l\u2019espoir d\u2019un avenir meilleur s\u2019efface pour des millions de citoyens.<\/p>\n\n\n\n<p>&nbsp;<br><strong>Redonner vie \u00e0 la coop\u00e9ration r\u00e9gionale : un imp\u00e9ratif historique<\/strong><br>Je vous invite, avec humilit\u00e9 et fermet\u00e9, \u00e0 consid\u00e9rer les pistes suivantes non comme des injonctions, mais comme des bases solides pour un dialogue constructif et une r\u00e9conciliation n\u00e9cessaire :<\/p>\n\n\n\n<p><strong>Favoriser le dialogue et la diplomatie discr\u00e8te<\/strong><\/p>\n\n\n\n<p>Ouvrez des canaux de communication permanents. L\u2019heure n\u2019est plus aux d\u00e9clarations muscl\u00e9es, mais \u00e0 des discussions franches, respectueuses, sous m\u00e9diation neutre si besoin. La confiance doit \u00eatre reconstruite, non an\u00e9antie.<\/p>\n\n\n\n<p><strong>Mettre en avant les int\u00e9r\u00eats communs<\/strong><\/p>\n\n\n\n<p>Nos ennemis sont les m\u00eames. Terrorisme, pauvret\u00e9, ins\u00e9curit\u00e9 ne respectent aucune fronti\u00e8re. Coordonnons nos forces, nos services de renseignement, nos efforts pour le d\u00e9veloppement, la sant\u00e9, l\u2019\u00e9ducation et la libre circulation. Ce qui nous unit est bien plus fort que ce qui nous divise.<\/p>\n\n\n\n<p><strong>R\u00e9former pour inclure et renforcer<\/strong><\/p>\n\n\n\n<p>La CEDEAO doit s\u2019engager dans une r\u00e9forme de ses m\u00e9canismes de gouvernance. L\u2019ordre constitutionnel est important, mais il doit \u00eatre appliqu\u00e9 avec discernement, sans cr\u00e9er de nouvelles fractures populaires. Rendons nos institutions plus l\u00e9gitimes, inclusives et agiles.<\/p>\n\n\n\n<p><strong>Impliquer la soci\u00e9t\u00e9 civile<\/strong><\/p>\n\n\n\n<p>Les organisations citoyennes, les leaders communautaires, les universitaires peuvent faciliter le dialogue et apaiser les tensions. Le peuple veut la paix. Donnons-lui les moyens d\u2019y contribuer.<\/p>\n\n\n\n<p><strong>Avancer \u00e9tape par \u00e9tape<\/strong><\/p>\n\n\n\n<p>La r\u00e9conciliation prendra du temps. Commencez par des gestes de bonne foi, comme la lev\u00e9e de certaines sanctions, la reprise de collaborations techniques, et l\u2019\u00e9tablissement d\u2019une feuille de route commune. Chaque pas, aussi petit soit-il, compte.<\/p>\n\n\n\n<p><strong>Aux dirigeants de la CEDEAO et de l\u2019AES,<\/strong><\/p>\n\n\n\n<p>L\u2019histoire jugera votre capacit\u00e9 \u00e0 surmonter cette crise. Ne laissez pas les divisions actuelles hypoth\u00e9quer l\u2019avenir de notre jeunesse.<\/p>\n\n\n\n<p>Au nom du Congr\u00e8s Africain pour la D\u00e9mocratie et le D\u00e9veloppement, et en mon nom propre, je vous appelle \u00e0 dialoguer, \u00e0 vous rapprocher, et \u00e0 b\u00e2tir ensemble une Afrique de l\u2019Ouest unie, stable et prosp\u00e8re.<\/p>\n\n\n\n<p>L\u2019avenir de nos enfants en d\u00e9pend.&nbsp;<br>Avec l\u2019expression de ma haute consid\u00e9ration,<br>Talla Sylla<br>Pr\u00e9sident du Congr\u00e8s Africain pour la D\u00e9mocratie et le D\u00e9veloppement<\/p>\n","protected":false},"excerpt":{"rendered":"<p>Dans une d\u00e9claration solennelle, Talla Sylla, pr\u00e9sident du Congr\u00e8s Africain pour la D\u00e9mocratie et le D\u00e9veloppement (CADD), exhorte les dirigeants<\/p>\n","protected":false},"author":1,"featured_media":58664,"comment_status":"open","ping_status":"open","sticky":false,"template":"","format":"standard","meta":{"footnotes":""},"categories":[21],"tags":[],"class_list":["post-58661","post","type-post","status-publish","format-standard","has-post-thumbnail","hentry","category-societe"],"_links":{"self":[{"href":"https:\/\/dekkbi.com\/index.php?rest_route=\/wp\/v2\/posts\/58661","targetHints":{"allow":["GET"]}}],"collection":[{"href":"https:\/\/dekkbi.com\/index.php?rest_route=\/wp\/v2\/posts"}],"about":[{"href":"https:\/\/dekkbi.com\/index.php?rest_route=\/wp\/v2\/types\/post"}],"author":[{"embeddable":true,"href":"https:\/\/dekkbi.com\/index.php?rest_route=\/wp\/v2\/users\/1"}],"replies":[{"embeddable":true,"href":"https:\/\/dekkbi.com\/index.php?rest_route=%2Fwp%2Fv2%2Fcomments&post=58661"}],"version-history":[{"count":1,"href":"https:\/\/dekkbi.com\/index.php?rest_route=\/wp\/v2\/posts\/58661\/revisions"}],"predecessor-version":[{"id":58665,"href":"https:\/\/dekkbi.com\/index.php?rest_route=\/wp\/v2\/posts\/58661\/revisions\/58665"}],"wp:featuredmedia":[{"embeddable":true,"href":"https:\/\/dekkbi.com\/index.php?rest_route=\/wp\/v2\/media\/58664"}],"wp:attachment":[{"href":"https:\/\/dekkbi.com\/index.php?rest_route=%2Fwp%2Fv2%2Fmedia&parent=58661"}],"wp:term":[{"taxonomy":"category","embeddable":true,"href":"https:\/\/dekkbi.com\/index.php?rest_route=%2Fwp%2Fv2%2Fcategories&post=58661"},{"taxonomy":"post_tag","embeddable":true,"href":"https:\/\/dekkbi.com\/index.php?rest_route=%2Fwp%2Fv2%2Ftags&post=58661"}],"curies":[{"name":"wp","href":"https:\/\/api.w.org\/{rel}","templated":true}]}}