{"id":5863,"date":"2023-01-05T10:52:47","date_gmt":"2023-01-05T10:52:47","guid":{"rendered":"https:\/\/dekkbi.com\/?p=5863"},"modified":"2023-01-05T10:52:49","modified_gmt":"2023-01-05T10:52:49","slug":"certaines-entreprises-ont-ete-submergees-la-production-chinoise-plombee-par-le-covid-19","status":"publish","type":"post","link":"https:\/\/dekkbi.com\/?p=5863","title":{"rendered":"\u00abCertaines entreprises ont \u00e9t\u00e9 submerg\u00e9es\u00bb: la production chinoise plomb\u00e9e par le Covid-19"},"content":{"rendered":"\n<p>Apr\u00e8s trois ans sous cloche, le red\u00e9marrage de l\u2019\u00e9conomie chinoise a \u00e9t\u00e9 entrav\u00e9 par le \u00ab\u00a0tsunami\u00a0\u00bb Omicron. La propagation de l\u2019\u00e9pid\u00e9mie, apr\u00e8s le\u00a0rel\u00e2chement de la politique \u00ab\u00a0z\u00e9ro Covid-19\u00a0\u00bb le mois dernier, freine la production dans l\u2019ex-atelier du monde.<\/p>\n\n\n\n<p><\/p>\n\n\n\n<p><em>Avec notre correspondant \u00e0 P\u00e9kin,\u00a0<\/em><strong>St\u00e9phane Lagarde<\/strong> V  RFI<\/p>\n\n\n\n<p>La d\u00e9ferlante Covid-19 a priv\u00e9 les usines de travailleurs et de clients dans le sud-est de la Chine. La lev\u00e9e des restrictions avait pour objectif de relancer la machine productive,&nbsp;notamment \u00e0 Canton et Shenzhen.&nbsp;\u00ab<em>&nbsp;Les entreprises ont d\u00fb travailler avec moins de personnel. \u00c7a a \u00e9t\u00e9 tr\u00e8s dur, certaines ont \u00e9t\u00e9 submerg\u00e9es par le nombre des malades. Elles avaient 80% d\u2019employ\u00e9s en moins<\/em>, rapporteKlaus Zenkel, chef d\u2019entreprise \u00e0 Shenzhen et repr\u00e9sentant de la Chambre europ\u00e9enne de commerce pour le sud du pays<em>. D\u2019autres ont d\u00fb carr\u00e9ment arr\u00eater la production, mais heureusement, \u00e7a n\u2019a pas dur\u00e9 longtemps&nbsp;car elles ont suivi les consignes officielles qui disent que si on a peu de sympt\u00f4mes et pas de fi\u00e8vre, on peut travailler.&nbsp;<\/em>\u00bb<\/p>\n\n\n\n<h2 class=\"wp-block-heading\">Le pic d\u00e9pass\u00e9<\/h2>\n\n\n\n<p><strong>Les ouvriers covid\u00e9s non-fi\u00e9vreux<\/strong>\u00a0sur les cha\u00eenes de montage\u00a0ont permis \u00e0 de nombreuses usines de fonctionner avec 50% de leurs personnels. Ce qui aurait limit\u00e9 la casse, selon la Chambre europ\u00e9enne de commerce, qui comme l\u2019ensemble du monde des affaires avait appel\u00e9 \u00e0 plusieurs reprises \u00e0 la lev\u00e9e des restrictions z\u00e9ro-Covid.<\/p>\n\n\n\n<p>Les bouchons sont d\u00e9sormais revenus dans les m\u00e9galopoles du Sud, signe que le pic de l\u2019\u00e9pid\u00e9mie est pass\u00e9. Reste que l\u2019activit\u00e9 des usines chinoises s\u2019est encore contract\u00e9e en d\u00e9cembre et pour les services, restaurants et commerces, les affaires ont \u00e9t\u00e9&nbsp;aussi mauvaises cet hiver&nbsp;qu\u2019au d\u00e9but de la pand\u00e9mie en 2020, selon une enqu\u00eate officielle.<\/p>\n\n\n\n<p>En France, les espoirs contrari\u00e9s des professionnels du tourisme<\/p>\n\n\n\n<p>En France, premi\u00e8re destination europ\u00e9enne des Chinois, le secteur touristique attend avec impatience la r\u00e9ouverture de la Chine, pr\u00e9vue pour le 8 janvier apr\u00e8s trois ans de politique \u00ab z\u00e9ro Covid \u00bb. Comme&nbsp;Wu Qin,&nbsp;propri\u00e9taire franco-chinois de seize h\u00f4tels \u00e0 Paris. Avant la pand\u00e9mie, les Chinois repr\u00e9sentaient 10% de son&nbsp;chiffre d&rsquo;affaires. Alors l&rsquo;annonce de la r\u00e9ouverture de son pays natal l&rsquo;avait enchant\u00e9 pour ses affaires parisiennes&nbsp;: \u00ab<em>&nbsp;Les Chinois, quand ils pensent \u00e0 voyager en Europe, le premier pays auquel ils pensent, c\u2019est la France,&nbsp;<\/em>explique-t-il.&nbsp;<em>Et la premi\u00e8re ville \u00e0 laquelle ils pensent, c\u2019est Paris. C\u2019est arriv\u00e9, la fin de la politique z\u00e9ro Covid.&nbsp;On \u00e9tait ravis&nbsp;! Mais malheureusement, en ce moment, on est d\u00e9\u00e7us.&nbsp;<\/em>\u00bb<\/p>\n\n\n\n<p>\u00c0 compter de jeudi, toutes les personnes arrivant en France depuis la Chine doivent pr\u00e9senter la preuve d&rsquo;un test (PCR ou antig\u00e9nique) n\u00e9gatif de moins de 48 heures. L&rsquo;h\u00f4telier franco-chinois est absolument contre&nbsp;: \u00ab<em>&nbsp;Ils ont su qu\u2019ils allaient \u00eatre test\u00e9s d\u00e8s leur arriv\u00e9e \u00e0 l\u2019a\u00e9roport. Je pense qu\u2019ils vont \u00eatre d\u00e9courag\u00e9s, parce que justement, ils attendaient ce moment-l\u00e0 pour sortir et si on pratique \u00e0 nouveau la politique qui ressemble un peu \u00e0 celle du z\u00e9ro Covid, \u00e7a leur fait un mauvais souvenir, je pense. C\u2019est un peu dommage, quand m\u00eame.<\/em>&nbsp;\u00bb Il attend les touristes chinois pour le printemps.<\/p>\n\n\n\n<p>C&rsquo;est \u00e9galement l&rsquo;avis de Jean-Pierre Mas, pr\u00e9sident du syndicat des entreprises du voyage&nbsp;: \u00ab<em>&nbsp;Ce n\u2019est pas parce que les Chinois peuvent voyager le 8 janvier qu\u2019ils vont voyager le 9 janvier. On n\u2019atteindra pas le niveau de fr\u00e9quentation de 2019 en 2023&nbsp;<\/em>\u00bb, estime-t-il.<\/p>\n\n\n\n<p>En 2019, les touristes chinois injectaient chaque ann\u00e9e plus de 3 milliards d&rsquo;euros dans l&rsquo;\u00e9conomie fran\u00e7aise.<\/p>\n","protected":false},"excerpt":{"rendered":"<p>Apr\u00e8s trois ans sous cloche, le red\u00e9marrage de l\u2019\u00e9conomie chinoise a \u00e9t\u00e9 entrav\u00e9 par le \u00ab\u00a0tsunami\u00a0\u00bb Omicron. La propagation de<\/p>\n","protected":false},"author":1,"featured_media":5865,"comment_status":"open","ping_status":"open","sticky":false,"template":"","format":"standard","meta":{"footnotes":""},"categories":[3],"tags":[],"class_list":["post-5863","post","type-post","status-publish","format-standard","has-post-thumbnail","hentry","category-event-more-news"],"_links":{"self":[{"href":"https:\/\/dekkbi.com\/index.php?rest_route=\/wp\/v2\/posts\/5863","targetHints":{"allow":["GET"]}}],"collection":[{"href":"https:\/\/dekkbi.com\/index.php?rest_route=\/wp\/v2\/posts"}],"about":[{"href":"https:\/\/dekkbi.com\/index.php?rest_route=\/wp\/v2\/types\/post"}],"author":[{"embeddable":true,"href":"https:\/\/dekkbi.com\/index.php?rest_route=\/wp\/v2\/users\/1"}],"replies":[{"embeddable":true,"href":"https:\/\/dekkbi.com\/index.php?rest_route=%2Fwp%2Fv2%2Fcomments&post=5863"}],"version-history":[{"count":1,"href":"https:\/\/dekkbi.com\/index.php?rest_route=\/wp\/v2\/posts\/5863\/revisions"}],"predecessor-version":[{"id":5866,"href":"https:\/\/dekkbi.com\/index.php?rest_route=\/wp\/v2\/posts\/5863\/revisions\/5866"}],"wp:featuredmedia":[{"embeddable":true,"href":"https:\/\/dekkbi.com\/index.php?rest_route=\/wp\/v2\/media\/5865"}],"wp:attachment":[{"href":"https:\/\/dekkbi.com\/index.php?rest_route=%2Fwp%2Fv2%2Fmedia&parent=5863"}],"wp:term":[{"taxonomy":"category","embeddable":true,"href":"https:\/\/dekkbi.com\/index.php?rest_route=%2Fwp%2Fv2%2Fcategories&post=5863"},{"taxonomy":"post_tag","embeddable":true,"href":"https:\/\/dekkbi.com\/index.php?rest_route=%2Fwp%2Fv2%2Ftags&post=5863"}],"curies":[{"name":"wp","href":"https:\/\/api.w.org\/{rel}","templated":true}]}}