{"id":58620,"date":"2025-06-23T10:17:41","date_gmt":"2025-06-23T10:17:41","guid":{"rendered":"https:\/\/dekkbi.com\/?p=58620"},"modified":"2025-06-23T10:17:42","modified_gmt":"2025-06-23T10:17:42","slug":"quebec-en-mode-teranga-une-nuit-de-feu-pour-celebrer-lamitie-a-dakar","status":"publish","type":"post","link":"https:\/\/dekkbi.com\/?p=58620","title":{"rendered":"Qu\u00e9bec en mode Teranga : Une nuit de feu pour c\u00e9l\u00e9brer l\u2019amiti\u00e9 \u00e0 Dakar"},"content":{"rendered":"\n<p>La D\u00e9l\u00e9gation g\u00e9n\u00e9rale du Qu\u00e9bec a pr\u00e9sent\u00e9 un spectacle de culture et de fraternit\u00e9 ce samedi soir \u00e0 Dakar, \u00e0 l&rsquo;occasion de la f\u00eate nationale du Qu\u00e9bec. L&rsquo;\u00e9v\u00e9nement a r\u00e9uni des diplomates, des responsables s\u00e9n\u00e9galais et des membres de la communaut\u00e9 qu\u00e9b\u00e9coise dans une atmosph\u00e8re tant\u00f4t conviviale, tant\u00f4t impliqu\u00e9e.&nbsp;<\/p>\n\n\n\n<p>Dans cette soir\u00e9e exceptionnelle, la musique traditionnelle du Qu\u00e9bec a fusionn\u00e9 avec les rythmes diola de Casamance, repr\u00e9sentant un puissant symbole d&rsquo;interaction culturelle dynamique entre deux communaut\u00e9s francophones li\u00e9es par l&rsquo;histoire, la langue et des principes partag\u00e9s.<\/p>\n\n\n\n<p>Iya Tour\u00e9, repr\u00e9sentant g\u00e9n\u00e9ral du Qu\u00e9bec \u00e0 Dakar, a saisi cette occasion festive pour souligner les relations \u00e9troites entre le Qu\u00e9bec et le S\u00e9n\u00e9gal, mettant en avant une collaboration dynamique ax\u00e9e sur la d\u00e9mocratie, la jeunesse, l&rsquo;innovation et l&rsquo;inclusion \u00e9conomique. Il a lou\u00e9 l&rsquo;engagement du nouveau pr\u00e9sident s\u00e9n\u00e9galais Bassirou Diomaye Diakhar Faye, dont la d\u00e9termination \u00e0 instaurer des r\u00e9formes et une gouvernance exemplaire r\u00e9sonne directement avec l&rsquo;h\u00e9ritage qu\u00e9b\u00e9cois de la R\u00e9volution tranquille. La D\u00e9l\u00e9gation, qui c\u00e9l\u00e9brera son dixi\u00e8me anniversaire \u00e0 Dakar en 2026, se positionne donc comme un lien strat\u00e9gique entre l&rsquo;Am\u00e9rique du Nord et l&rsquo;Afrique francophone.<\/p>\n\n\n\n<p>Cette Saint-Jean \u00e0 Dakar a d\u00e9pass\u00e9 le cadre d&rsquo;une simple festivit\u00e9 pour devenir un v\u00e9ritable carrefour de convergence politique, culturelle et diplomatique, dans une p\u00e9riode o\u00f9 le S\u00e9n\u00e9gal subit une nouvelle phase de transformation dynamique. Sous les frondaisons des jardins de la D\u00e9l\u00e9gation, l&rsquo;\u00e9v\u00e9nement a d\u00e9montr\u00e9 que la relation entre le Qu\u00e9bec et le S\u00e9n\u00e9gal d\u00e9passe le simple partenariat superficiel, elle est une alliance solide, p\u00e9renne et porteuse d&rsquo;avenir.<\/p>\n\n\n\n<figure class=\"wp-block-embed is-type-rich is-provider-prise-en-charge-des-contenus-embarqu-s wp-block-embed-prise-en-charge-des-contenus-embarqu-s wp-embed-aspect-16-9 wp-has-aspect-ratio\"><div class=\"wp-block-embed__wrapper\">\n<iframe loading=\"lazy\" title=\"Qu\u00e9bec en mode Teranga : Une nuit de feu pour c\u00e9l\u00e9brer l\u2019amiti\u00e9 \u00e0 Dakar\" width=\"800\" height=\"450\" src=\"https:\/\/www.youtube.com\/embed\/mL6I86ODesk?feature=oembed\" frameborder=\"0\" allow=\"accelerometer; autoplay; clipboard-write; encrypted-media; gyroscope; picture-in-picture; web-share\" referrerpolicy=\"strict-origin-when-cross-origin\" allowfullscreen><\/iframe>\n<\/div><\/figure>\n\n\n\n<p>DAKARACTU<\/p>\n","protected":false},"excerpt":{"rendered":"<p>La D\u00e9l\u00e9gation g\u00e9n\u00e9rale du Qu\u00e9bec a pr\u00e9sent\u00e9 un spectacle de culture et de fraternit\u00e9 ce samedi soir \u00e0 Dakar, \u00e0<\/p>\n","protected":false},"author":1,"featured_media":58623,"comment_status":"open","ping_status":"open","sticky":false,"template":"","format":"standard","meta":{"footnotes":""},"categories":[21],"tags":[],"class_list":["post-58620","post","type-post","status-publish","format-standard","has-post-thumbnail","hentry","category-societe"],"_links":{"self":[{"href":"https:\/\/dekkbi.com\/index.php?rest_route=\/wp\/v2\/posts\/58620","targetHints":{"allow":["GET"]}}],"collection":[{"href":"https:\/\/dekkbi.com\/index.php?rest_route=\/wp\/v2\/posts"}],"about":[{"href":"https:\/\/dekkbi.com\/index.php?rest_route=\/wp\/v2\/types\/post"}],"author":[{"embeddable":true,"href":"https:\/\/dekkbi.com\/index.php?rest_route=\/wp\/v2\/users\/1"}],"replies":[{"embeddable":true,"href":"https:\/\/dekkbi.com\/index.php?rest_route=%2Fwp%2Fv2%2Fcomments&post=58620"}],"version-history":[{"count":1,"href":"https:\/\/dekkbi.com\/index.php?rest_route=\/wp\/v2\/posts\/58620\/revisions"}],"predecessor-version":[{"id":58624,"href":"https:\/\/dekkbi.com\/index.php?rest_route=\/wp\/v2\/posts\/58620\/revisions\/58624"}],"wp:featuredmedia":[{"embeddable":true,"href":"https:\/\/dekkbi.com\/index.php?rest_route=\/wp\/v2\/media\/58623"}],"wp:attachment":[{"href":"https:\/\/dekkbi.com\/index.php?rest_route=%2Fwp%2Fv2%2Fmedia&parent=58620"}],"wp:term":[{"taxonomy":"category","embeddable":true,"href":"https:\/\/dekkbi.com\/index.php?rest_route=%2Fwp%2Fv2%2Fcategories&post=58620"},{"taxonomy":"post_tag","embeddable":true,"href":"https:\/\/dekkbi.com\/index.php?rest_route=%2Fwp%2Fv2%2Ftags&post=58620"}],"curies":[{"name":"wp","href":"https:\/\/api.w.org\/{rel}","templated":true}]}}