{"id":58617,"date":"2025-06-23T10:07:58","date_gmt":"2025-06-23T10:07:58","guid":{"rendered":"https:\/\/dekkbi.com\/?p=58617"},"modified":"2025-06-23T10:07:59","modified_gmt":"2025-06-23T10:07:59","slug":"retraite-des-enseignants-chercheurs-face-au-blocage-du-fnr-le-saes-annonce-une-greve-de-72-heures","status":"publish","type":"post","link":"https:\/\/dekkbi.com\/?p=58617","title":{"rendered":"Retraite des enseignants-chercheurs face au blocage du FNR : le SAES annonce une gr\u00e8ve de 72 heures"},"content":{"rendered":"\n<p><strong>72 heures de gr\u00e8ve les mardi 24, mercredi 25 et jeudi 26 juin 2025, c\u2019est le mot d\u2019ordre de gr\u00e8ve d\u00e9cr\u00e9t\u00e9 par le Syndicat autonome de l\u2019enseignement sup\u00e9rieur (SAES). Il d\u00e9nonce, entre autres, \u00ab&nbsp;<\/strong><strong>l\u2019ent\u00eatement du Fonds national de retraite \u00bb \u00e0 ne pas appliquer le d\u00e9cret<\/strong><strong>&nbsp; n\u00b0 2025-398 du 7 mars 2025 aux&nbsp;<\/strong><strong>&nbsp;veuves, veufs et orphelins des enseignants-chercheurs et chercheurs d\u00e9c\u00e9d\u00e9s en refusant de leur reverser la pension de r\u00e9version.<\/strong><\/p>\n\n\n\n<p>Le sous-secteur de l\u2019enseignement sup\u00e9rieur est de nouveau secou\u00e9. Le Syndicat autonome de l\u2019enseignement sup\u00e9rieur (SAES) a d\u00e9cr\u00e9t\u00e9 un mot d\u2019ordre de gr\u00e8ve de 72 heures, pr\u00e9vu les mardi 24, mercredi 25 et jeudi 26 juin 2025. En ligne de mire : l\u2019application imm\u00e9diate du d\u00e9cret n\u00b0 2025-398 du 7 mars 2025 relatif \u00e0 l\u2019allocation sp\u00e9ciale de retraite des enseignants-chercheurs et chercheurs titulaires.<\/p>\n\n\n\n<p>Dans un communiqu\u00e9 rendu public samedi 21 juin, le Bureau national du SAES fustige \u00ab l\u2019ent\u00eatement \u00bb du Fonds national de retraite (FNR), qu\u2019il accuse de refuser de verser la pension de r\u00e9version aux veuves, veufs et orphelins d\u2019enseignants-chercheurs d\u00e9c\u00e9d\u00e9s. Il pointe \u00e9galement \u00ab la l\u00e9thargie de la tutelle \u00bb sur ce dossier et l\u2019absence de r\u00e9ponse aux revendications contenues dans le pr\u00e9avis de gr\u00e8ve du 13 janvier dernier.<\/p>\n\n\n\n<p>\u00ab Le Bureau national, sur mandat de la Conf\u00e9rence nationale des sections tenue le 17 mai \u00e0 l\u2019Universit\u00e9 Gaston Berger de Saint-Louis, a d\u00e9cid\u00e9 d\u2019observer une gr\u00e8ve de 72 heures pour exiger l\u2019application sans d\u00e9lai du d\u00e9cret pr\u00e9sidentiel \u00bb, pr\u00e9cise le texte. Pendant ces trois jours, le SAES appelle \u00e0 l\u2019arr\u00eat total des cours, des soutenances, des d\u00e9lib\u00e9rations, ainsi qu\u2019\u00e0 la suspension des activit\u00e9s administratives et des formations payantes.<\/p>\n\n\n\n<p>Le syndicat enjoint ses militants \u00e0 maintenir la pression pour \u00ab restaurer la dignit\u00e9 des familles des camarades disparus \u00bb. Et avertit : si la situation ne se d\u00e9bloque pas, il envisage de boycotter la pr\u00e9sidence des jurys du baccalaur\u00e9at 2025.<\/p>\n\n\n\n<p>Le d\u00e9cret incrimin\u00e9, sign\u00e9 le 7 mars dernier \u00e0 l\u2019issue d\u2019une rencontre tripartite entre le gouvernement, le patronat et les syndicats, modifie celui de 2020. Cette nouvelle version repr\u00e9sente une avanc\u00e9e salu\u00e9e par le SAES : elle int\u00e8gre d\u00e9sormais la pension de r\u00e9version pour les ayants droit et prend en compte la prime de recherche dans le calcul de la pension. Elle impose aussi la r\u00e9gularisation des cotisations sociales des enseignants d\u00e9tach\u00e9s avant toute demande d\u2019allocation sp\u00e9ciale de retraite.<\/p>\n\n\n\n<p>Mais entre le texte sign\u00e9 et sa mise en \u0153uvre, le syndicat constate une rupture. Le SAES, qui se bat depuis 2020 pour la prise en charge des familles des enseignants-chercheurs d\u00e9c\u00e9d\u00e9s, ne compte plus temporiser. Pour lui, la bataille juridique a \u00e9t\u00e9 gagn\u00e9e. Reste maintenant \u00e0 la faire respecter.<\/p>\n\n\n\n<p><strong>Mariame DJIGO<\/strong><\/p>\n","protected":false},"excerpt":{"rendered":"<p>72 heures de gr\u00e8ve les mardi 24, mercredi 25 et jeudi 26 juin 2025, c\u2019est le mot d\u2019ordre de gr\u00e8ve<\/p>\n","protected":false},"author":1,"featured_media":58618,"comment_status":"open","ping_status":"open","sticky":false,"template":"","format":"standard","meta":{"footnotes":""},"categories":[26],"tags":[],"class_list":["post-58617","post","type-post","status-publish","format-standard","has-post-thumbnail","hentry","category-fait-divers"],"_links":{"self":[{"href":"https:\/\/dekkbi.com\/index.php?rest_route=\/wp\/v2\/posts\/58617","targetHints":{"allow":["GET"]}}],"collection":[{"href":"https:\/\/dekkbi.com\/index.php?rest_route=\/wp\/v2\/posts"}],"about":[{"href":"https:\/\/dekkbi.com\/index.php?rest_route=\/wp\/v2\/types\/post"}],"author":[{"embeddable":true,"href":"https:\/\/dekkbi.com\/index.php?rest_route=\/wp\/v2\/users\/1"}],"replies":[{"embeddable":true,"href":"https:\/\/dekkbi.com\/index.php?rest_route=%2Fwp%2Fv2%2Fcomments&post=58617"}],"version-history":[{"count":1,"href":"https:\/\/dekkbi.com\/index.php?rest_route=\/wp\/v2\/posts\/58617\/revisions"}],"predecessor-version":[{"id":58619,"href":"https:\/\/dekkbi.com\/index.php?rest_route=\/wp\/v2\/posts\/58617\/revisions\/58619"}],"wp:featuredmedia":[{"embeddable":true,"href":"https:\/\/dekkbi.com\/index.php?rest_route=\/wp\/v2\/media\/58618"}],"wp:attachment":[{"href":"https:\/\/dekkbi.com\/index.php?rest_route=%2Fwp%2Fv2%2Fmedia&parent=58617"}],"wp:term":[{"taxonomy":"category","embeddable":true,"href":"https:\/\/dekkbi.com\/index.php?rest_route=%2Fwp%2Fv2%2Fcategories&post=58617"},{"taxonomy":"post_tag","embeddable":true,"href":"https:\/\/dekkbi.com\/index.php?rest_route=%2Fwp%2Fv2%2Ftags&post=58617"}],"curies":[{"name":"wp","href":"https:\/\/api.w.org\/{rel}","templated":true}]}}