{"id":58596,"date":"2025-06-23T09:37:59","date_gmt":"2025-06-23T09:37:59","guid":{"rendered":"https:\/\/dekkbi.com\/?p=58596"},"modified":"2025-06-23T09:40:32","modified_gmt":"2025-06-23T09:40:32","slug":"ousmane-sonko-attendu-lundi-a-tianjiin-deuxieme-etape-de-sa-visite-en-chine","status":"publish","type":"post","link":"https:\/\/dekkbi.com\/?p=58596","title":{"rendered":"Ousmane Sonko attendu lundi \u00e0 Tianjiin, deuxi\u00e8me \u00e9tape de sa visite en Chine"},"content":{"rendered":"\n<p>+++De l\u2019envoy\u00e9 sp\u00e9cial de l\u2019APS : Abdou Kogne Sall +++<\/p>\n\n\n\n<p>Tianjiin, 22 juin (APS) \u2013 Le chef du gouvernement s\u00e9n\u00e9galais, Ousmane Sonko, est attendu lundi \u00e0 Tianjiin, l\u2019une des quatre municipalit\u00e9s autonomes de Chine, dans la cadre de sa visite officielle entam\u00e9e samedi \u00e0 Hangzhou, la capitale de la riche province chinoise de Zhejiang, a appris l\u2019envoy\u00e9 sp\u00e9cial de l\u2019APS.<\/p>\n\n\n\n<p>Apr\u00e8s avoir ponctu\u00e9 son passage de deux jours \u00e0 Hangzhou par la visite de si\u00e8ges de multinationales chinoises pr\u00e9sent\u00e9s comme les symboles du miracle \u00e9conomique chinois, Ousmane Sonko va rallier lundi Tianjiin, la grande m\u00e9tropole du nord du pays.<\/p>\n\n\n\n<p>Le chef du gouvernement s\u00e9n\u00e9galais va, quelques heures apr\u00e8s son arriv\u00e9e, visiter le port de cette riche ville chinoise de 14 millions d\u2019habitants.<\/p>\n\n\n\n<p>Ousmane Sonko se rendra ensuite au centre de haute technologie industrielle de Tianjiin avant de faire un tour dans un mod\u00e8le de centre de formation technique et professionnelle.<\/p>\n\n\n\n<p>Une s\u00e9rie d\u2019audiences avec de hauts responsables chinois et internationaux figure dans l\u2019agenda du Premier ministre s\u00e9n\u00e9galais dont le point culminant de son d\u00e9placement est sa participation au sommet de Davos d\u2019\u00e9t\u00e9 que Tianjiin abrite \u00e0 partir de mercredi.<\/p>\n\n\n\n<p>AKS\/MK\/AB<\/p>\n","protected":false},"excerpt":{"rendered":"<p>+++De l\u2019envoy\u00e9 sp\u00e9cial de l\u2019APS : Abdou Kogne Sall +++ Tianjiin, 22 juin (APS) \u2013 Le chef du gouvernement s\u00e9n\u00e9galais,<\/p>\n","protected":false},"author":1,"featured_media":58597,"comment_status":"open","ping_status":"open","sticky":false,"template":"","format":"standard","meta":{"footnotes":""},"categories":[6],"tags":[],"class_list":["post-58596","post","type-post","status-publish","format-standard","has-post-thumbnail","hentry","category-politics"],"_links":{"self":[{"href":"https:\/\/dekkbi.com\/index.php?rest_route=\/wp\/v2\/posts\/58596","targetHints":{"allow":["GET"]}}],"collection":[{"href":"https:\/\/dekkbi.com\/index.php?rest_route=\/wp\/v2\/posts"}],"about":[{"href":"https:\/\/dekkbi.com\/index.php?rest_route=\/wp\/v2\/types\/post"}],"author":[{"embeddable":true,"href":"https:\/\/dekkbi.com\/index.php?rest_route=\/wp\/v2\/users\/1"}],"replies":[{"embeddable":true,"href":"https:\/\/dekkbi.com\/index.php?rest_route=%2Fwp%2Fv2%2Fcomments&post=58596"}],"version-history":[{"count":1,"href":"https:\/\/dekkbi.com\/index.php?rest_route=\/wp\/v2\/posts\/58596\/revisions"}],"predecessor-version":[{"id":58598,"href":"https:\/\/dekkbi.com\/index.php?rest_route=\/wp\/v2\/posts\/58596\/revisions\/58598"}],"wp:featuredmedia":[{"embeddable":true,"href":"https:\/\/dekkbi.com\/index.php?rest_route=\/wp\/v2\/media\/58597"}],"wp:attachment":[{"href":"https:\/\/dekkbi.com\/index.php?rest_route=%2Fwp%2Fv2%2Fmedia&parent=58596"}],"wp:term":[{"taxonomy":"category","embeddable":true,"href":"https:\/\/dekkbi.com\/index.php?rest_route=%2Fwp%2Fv2%2Fcategories&post=58596"},{"taxonomy":"post_tag","embeddable":true,"href":"https:\/\/dekkbi.com\/index.php?rest_route=%2Fwp%2Fv2%2Ftags&post=58596"}],"curies":[{"name":"wp","href":"https:\/\/api.w.org\/{rel}","templated":true}]}}