{"id":58570,"date":"2025-06-20T16:20:13","date_gmt":"2025-06-20T16:20:13","guid":{"rendered":"https:\/\/dekkbi.com\/?p=58570"},"modified":"2025-06-20T16:20:14","modified_gmt":"2025-06-20T16:20:14","slug":"gms-et-ismaila-diallo-quand-le-deballage-parlementaire-sinvite-sur-les-reseaux-sociaux","status":"publish","type":"post","link":"https:\/\/dekkbi.com\/?p=58570","title":{"rendered":"GMS et Isma\u00efla Diallo: Quand le \u00ab d\u00e9ballage parlementaire \u00bb s\u2019invite sur les r\u00e9seaux sociaux"},"content":{"rendered":"\n<p>Les deux d\u00e9put\u00e9s de la majorit\u00e9 parlementaire n\u2019ont pas laiss\u00e9 les internautes sans voix. M\u00eame les militants de Pastef n\u2019ont pas manqu\u00e9 d\u2019exprimer leur d\u00e9sarroi face aux r\u00e9actions des deux d\u00e9put\u00e9s qui d\u2019ailleurs, se connaissent bien dans le parti Pastef mais aussi dans leur parcours parlementaire depuis la 14e l\u00e9gislature.&nbsp;Mais ce jeudi, Guy Marius Sagna a suscit\u00e9 une vague de r\u00e9actions des militants et par ricochet, du vice-pr\u00e9sident, Isma\u00efla Diallo.&nbsp;<\/p>\n\n\n\n<p>Guy Marius Sagna estime que la repr\u00e9sentation nationale majoritairement compos\u00e9e de d\u00e9put\u00e9s de Pastef doit \u00ab&nbsp;rompre avec des pratiques d&rsquo;un autre \u00e2ge non conformes \u00e0 l&rsquo;exigence de rationaliser les d\u00e9penses de l\u2019\u00c9tat&nbsp;\u00bb. Il \u00e9num\u00e9ra une s\u00e9rie de pr\u00e9occupations dont il faudra se d\u00e9barrasser : \u00ab&nbsp;la distribution de Suk\u00ebru koor \u00e0 l&rsquo;Assembl\u00e9e nationale aux d\u00e9put\u00e9s, le montant de l&rsquo;appui financier aux groupes parlementaires par l&rsquo;Assembl\u00e9e nationale sans pi\u00e8ces justificatives ni compte rendu fait aux membres du groupe parlementaire de Pastef, la distribution aux d\u00e9put\u00e9s de billets de p\u00e8lerinage \u00e0 des lieux saints etc\u2026&nbsp;\u00bb Selon GMS, ces pratiques n\u2019honorent pas le parti au pouvoir qui les a combattus.&nbsp;<\/p>\n\n\n\n<p><\/p>\n\n\n\n<p>\u200eGuy Marius Sagna d\u00e9plore \u00e9galement la non consultation des d\u00e9put\u00e9s par l&rsquo;Assembl\u00e9e nationale sur des questions importantes dont la probl\u00e9matique de l&rsquo;achat ou non de voitures aux d\u00e9put\u00e9s.&nbsp;Mais aussi, les retards importants de l&rsquo;Assembl\u00e9e nationale et de sa Commission comptabilit\u00e9 et contr\u00f4le dont il est membre et qui n&rsquo;ont pr\u00e9sent\u00e9 ni rapport annuel 2024, ni rapport du dernier trimestre de 2024, ni rapport du premier trimestre de 2025.&nbsp;<\/p>\n\n\n\n<p>Selon Isma\u00efla Diallo qui est le premier \u00e0 r\u00e9agir aux affirmations de son coll\u00e8gue, \u00ab&nbsp;rien ne surprend de lui&nbsp;\u00bb : \u00ab&nbsp;Guy Marius Sagna a son propre agenda et ce n\u2019est pas un secret\u2026&nbsp;\u00bb, a-t-il d\u00e9clar\u00e9 avant d\u2019ajouter : \u00ab&nbsp;rien n\u2019est voil\u00e9 qui ne serait d\u00e9voil\u00e9 un jour. Guy n\u2019est pas celui qu\u2019il pr\u00e9tend \u00eatre. Demain fera jour! \u00bb<\/p>\n\n\n\n<p>D&rsquo;ailleurs, dans une r\u00e9ponse plus d\u00e9taill\u00e9e, le vice pr\u00e9sident de l\u2019assembl\u00e9e nationale d\u00e9balle : \u00ab&nbsp;Quand le d\u00e9put\u00e9 Guy Marius Sagna nous parle de rupture et d\u2019orthodoxie budg\u00e9taire, il serait honn\u00eate qu\u2019il commence par balayer devant sa propre porte. Double prise en charge : un non-dit g\u00eanant M. Sagna est membre du Parlement de la CEDEAO. Il per\u00e7oit, \u00e0 ce titre, des indemnit\u00e9s journali\u00e8res cons\u00e9quentes, prises en charge par l\u2019institution communautaire\u2026 tout en continuant \u00e0 b\u00e9n\u00e9ficier du soutien logistique et financier de l\u2019Assembl\u00e9e nationale du S\u00e9n\u00e9gal. Voil\u00e0 une rupture \u00e0 g\u00e9om\u00e9trie variable dont il peine \u00e0 nous expliquer la logique. Peut-il nous indiquer le montant mensuel des indemnit\u00e9s qu\u2019il per\u00e7oit de la CEDEAO ? La transparence commence par l\u2019exemplarit\u00e9. Suk\u00ebru Koor ou m\u00e9moire s\u00e9lective ? Le d\u00e9put\u00e9 Sagna affirme avoir re\u00e7u du Suk\u00ebru Koor de son groupe parlementaire. Par qui, exactement ? Pour rappel, ces pratiques client\u00e9listes datent de la 14e l\u00e9gislature. Elles ont \u00e9t\u00e9 bannies par la 15e l\u00e9gislature. Confond-il volontairement les p\u00e9riodes ? Ou bien regrette-t-il que les circuits parall\u00e8les de distribution aient \u00e9t\u00e9 ass\u00e9ch\u00e9s&nbsp;\u00bb, avance le d\u00e9put\u00e9.&nbsp;<\/p>\n\n\n\n<figure class=\"wp-block-image\"><img decoding=\"async\" src=\"https:\/\/ssl.gstatic.com\/ui\/v1\/icons\/mail\/images\/cleardot.gif\" alt=\"\"\/><\/figure>\n\n\n\n<p>Sur la question des indemnit\u00e9s des groupes parlementaires, Isma\u00efla Diallo a rappel\u00e9 dans son texte que \u00ab&nbsp;c\u2019est un m\u00e9canisme balis\u00e9 et que les groupes parlementaires b\u00e9n\u00e9ficient d\u2019indemnit\u00e9s de fonctionnement mensuelles, strictement encadr\u00e9es&nbsp;\u00bb. Toutefois, il arrive m\u00eame que certains coll\u00e8gues contractent des avances pour des besoins urgents. \u00ab&nbsp;Guy Marius Sagna lui-m\u00eame devait 500 000 francs au groupe parlementaire Yewwi. Parlons donc de rigueur, mais en v\u00e9rit\u00e9&nbsp;\u00bb, r\u00e9v\u00e8le t-il manifestant sa d\u00e9ception : \u00ab&nbsp;J\u2019ai respect\u00e9 Guy Marius Sagna. Sinc\u00e8rement. Mais \u00e0 force de le c\u00f4toyer de pr\u00e8s, ma d\u00e9ception est \u00e0 la hauteur de mes attentes. La v\u00e9rit\u00e9, c\u2019est que la 15e l\u00e9gislature a enclench\u00e9 une rupture r\u00e9elle&nbsp;\u00bb, a conclu le vice pr\u00e9sident de l\u2019assembl\u00e9e nationale.&nbsp;<\/p>\n","protected":false},"excerpt":{"rendered":"<p>Les deux d\u00e9put\u00e9s de la majorit\u00e9 parlementaire n\u2019ont pas laiss\u00e9 les internautes sans voix. M\u00eame les militants de Pastef n\u2019ont<\/p>\n","protected":false},"author":1,"featured_media":58571,"comment_status":"open","ping_status":"open","sticky":false,"template":"","format":"standard","meta":{"footnotes":""},"categories":[6],"tags":[],"class_list":["post-58570","post","type-post","status-publish","format-standard","has-post-thumbnail","hentry","category-politics"],"_links":{"self":[{"href":"https:\/\/dekkbi.com\/index.php?rest_route=\/wp\/v2\/posts\/58570","targetHints":{"allow":["GET"]}}],"collection":[{"href":"https:\/\/dekkbi.com\/index.php?rest_route=\/wp\/v2\/posts"}],"about":[{"href":"https:\/\/dekkbi.com\/index.php?rest_route=\/wp\/v2\/types\/post"}],"author":[{"embeddable":true,"href":"https:\/\/dekkbi.com\/index.php?rest_route=\/wp\/v2\/users\/1"}],"replies":[{"embeddable":true,"href":"https:\/\/dekkbi.com\/index.php?rest_route=%2Fwp%2Fv2%2Fcomments&post=58570"}],"version-history":[{"count":1,"href":"https:\/\/dekkbi.com\/index.php?rest_route=\/wp\/v2\/posts\/58570\/revisions"}],"predecessor-version":[{"id":58572,"href":"https:\/\/dekkbi.com\/index.php?rest_route=\/wp\/v2\/posts\/58570\/revisions\/58572"}],"wp:featuredmedia":[{"embeddable":true,"href":"https:\/\/dekkbi.com\/index.php?rest_route=\/wp\/v2\/media\/58571"}],"wp:attachment":[{"href":"https:\/\/dekkbi.com\/index.php?rest_route=%2Fwp%2Fv2%2Fmedia&parent=58570"}],"wp:term":[{"taxonomy":"category","embeddable":true,"href":"https:\/\/dekkbi.com\/index.php?rest_route=%2Fwp%2Fv2%2Fcategories&post=58570"},{"taxonomy":"post_tag","embeddable":true,"href":"https:\/\/dekkbi.com\/index.php?rest_route=%2Fwp%2Fv2%2Ftags&post=58570"}],"curies":[{"name":"wp","href":"https:\/\/api.w.org\/{rel}","templated":true}]}}