{"id":58548,"date":"2025-06-20T12:09:02","date_gmt":"2025-06-20T12:09:02","guid":{"rendered":"https:\/\/dekkbi.com\/?p=58548"},"modified":"2025-06-20T12:09:02","modified_gmt":"2025-06-20T12:09:02","slug":"thies-mariage-des-enfants-au-senegal-31-des-filles-maries-avant-18-ans-9-avant-15-ans","status":"publish","type":"post","link":"https:\/\/dekkbi.com\/?p=58548","title":{"rendered":"#Thi\u00e8s \u2013 Mariage des enfants au S\u00e9n\u00e9gal : 31% des filles mari\u00e9s avant 18 ans, 9% avant 15 ans"},"content":{"rendered":"\n<p><strong>Le mariage pr\u00e9coce des filles reste une s\u00e9rieuse pr\u00e9occupation, avec ses cons\u00e9quences sur leurs \u00e9tudes et leur avenir.&nbsp;<\/strong><strong>Par Cheikh CAMARA \u2013&nbsp;<\/strong><\/p>\n\n\n\n<p>L\u2019Afrique de l\u2019Ouest est l\u2019une des r\u00e9gions les plus touch\u00e9es par le mariage pr\u00e9coce des filles, notamment le Niger qui est l\u2019un des pays o\u00f9 la pr\u00e9valence est la plus \u00e9lev\u00e9e avec 76% des filles mari\u00e9s avant l\u2019\u00e2ge de 18 ans et 28% avant 15 ans. Au S\u00e9n\u00e9gal, 31% des filles sont mari\u00e9s avant 18 ans et 9% avant 15 ans, m\u00eame si ces 20 derni\u00e8res ann\u00e9es, la pr\u00e9valence a baiss\u00e9 de 16%. Le constat \u00e9mane de quatre-vingts (80) acteurs (policiers, gendarmes, \u00e9lus, enseignants, repr\u00e9sentants du Comit\u00e9 d\u00e9partemental de protection de l\u2019enfance, jeunes, acteurs de la sant\u00e9, d\u00e9cideurs politiques, parajuristes et Badi\u00e9nu gox) qui se sont retrouv\u00e9s autour d\u2019un panel de haut niveau avec les acteurs institutionnels sur le mariage des enfants, ce mardi 17 juin 2025 \u00e0 Thi\u00e8s, dans le cadre du projet intitul\u00e9&nbsp;: \u00abDu communautaire au r\u00e9gional : approche multisectorielle contre le mariage des enfants au S\u00e9n\u00e9gal et \u00e9laboration d\u2019un agenda commun avec le Niger.\u00bb<\/p>\n\n\n\n<p>C\u2019est dans le but de consolider la lutte contre le mariage d\u2019enfants dans la sous-r\u00e9gion que l\u2019Association des juristes s\u00e9n\u00e9galaises (Ajs) a lanc\u00e9, en mars 2025, en consortium avec le R\u00e9seau Siggil Jigeen (Rsj) et le Conseil s\u00e9n\u00e9galais des femmes (Cosef), ce projet. Ces acteurs \u00e9voquent le rapport de l\u2019\u00e9tude intitul\u00e9e \u00abAnalyses des d\u00e9terminants sociaux, culturels et \u00e9conomiques des facteurs favorisant les mariages d\u2019enfants dans les r\u00e9gions de Diourbel, Fatick, Kaffrine K\u00e9dougou, Kolda, Louga, Matam, Tambacounda et S\u00e9dhiou\u00bb (Adsce\/Me), qui a r\u00e9v\u00e9l\u00e9 que les raisons \u00e9voqu\u00e9es pour justifier le mariage de la jeune fille avant 18 ans sont les grossesses pr\u00e9coces non d\u00e9sir\u00e9es (67, 20%), la pr\u00e9servation de la virginit\u00e9 de la jeune fille (36, 5%), le respect des traditions et normes culturelles (29, 4%) et le respect des pr\u00e9ceptes de la religion (30, 4%).<\/p>\n\n\n\n<p>Ils ont abord\u00e9 plusieurs questions autour de la \u00abprise en charge et des plaidoyers sur les mariages d\u2019enfants\u00bb\u00a0; l\u2019\u00abaudition et prise en charge des enfants victimes de mariages pr\u00e9coces\u00bb\u00a0; les \u00abSanctions p\u00e9nales des mariages d\u2019enfants\u00bb\u00a0; la \u00abprise en charge des filles victimes de mariages d\u2019enfants et statistiques\u00bb\u00a0; les \u00abcons\u00e9quences des mariages d\u2019enfants sur les victimes et leur prise en charge m\u00e9dicale\u00bb\u00a0; les \u00abcons\u00e9quences des mariages d\u2019enfants du point de vue scolaire\u00bb\u00a0; les \u00abcauses et cons\u00e9quences des mariages d\u2019enfants dans la soci\u00e9t\u00e9\u00bb\u00a0; l\u2019\u00abImpact psychologique des mariages d\u2019enfants sur la victime\u00bb.<\/p>\n\n\n\n<p>Les acteurs se veulent unanimes sur le fait que \u00able mariage d\u2019enfants est une pratique n\u00e9faste qui porte atteinte aux droits fondamentaux des enfants, en particulier les filles, tels que le droit \u00e0 l\u2019\u00e9ducation (acc\u00e8s et maintien \u00e0 l\u2019\u00e9cole) et le droit \u00e0 la sant\u00e9 (grossesses pr\u00e9coces, mortalit\u00e9 maternelle et infantile, maladies). Il constitue une entrave au d\u00e9veloppement des communaut\u00e9s dans la mesure o\u00f9 il conduit \u00e0 une limitation des opportunit\u00e9s \u00e9conomiques des filles, favorise leur exclusion et augmente le cycle de la pauvret\u00e9\u00bb.<\/p>\n\n\n\n<p>Pour lutter contre ce ph\u00e9nom\u00e8ne, le S\u00e9n\u00e9gal a ratifi\u00e9 les instruments internationaux et r\u00e9gionaux pertinents, en particulier la Convention sur les droits de l\u2019enfant de 1989 et le Protocole de Maputo de 2003, qui pr\u00f4nent son \u00e9limination. Il a \u00e9galement adopt\u00e9 un cadre l\u00e9gal au niveau national (Code de la famille, avec la fixation d\u2019un \u00e2ge minimum pour le mariage, Code p\u00e9nal pour les sanctions) et mis en place des strat\u00e9gies, plans d\u2019actions nationaux, programmes et projets pour lutter contre les mariages d\u2019enfants, conform\u00e9ment aux Objectifs de d\u00e9veloppement durable (Odd) sur l\u2019\u00e9galit\u00e9 des sexes.<\/p>\n\n\n\n<p>Financ\u00e9 par l\u2019Assembl\u00e9e de coop\u00e9ration pour la paix (Blb\/Acpp) avec l\u2019appui de l\u2019Agence basque de coop\u00e9ration et solidarit\u00e9 (Avcs), le projet a comme zones d\u2019intervention le Niger et la r\u00e9gion de Thi\u00e8s, au S\u00e9n\u00e9gal. Dans le cadre du projet, l\u2019Ajs, le Rsj et le Cosef organisent une s\u00e9rie d\u2019activit\u00e9s de plaidoyer et de sensibilisation \u00e0 Thi\u00e8s sur le ph\u00e9nom\u00e8ne du mariage d\u2019enfants. Eu \u00e9gard \u00e0 la complexit\u00e9 de la probl\u00e9matique, le projet a adopt\u00e9 une approche multisectorielle et communautaire, afin de r\u00e9unir les diff\u00e9rents acteurs institutionnels pour renforcer la synergie d\u2019actions dans la lutte contre cette pratique n\u00e9faste. <\/p>\n\n\n\n<p>C\u2019est dans ce contexte qu\u2019est organis\u00e9 ce panel de haut niveau avec les acteurs institutionnels sur le mariage des enfants. L\u2019objectif g\u00e9n\u00e9ral \u00e9tant de contribuer au renforcement des synergies entre les diff\u00e9rents acteurs strat\u00e9giques, \u00e0 travers un espace de dialogue qui permettra de mettre en \u0153uvre une strat\u00e9gie multisectorielle dans la r\u00e9gion de Thi\u00e8s. Il s\u2019agit, de fa\u00e7on sp\u00e9cifique, de \u00absensibiliser sur les causes et les cons\u00e9quences des mariages d\u2019enfants\u00bb, \u00abfaire conna\u00eetre les sanctions p\u00e9nales pr\u00e9vues en cas de mariages d\u2019enfants\u00bb, \u00abfaire conna\u00eetre les prises en charge apport\u00e9es aux victimes de mariage d\u2019enfants\u00bb, \u00abpermettre aux autorit\u00e9s et aux acteurs strat\u00e9giques de conna\u00eetre le plaidoyer sur les mariages d\u2019enfants\u00bb, \u00absusciter l\u2019engagement des acteurs impliqu\u00e9s dans la lutte contre les mariages d\u2019enfants\u00bb.<\/p>\n\n\n\n<p><strong>cheikh.camara@lequotidien.sn<\/strong><\/p>\n","protected":false},"excerpt":{"rendered":"<p>Le mariage pr\u00e9coce des filles reste une s\u00e9rieuse pr\u00e9occupation, avec ses cons\u00e9quences sur leurs \u00e9tudes et leur avenir.&nbsp;Par Cheikh CAMARA<\/p>\n","protected":false},"author":1,"featured_media":52105,"comment_status":"open","ping_status":"open","sticky":false,"template":"","format":"standard","meta":{"footnotes":""},"categories":[26],"tags":[],"class_list":["post-58548","post","type-post","status-publish","format-standard","has-post-thumbnail","hentry","category-fait-divers"],"_links":{"self":[{"href":"https:\/\/dekkbi.com\/index.php?rest_route=\/wp\/v2\/posts\/58548","targetHints":{"allow":["GET"]}}],"collection":[{"href":"https:\/\/dekkbi.com\/index.php?rest_route=\/wp\/v2\/posts"}],"about":[{"href":"https:\/\/dekkbi.com\/index.php?rest_route=\/wp\/v2\/types\/post"}],"author":[{"embeddable":true,"href":"https:\/\/dekkbi.com\/index.php?rest_route=\/wp\/v2\/users\/1"}],"replies":[{"embeddable":true,"href":"https:\/\/dekkbi.com\/index.php?rest_route=%2Fwp%2Fv2%2Fcomments&post=58548"}],"version-history":[{"count":1,"href":"https:\/\/dekkbi.com\/index.php?rest_route=\/wp\/v2\/posts\/58548\/revisions"}],"predecessor-version":[{"id":58549,"href":"https:\/\/dekkbi.com\/index.php?rest_route=\/wp\/v2\/posts\/58548\/revisions\/58549"}],"wp:featuredmedia":[{"embeddable":true,"href":"https:\/\/dekkbi.com\/index.php?rest_route=\/wp\/v2\/media\/52105"}],"wp:attachment":[{"href":"https:\/\/dekkbi.com\/index.php?rest_route=%2Fwp%2Fv2%2Fmedia&parent=58548"}],"wp:term":[{"taxonomy":"category","embeddable":true,"href":"https:\/\/dekkbi.com\/index.php?rest_route=%2Fwp%2Fv2%2Fcategories&post=58548"},{"taxonomy":"post_tag","embeddable":true,"href":"https:\/\/dekkbi.com\/index.php?rest_route=%2Fwp%2Fv2%2Ftags&post=58548"}],"curies":[{"name":"wp","href":"https:\/\/api.w.org\/{rel}","templated":true}]}}