{"id":5854,"date":"2023-01-05T10:12:13","date_gmt":"2023-01-05T10:12:13","guid":{"rendered":"https:\/\/dekkbi.com\/?p=5854"},"modified":"2023-01-05T10:12:14","modified_gmt":"2023-01-05T10:12:14","slug":"le-pape-francois-preside-les-obseques-de-benoit-xvi-une-premiere-dans-lhistoire-recente-de-leglise","status":"publish","type":"post","link":"https:\/\/dekkbi.com\/?p=5854","title":{"rendered":"Le pape Fran\u00e7ois pr\u00e9side les obs\u00e8ques de Beno\u00eet XVI, une premi\u00e8re dans l&rsquo;histoire r\u00e9cente de l&rsquo;\u00c9glise"},"content":{"rendered":"\n<p><strong>Les obs\u00e8ques du pape Beno\u00eet XVI, d\u00e9c\u00e9d\u00e9 le 31 d\u00e9cembre,\u00a0se d\u00e9roulent ce jeudi 5 janvier 2023 sur la place Saint-Pierre\u00a0sous l&rsquo;autorit\u00e9 de son successeur Fran\u00e7ois. Une image in\u00e9dite\u00a0qui invite \u00e0 se poser la question de l&rsquo;avenir de la fonction papale.<\/strong><\/p>\n\n\n\n<p>Des dizaines de milliers de personnes sont attendues jeudi matin place Saint-Pierre pour les obs\u00e8ques du pape \u00e9m\u00e9rite Beno\u00eet XVI. Elles seront&nbsp;pr\u00e9sid\u00e9es par son successeur Fran\u00e7ois, une premi\u00e8re dans l&rsquo;Histoire r\u00e9cente de l&rsquo;\u00c9glise.&nbsp;La c\u00e9r\u00e9monie &#8211; \u00ab&nbsp;<em>solennelle mais sobre&nbsp;<\/em>\u00bb, selon le Vatican&nbsp;doit d\u00e9buter \u00e0 8h30 TU, en pr\u00e9sence de nombreux chefs d&rsquo;\u00c9tat et de gouvernement.<\/p>\n\n\n\n<p>La messe sera plus exactement c\u00e9l\u00e9br\u00e9e par le doyen du Coll\u00e8ge des cardinaux car le pape Fran\u00e7ois sera en fauteuil roulant \u00e0 cause de ses probl\u00e8mes au genou.&nbsp;<\/p>\n\n\n\n<p>Puis\u00a0<strong>le cercueil\u00a0<\/strong>de Joseph Ratzinger, sur lequel 195 000 fid\u00e8les se sont recueillis en trois jours,\u00a0sera transf\u00e9r\u00e9 dans les grottes du Vatican, sous la basilique, o\u00f9 ont \u00e9t\u00e9 inhum\u00e9s Jean-Paul\u00a0II ou encore Jean\u00a0XXIII, avant leur b\u00e9atification.<\/p>\n\n\n\n<p>Ces obs\u00e8ques de Beno\u00eet XVI, qu&rsquo;un de ses biographes, Bernard Lecomte, appelait \u00ab&nbsp;<em>le dernier pape europ\u00e9en<\/em>&nbsp;\u00bb, marquent la fin d&rsquo;une \u00e9poque. La question est d\u00e9sormais de savoir&nbsp;comment va se dessiner&nbsp;l&rsquo;avenir pour Fran\u00e7ois.<\/p>\n\n\n\n<p><\/p>\n\n\n\n<blockquote class=\"wp-block-quote is-layout-flow wp-block-quote-is-layout-flow\">\n<p>C&rsquo;est une p\u00e9riode insolite qui s&rsquo;ach\u00e8ve, puisqu&rsquo;on aura eu, pendant quelques ann\u00e9es, un pape en fonction sur le si\u00e8ge de Saint-Pierre, comme on dit, et un pape \u00e9m\u00e9rite \u00e0 quelques centaines de m\u00e8tres&#8230;<\/p>\n<\/blockquote>\n\n\n\n<p>Bernard Lecomte, journaliste, auteur notamment de \u00abBeno\u00eet XVI, le dernier pape europ\u00e9en\u00bb<\/p>\n\n\n\n<p>V\u00e9ronique Gaymard<\/p>\n\n\n\n<p><\/p>\n\n\n\n<h2 class=\"wp-block-heading\">La d\u00e9mission du pape Beno\u00eet XVI, un pr\u00e9c\u00e9dent<\/h2>\n\n\n\n<p>La coexistence entre le pape \u00e9m\u00e9rite et son successeur en exercice, tous deux en toge blanche, avait cr\u00e9\u00e9 une situation assez in\u00e9dite. S&rsquo;ouvre maintenant&nbsp;la possibilit\u00e9 pour le pape argentin Fran\u00e7ois, alias Jorge Bergoglio, de d\u00e9missionner \u00e0 son tour.<\/p>\n\n\n\n<p><\/p>\n\n\n\n<p>Beno\u00eet XVI avait ouvert la voie avec sa d\u00e9mission qui fut&nbsp;une premi\u00e8re en 700 ans, depuis celle du pape C\u00e9lestin V, en 1294, montrant qu&rsquo;il \u00e9tait humain et faillible. Ce souverain pontife&nbsp;estimait que la lourde t\u00e2che de diriger l&rsquo;\u00c9glise catholique de Rome au XXIe si\u00e8cle ne pouvait s&rsquo;exercer sans avoir ses pleines facult\u00e9s physiques et mentales.<\/p>\n\n\n\n<blockquote class=\"wp-block-quote is-layout-flow wp-block-quote-is-layout-flow\">\n<p>L&rsquo;air de rien, Beno\u00eet XVI a compl\u00e8tement d\u00e9connect\u00e9 la fonction pontificale de la personnalit\u00e9. Il a dit&nbsp;: \u00ab&nbsp;\u00c9coutez, moi, je suis pape pour ce que je suis pape, et par ailleurs je m&rsquo;appelle Ratzinger et je suis Ratzinger, voil\u00e0 \u00bb. Ce sont deux choses qui sont diff\u00e9rentes et il ne faut pas tout confondre.&nbsp;\u00c7a ouvre la voie \u00e0 une d\u00e9mission, dans les ann\u00e9es qui viennent, du pape Fran\u00e7ois. Maintenant, il peut d\u00e9missionner.<\/p>\n<\/blockquote>\n\n\n\n<p>Isabelle de Gaulmyn, r\u00e9dactrice en chef au quotidien La Croix, ancienne correspondante \u00e0 Rome<\/p>\n\n\n\n<p>V\u00e9ronique Gaymard<\/p>\n\n\n\n<h2 class=\"wp-block-heading\">Le pape Fran\u00e7ois pourrait-il \u00e0 son tour s&rsquo;en aller&nbsp;?<\/h2>\n\n\n\n<p>Fran\u00e7ois a laiss\u00e9 la porte ouverte \u00e0 cette possibilit\u00e9 car il a d\u00e9j\u00e0 sign\u00e9 une lettre de d\u00e9mission en cas de probl\u00e8me de sant\u00e9. Mais ce ne sera pas pour tout de suite&nbsp;: le Saint-P\u00e8re entame un voyage fin janvier&nbsp;en R\u00e9publique d\u00e9mocratique du Congo et au Soudan du Sud.<\/p>\n\n\n\n<p>Ces deux escales, le chef de l&rsquo;\u00c9glise catholique les avait report\u00e9es en raison de ses&nbsp;probl\u00e8mes de sant\u00e9, en juin dernier. Fran\u00e7ois se rendra ensuite au Portugal&nbsp;en ao\u00fbt&nbsp;puis il devrait terminer les travaux du Synode&nbsp;en 2024.<\/p>\n\n\n\n<p>Il y sera question du&nbsp;regard du Vatican sur la question ancestrale et \u00e9pineuse du&nbsp;mariage des pr\u00eatres, mais \u00e9galement de la place des femmes et de la gouvernance de l&rsquo;\u00c9glise.<\/p>\n","protected":false},"excerpt":{"rendered":"<p>Les obs\u00e8ques du pape Beno\u00eet XVI, d\u00e9c\u00e9d\u00e9 le 31 d\u00e9cembre,\u00a0se d\u00e9roulent ce jeudi 5 janvier 2023 sur la place Saint-Pierre\u00a0sous<\/p>\n","protected":false},"author":1,"featured_media":5636,"comment_status":"open","ping_status":"open","sticky":false,"template":"","format":"standard","meta":{"footnotes":""},"categories":[26],"tags":[],"class_list":["post-5854","post","type-post","status-publish","format-standard","has-post-thumbnail","hentry","category-fait-divers"],"_links":{"self":[{"href":"https:\/\/dekkbi.com\/index.php?rest_route=\/wp\/v2\/posts\/5854","targetHints":{"allow":["GET"]}}],"collection":[{"href":"https:\/\/dekkbi.com\/index.php?rest_route=\/wp\/v2\/posts"}],"about":[{"href":"https:\/\/dekkbi.com\/index.php?rest_route=\/wp\/v2\/types\/post"}],"author":[{"embeddable":true,"href":"https:\/\/dekkbi.com\/index.php?rest_route=\/wp\/v2\/users\/1"}],"replies":[{"embeddable":true,"href":"https:\/\/dekkbi.com\/index.php?rest_route=%2Fwp%2Fv2%2Fcomments&post=5854"}],"version-history":[{"count":1,"href":"https:\/\/dekkbi.com\/index.php?rest_route=\/wp\/v2\/posts\/5854\/revisions"}],"predecessor-version":[{"id":5856,"href":"https:\/\/dekkbi.com\/index.php?rest_route=\/wp\/v2\/posts\/5854\/revisions\/5856"}],"wp:featuredmedia":[{"embeddable":true,"href":"https:\/\/dekkbi.com\/index.php?rest_route=\/wp\/v2\/media\/5636"}],"wp:attachment":[{"href":"https:\/\/dekkbi.com\/index.php?rest_route=%2Fwp%2Fv2%2Fmedia&parent=5854"}],"wp:term":[{"taxonomy":"category","embeddable":true,"href":"https:\/\/dekkbi.com\/index.php?rest_route=%2Fwp%2Fv2%2Fcategories&post=5854"},{"taxonomy":"post_tag","embeddable":true,"href":"https:\/\/dekkbi.com\/index.php?rest_route=%2Fwp%2Fv2%2Ftags&post=5854"}],"curies":[{"name":"wp","href":"https:\/\/api.w.org\/{rel}","templated":true}]}}