{"id":58523,"date":"2025-06-20T10:53:49","date_gmt":"2025-06-20T10:53:49","guid":{"rendered":"https:\/\/dekkbi.com\/?p=58523"},"modified":"2025-06-20T10:53:50","modified_gmt":"2025-06-20T10:53:50","slug":"grand-magal-de-touba-2025-serigne-bassirou-mbacke-sollicite-le-curage-imminent-des-canaux","status":"publish","type":"post","link":"https:\/\/dekkbi.com\/?p=58523","title":{"rendered":"Grand Magal de Touba 2025: Serigne Bassirou Mback\u00e9 sollicite le curage imminent des canaux"},"content":{"rendered":"\n<p><strong>En pr\u00e9lude \u00e0 la 130e \u00e9dition de la comm\u00e9moration du d\u00e9part en exil de Cheikh Ahmadou Bamba, pr\u00e9vue le 12 ao\u00fbt 2025, les autorit\u00e9s administratives et les dignitaires mourides de la r\u00e9gion de Diourbel ont tenu, hier, une r\u00e9union pr\u00e9paratoire.<\/strong><\/p>\n\n\n\n<p>DIOURBEL \u2013 Le porte-parole du khalife g\u00e9n\u00e9ral des mourides, Serigne Basssirou Abdou Khadre Mback\u00e9, a demand\u00e9 au gouvernement de proc\u00e9der au curage des canaux de Touba avant la comm\u00e9moration du d\u00e9part en exil de Serigne Touba. Le chef religieux a formul\u00e9 cette dol\u00e9ance, hier, \u00e0 l\u2019occasion du Comit\u00e9 r\u00e9gional de d\u00e9veloppement (Crd) consacr\u00e9 aux pr\u00e9paratifs du grand Magal de Touba.<\/p>\n\n\n\n<p>Selon le fils de Serigne Abdou Khadre Mback\u00e9, le nettoyage des canaux d\u2019\u00e9vacuation des eaux de pluies fait partie des pr\u00e9occupations majeures du comit\u00e9 d\u2019organisation du grand Magal de Touba dont il est le pr\u00e9sident. \u00ab Il faut que les curages commencent tr\u00e8s t\u00f4t parce que nous notons d\u00e9j\u00e0 des d\u00e9sagr\u00e9ments apr\u00e8s la premi\u00e8re pluie enregistr\u00e9e dans notre cit\u00e9 religieuse. Les curages contribuent \u00e0 r\u00e9duire les difficult\u00e9s. L\u2019ann\u00e9e derni\u00e8re, nous avons constat\u00e9 que beaucoup de canaux \u00e9taient obstru\u00e9s pendant l\u2019hivernage \u00bb, a- t-il pr\u00e9cis\u00e9. Dans son discours d\u2019ouverture, le pr\u00e9sident du comit\u00e9 d\u2019organisation du grand Magal de Touba a insist\u00e9 sur la dimension internationale de cet \u00e9v\u00e9nement religieux et invit\u00e9 les p\u00e8lerins \u00e0 plus d\u2019efforts, en faisant plus que l\u2019\u00e9dition pr\u00e9c\u00e9dente (2024).<\/p>\n\n\n\n<p>Les membres du comit\u00e9 d\u2019organisation ont formul\u00e9 des pr\u00e9occupations relatives \u00e0 la couverture sanitaire. Ils ont sollicit\u00e9 la fonctionnalit\u00e9 de tous les services de l\u2019h\u00f4pital Cheikh Ahmadoul Khadim de Touba, la dotation en m\u00e9dicaments des pharmacies, des h\u00f4pitaux de Touba (Mataboul Fawzeyni, Ndamatou et Cheikh Ahmadoul Khadim), l\u2019augmentation des ambulances et l\u2019installation des postes moyens avanc\u00e9s (Pma). Sur le plan s\u00e9curitaire, les organisateurs ont demand\u00e9 la s\u00e9curisation des grands lieux de rassemblement comme la grande Mosqu\u00e9e, la r\u00e9sidence Khadim Rassoul et les domiciles de certains dignitaires, l\u2019organisation de contr\u00f4les inopin\u00e9es avant l\u2019\u00e9v\u00e9nement. Les chefs de services et les forces de d\u00e9fenses et de s\u00e9curit\u00e9 ont promis la mise \u00e0 disposition de 360 m\u00e9decins, l\u2019appui des d\u00e9partements de m\u00e9decine des universit\u00e9s publiques, la mise hors d\u00e9lestage des villes de Touba et Mback\u00e9, la circulation du train, un bon approvisionnement du march\u00e9 en marchandises etc.<\/p>\n\n\n\n<p>Le gouverneur de la r\u00e9gion de Diourbel, Ibrahima Fall, a formul\u00e9 des recommandations comme l\u2019acc\u00e9l\u00e9ration des travaux de r\u00e9habilitation des routes nationales et secondaires de Touba, la r\u00e9novation de trois forages dont ceux de Keur Kab et Darou Manan, la mise en place d\u2019un dispositif d\u2019appoint (citernes) pour \u00e9viter des cas de manque d\u2019eau, la r\u00e9activation de l\u2019\u00e9tat-major mixte permettant de r\u00e9gler les difficult\u00e9s organisationnelles et de trouver des solutions. Le gouverneur de la r\u00e9gion, le pr\u00e9fet du d\u00e9partement de Mback\u00e9 et les chefs de services r\u00e9gionaux ont pris l\u2019engagement d\u2019\u00e9tudier et de satisfaire certains besoins du comit\u00e9 d\u2019organisation avant la r\u00e9union nationale pr\u00e9vue au minist\u00e8re de l\u2019Int\u00e9rieur et de la S\u00e9curit\u00e9 publique.<\/p>\n\n\n\n<p><strong>Oumar Bayo BA (Correspondant)<\/strong><br>LESOLEIL<\/p>\n","protected":false},"excerpt":{"rendered":"<p>En pr\u00e9lude \u00e0 la 130e \u00e9dition de la comm\u00e9moration du d\u00e9part en exil de Cheikh Ahmadou Bamba, pr\u00e9vue le 12<\/p>\n","protected":false},"author":1,"featured_media":58524,"comment_status":"open","ping_status":"open","sticky":false,"template":"","format":"standard","meta":{"footnotes":""},"categories":[21],"tags":[],"class_list":["post-58523","post","type-post","status-publish","format-standard","has-post-thumbnail","hentry","category-societe"],"_links":{"self":[{"href":"https:\/\/dekkbi.com\/index.php?rest_route=\/wp\/v2\/posts\/58523","targetHints":{"allow":["GET"]}}],"collection":[{"href":"https:\/\/dekkbi.com\/index.php?rest_route=\/wp\/v2\/posts"}],"about":[{"href":"https:\/\/dekkbi.com\/index.php?rest_route=\/wp\/v2\/types\/post"}],"author":[{"embeddable":true,"href":"https:\/\/dekkbi.com\/index.php?rest_route=\/wp\/v2\/users\/1"}],"replies":[{"embeddable":true,"href":"https:\/\/dekkbi.com\/index.php?rest_route=%2Fwp%2Fv2%2Fcomments&post=58523"}],"version-history":[{"count":1,"href":"https:\/\/dekkbi.com\/index.php?rest_route=\/wp\/v2\/posts\/58523\/revisions"}],"predecessor-version":[{"id":58525,"href":"https:\/\/dekkbi.com\/index.php?rest_route=\/wp\/v2\/posts\/58523\/revisions\/58525"}],"wp:featuredmedia":[{"embeddable":true,"href":"https:\/\/dekkbi.com\/index.php?rest_route=\/wp\/v2\/media\/58524"}],"wp:attachment":[{"href":"https:\/\/dekkbi.com\/index.php?rest_route=%2Fwp%2Fv2%2Fmedia&parent=58523"}],"wp:term":[{"taxonomy":"category","embeddable":true,"href":"https:\/\/dekkbi.com\/index.php?rest_route=%2Fwp%2Fv2%2Fcategories&post=58523"},{"taxonomy":"post_tag","embeddable":true,"href":"https:\/\/dekkbi.com\/index.php?rest_route=%2Fwp%2Fv2%2Ftags&post=58523"}],"curies":[{"name":"wp","href":"https:\/\/api.w.org\/{rel}","templated":true}]}}