{"id":58498,"date":"2025-06-20T09:12:26","date_gmt":"2025-06-20T09:12:26","guid":{"rendered":"https:\/\/dekkbi.com\/?p=58498"},"modified":"2025-06-20T11:55:12","modified_gmt":"2025-06-20T11:55:12","slug":"les-joj-2026-doivent-aussi-impacter-le-tourisme-et-lemployabilite-ahmadou-al-aminou-lo","status":"publish","type":"post","link":"https:\/\/dekkbi.com\/?p=58498","title":{"rendered":"Les JOJ 2026 doivent aussi impacter le tourisme et l\u2019employabilit\u00e9"},"content":{"rendered":"\n<p>Dakar, (APS) \u2013 Les Jeux olympiques de la jeunesse (JOJ) de 2026, au-del\u00e0 de leur dimension sportive, doivent donner au S\u00e9n\u00e9gal l\u2019opportunit\u00e9 de \u201cg\u00e9n\u00e9rer des retomb\u00e9es \u00e9conomiques\u201d \u00e0 travers le tourisme et l\u2019employabilit\u00e9 des jeunes, a pr\u00e9conis\u00e9, jeudi, Ahmadou Al Aminou Lo.<\/p>\n\n\n\n<p>\u201cNous ne voulons pas que les JOJ soient juste du sport. Nous voulons impulser une dynamique pour montrer ce que les Jeux peuvent apporter au tourisme mais surtout \u00e0 l\u2019employabilit\u00e9 des jeunes\u201d, a d\u00e9clar\u00e9 le ministre charg\u00e9 du Suivi, du Pilotage et de l\u2019Evaluation de l\u2019Agenda national de transformation \u201cS\u00e9n\u00e9gal 2050\u201d \u00e0 la pr\u00e9sidence de la R\u00e9publique.<\/p>\n\n\n\n<p>Les Jeux olympiques de la jeunesse, \u00e9dition 2026, se d\u00e9rouleront au S\u00e9n\u00e9gal du 31 octobre au 13 novembre.<\/p>\n\n\n\n<p>Intervenant lors d\u2019un panel organis\u00e9 \u00e0 l\u2019occasion de la Journ\u00e9e des p\u00f4les urbains de Diamniado et du Lac Rose, M. Lo a insist\u00e9 sur la n\u00e9cessit\u00e9 de \u201ccapitaliser et de former des jeunes\u201d dans divers domaines comme la restauration, l\u2019h\u00f4tellerie, l\u2019\u00e9v\u00e8nementiel \u00e0 travers le concept d\u00e9nomm\u00e9 \u201cJOJ Impact\u201d.<\/p>\n\n\n\n<p>Il a ainsi sugg\u00e9r\u00e9 de faire du p\u00f4le urbain de Diamniadio, situ\u00e9 \u00e0 une trentaine de kilom\u00e8tre de Dakar, l\u2019\u00e9picentre du \u201cJOJ Impact\u201d en vue de r\u00e9ussir cette ambition.<\/p>\n\n\n\n<p>\u201cNous devons pouvoir avoir des impacts socio\u00e9conomiques de l\u2019agenda S\u00e9n\u00e9gal 2050. Au-del\u00e0 des infrastructures, nous devrons \u00e9valuer et savoir ce qu\u2019il a apport\u00e9 au d\u00e9veloppement socio\u00e9conomique du S\u00e9n\u00e9gal\u201d,&nbsp; a poursuivi M. Lo.<\/p>\n\n\n\n<p>Il a \u00e9galement recommand\u00e9 une \u201cstructuration\u201d des villes dans une perspective de favoriser l\u2019investissement, l\u2019emploi et les services.<\/p>\n\n\n\n<p>\u201cL\u2019am\u00e9nagement est le levier strat\u00e9gique. Tout doit \u00eatre au niveau de la territorialisation de nos politiques \u00e9conomiques. Il faut qu\u2019on restructure l\u2019espace, qu\u2019on organise la croissance, l\u2019inclusion et l\u2019efficience\u201d, a conclu Ahmadou Al Aminou Lo, anciennement secr\u00e9taire g\u00e9n\u00e9ral du gouvernement.<\/p>\n\n\n\n<p>Le directeur g\u00e9n\u00e9ral de l\u2019Agence s\u00e9n\u00e9galaise de promotion touristique (ASPT), Adama Ndiaye a, pour sa part relev\u00e9 l\u2019importance de cr\u00e9er des am\u00e9nagements dans la durabilit\u00e9.<\/p>\n\n\n\n<p>\u201cIl faudrait des am\u00e9nagements pour permettre \u00e0 ceux qui voudraient circuler \u00e0 l\u2019int\u00e9rieur de la plateforme, de le faire \u00e0 travers une mobilit\u00e9 verte comme des pistes cyclables, des all\u00e9es pi\u00e9tons, un reboisement ainsi qu\u2019une signal\u00e9tique qui correspond \u00e0 une labellisation \u00e9co-lab\u201d, a-t-il pr\u00e9conis\u00e9.<\/p>\n\n\n\n<p>Il a estim\u00e9 que cette approche pourrait faire de Diamniadio \u201cune ville verte qui respire\u201d, dans laquelle l\u2019on circule \u201cais\u00e9ment\u201d et qui \u201cattire\u201d les investisseurs.<\/p>\n\n\n\n<p>La Journ\u00e9e des p\u00f4les urbains de Diamniado et du Lac Rose a \u00e9t\u00e9 aussi l\u2019occasion, pour les partenaires publics et priv\u00e9s et les promoteurs implant\u00e9s dans la zone, de faire des communications sur les services qu\u2019ils offrent.<\/p>\n\n\n\n<figure class=\"wp-block-image\"><img decoding=\"async\" src=\"https:\/\/aps.sn\/wp-content\/uploads\/2025\/06\/lo-aminou2.webp\" alt=\"\" class=\"wp-image-340769\"\/><\/figure>\n\n\n\n<p>MFD\/SMD\/HK\/BK<\/p>\n","protected":false},"excerpt":{"rendered":"<p>Dakar, (APS) \u2013 Les Jeux olympiques de la jeunesse (JOJ) de 2026, au-del\u00e0 de leur dimension sportive, doivent donner au<\/p>\n","protected":false},"author":1,"featured_media":58499,"comment_status":"open","ping_status":"open","sticky":false,"template":"","format":"standard","meta":{"footnotes":""},"categories":[9],"tags":[],"class_list":["post-58498","post","type-post","status-publish","format-standard","has-post-thumbnail","hentry","category-sports"],"_links":{"self":[{"href":"https:\/\/dekkbi.com\/index.php?rest_route=\/wp\/v2\/posts\/58498","targetHints":{"allow":["GET"]}}],"collection":[{"href":"https:\/\/dekkbi.com\/index.php?rest_route=\/wp\/v2\/posts"}],"about":[{"href":"https:\/\/dekkbi.com\/index.php?rest_route=\/wp\/v2\/types\/post"}],"author":[{"embeddable":true,"href":"https:\/\/dekkbi.com\/index.php?rest_route=\/wp\/v2\/users\/1"}],"replies":[{"embeddable":true,"href":"https:\/\/dekkbi.com\/index.php?rest_route=%2Fwp%2Fv2%2Fcomments&post=58498"}],"version-history":[{"count":2,"href":"https:\/\/dekkbi.com\/index.php?rest_route=\/wp\/v2\/posts\/58498\/revisions"}],"predecessor-version":[{"id":58543,"href":"https:\/\/dekkbi.com\/index.php?rest_route=\/wp\/v2\/posts\/58498\/revisions\/58543"}],"wp:featuredmedia":[{"embeddable":true,"href":"https:\/\/dekkbi.com\/index.php?rest_route=\/wp\/v2\/media\/58499"}],"wp:attachment":[{"href":"https:\/\/dekkbi.com\/index.php?rest_route=%2Fwp%2Fv2%2Fmedia&parent=58498"}],"wp:term":[{"taxonomy":"category","embeddable":true,"href":"https:\/\/dekkbi.com\/index.php?rest_route=%2Fwp%2Fv2%2Fcategories&post=58498"},{"taxonomy":"post_tag","embeddable":true,"href":"https:\/\/dekkbi.com\/index.php?rest_route=%2Fwp%2Fv2%2Ftags&post=58498"}],"curies":[{"name":"wp","href":"https:\/\/api.w.org\/{rel}","templated":true}]}}