{"id":5846,"date":"2023-01-05T09:48:43","date_gmt":"2023-01-05T09:48:43","guid":{"rendered":"https:\/\/dekkbi.com\/?p=5846"},"modified":"2023-01-05T09:48:44","modified_gmt":"2023-01-05T09:48:44","slug":"troisieme-conseil-des-medias-momar-diongue-affiche-ses-deceptions","status":"publish","type":"post","link":"https:\/\/dekkbi.com\/?p=5846","title":{"rendered":"Troisi\u00e8me conseil des m\u00e9dias: Momar Diongue affiche ses d\u00e9ceptions"},"content":{"rendered":"\n<p><strong>Journaliste et analyste politique, Momar Diongue, s\u2019est tr\u00e8s d\u00e9\u00e7u de la tenue d\u2019un troisi\u00e8me conseil des m\u00e9dias sans pour autant que le journaliste Pape Al\u00e9 Niang, ne soit lib\u00e9r\u00e9.<\/strong><\/p>\n\n\n\n<p>Troisi\u00e8me du genre, la maison de la presse Babacar Tour\u00e9 a accueilli de nouveau le conseil des m\u00e9dias toujours \u00e0 l\u2019initiative de la coordination des associations de presse \u00e0 l\u2019effet de lib\u00e9rer le confr\u00e8re Pape Al\u00e9 Niang.<\/p>\n\n\n\n<p>\u00ab\u00a0Ce rassemblement qu\u2019on appelle conseil des m\u00e9dias, est le troisi\u00e8me que nous organisons. Et on l\u2019a organis\u00e9 \u00e0 intervalle r\u00e9gulier. Mais moi, je suis tr\u00e8s d\u00e9\u00e7u parce que je ne croyais pas qu\u2019on n\u2019en serait \u00e0 une troisi\u00e8me \u00e9dition de cette forme de rassemblement sans que Pape Al\u00e9 Niang ne soit lib\u00e9r\u00e9. J\u2019esp\u00e9rais vraiment qu\u2019il en soit\u00a0\u00bb, d\u00e9plore le journaliste, membre de la coordination des associations de presse (CAP).<\/p>\n\n\n\n<p>D\u2019apr\u00e8s l\u2019analyste politique\u00a0:\u00a0\u00ab\u00a0Pape Al\u00e9 Niang, sa pr\u00e9sence aupr\u00e8s de sa famille ne g\u00e8ne en rien la proc\u00e9dure dont il est impliqu\u00e9. Il offre toutes les garanties de repr\u00e9sentation. Il est r\u00e9guli\u00e8rement domicili\u00e9. Il exerce son m\u00e9tier dans ce pays et il ne fuira jamais ce pays, s\u2019il est en contr\u00f4le judiciaire.\u00a0\u00bb<\/p>\n\n\n\n<p>\u00ab\u00a0Maintenant \u00e0 la suite de sa premi\u00e8re lib\u00e9ration, il a eu \u00e0 faire des post qui lui ont \u00e9t\u00e9 reproch\u00e9. Et, c\u2019est \u00e0 ce niveau l\u00e0, que moi j\u2019ai un peu de probl\u00e8me par rapport au traitement particulier dont Pape Al\u00e9 Niang fait l\u2019objet, souligne-t-il.<\/p>\n\n\n\n<p>En r\u00e9alit\u00e9 pr\u00e9cise le directeur de publication du Grand journal \u00ab\u00a0on en veut pas faire pression sur l\u2019autorit\u00e9 politique et juridique pour que la justice ne se fasse pas. On ne cherche pas non plus \u00e0 leur torde le bras pour qu\u2019ils lib\u00e8rent Pape Al\u00e9. Et c\u2019est juste pour cette raison que nous avons estim\u00e9 que de la m\u00eame mani\u00e8re que des personnalit\u00e9s r\u00e9cemment ont fait l\u2019objet de contr\u00f4le judiciaire et ont eu \u00e0 le transgresser. Elles ont \u00e9t\u00e9 convoqu\u00e9 par le juge, on leur a rappel\u00e9 les conditions qui leur permettre de jouir du contr\u00f4le judiciaire et on les a laiss\u00e9 regagner leur domicile.\u00a0\u00bb<\/p>\n\n\n\n<p>\u00ab Pourquoi Pape Al\u00e9 Niang ne b\u00e9n\u00e9ficie pas de ce traitement l\u00e0, c\u2019est qu\u2019il y a un acharnement contre sa personne&nbsp;\u00bb, se demande-t-il.<\/p>\n\n\n\n<p>Par ailleurs, M. Diongue rappelle \u00ab Qu\u2019il peut arriver qu\u2019une proc\u00e9dure soit enclench\u00e9e mais que si cela doit co\u00fbter la vie \u00e0 un pr\u00e9venu, mais que l\u2019autorit\u00e9 judiciaire puisse se raviser, analyser la situation et faire ce qu\u2019on appelle dans le jargon \u00ab&nbsp;le fait que parfois la n\u00e9cessit\u00e9 puisse faire loi dans certaines circonstances&nbsp;\u00bb<\/p>\n\n\n\n<p>Et de dire\u00a0: \u00ab\u00a0Est-ce que les autorit\u00e9s judiciaires et politiques ont mesur\u00e9 les cons\u00e9quences d\u2019une disparition en t\u00f4le de Pape Al\u00e9 Niang\u00a0?\u00a0\u00bb<\/p>\n\n\n\n<p>\u00ab&nbsp;Je crois que de ce point de vue l\u00e0, il doit falloir qu\u2019ils reviennent \u00e0 la raison qu\u2019ils ne se disent pas que la corporation et Pape Al\u00e9 Niang nous cherche \u00e0 nous mettre la pression, on ne va reculer, on ne va pas c\u00e9der. Ce n\u2019est pas une question de rapport de force. C\u2019est une question d\u2019une circonstance particuli\u00e8re, difficile qui peut m\u00eame virer \u00e0 la trag\u00e9die et \u00e0 propos de la quelle nous les interpelons pour qu\u2019ils puissent entendre raison et lib\u00e9rer Pape Al\u00e9&nbsp;\u00bb, conclut-il<\/p>\n\n\n\n<p>OG.<\/p>\n\n\n\n<p>SUDONLINE<\/p>\n","protected":false},"excerpt":{"rendered":"<p>Journaliste et analyste politique, Momar Diongue, s\u2019est tr\u00e8s d\u00e9\u00e7u de la tenue d\u2019un troisi\u00e8me conseil des m\u00e9dias sans pour autant<\/p>\n","protected":false},"author":1,"featured_media":5847,"comment_status":"open","ping_status":"open","sticky":false,"template":"","format":"standard","meta":{"footnotes":""},"categories":[21],"tags":[],"class_list":["post-5846","post","type-post","status-publish","format-standard","has-post-thumbnail","hentry","category-societe"],"_links":{"self":[{"href":"https:\/\/dekkbi.com\/index.php?rest_route=\/wp\/v2\/posts\/5846","targetHints":{"allow":["GET"]}}],"collection":[{"href":"https:\/\/dekkbi.com\/index.php?rest_route=\/wp\/v2\/posts"}],"about":[{"href":"https:\/\/dekkbi.com\/index.php?rest_route=\/wp\/v2\/types\/post"}],"author":[{"embeddable":true,"href":"https:\/\/dekkbi.com\/index.php?rest_route=\/wp\/v2\/users\/1"}],"replies":[{"embeddable":true,"href":"https:\/\/dekkbi.com\/index.php?rest_route=%2Fwp%2Fv2%2Fcomments&post=5846"}],"version-history":[{"count":1,"href":"https:\/\/dekkbi.com\/index.php?rest_route=\/wp\/v2\/posts\/5846\/revisions"}],"predecessor-version":[{"id":5848,"href":"https:\/\/dekkbi.com\/index.php?rest_route=\/wp\/v2\/posts\/5846\/revisions\/5848"}],"wp:featuredmedia":[{"embeddable":true,"href":"https:\/\/dekkbi.com\/index.php?rest_route=\/wp\/v2\/media\/5847"}],"wp:attachment":[{"href":"https:\/\/dekkbi.com\/index.php?rest_route=%2Fwp%2Fv2%2Fmedia&parent=5846"}],"wp:term":[{"taxonomy":"category","embeddable":true,"href":"https:\/\/dekkbi.com\/index.php?rest_route=%2Fwp%2Fv2%2Fcategories&post=5846"},{"taxonomy":"post_tag","embeddable":true,"href":"https:\/\/dekkbi.com\/index.php?rest_route=%2Fwp%2Fv2%2Ftags&post=5846"}],"curies":[{"name":"wp","href":"https:\/\/api.w.org\/{rel}","templated":true}]}}