{"id":58455,"date":"2025-06-19T15:27:58","date_gmt":"2025-06-19T15:27:58","guid":{"rendered":"https:\/\/dekkbi.com\/?p=58455"},"modified":"2025-06-19T15:27:58","modified_gmt":"2025-06-19T15:27:58","slug":"rufisque-la-maison-des-arts-et-de-la-culture-porte-le-nom-khar-mbaye-madiaga","status":"publish","type":"post","link":"https:\/\/dekkbi.com\/?p=58455","title":{"rendered":"Rufisque &#8211; La Maison des Arts et de la Culture porte le nom Khar Mbaye Madiaga"},"content":{"rendered":"\n<p>iGFM &#8211; (Dakar) La journ\u00e9e du mercredi 18 juin 2025 sera marqu\u00e9e d\u2019une pierre blanche dans l\u2019histoire de Rufisque, voire du S\u00e9n\u00e9gal, car elle consacre un \u00e9v\u00e8nement majeur : l\u2019inauguration de la Maison des Arts et de la Culture Khar Mbaye Madiaga, un joyau architectural et un sanctuaire d\u00e9di\u00e9 \u00e0 la m\u00e9moire, \u00e0 la cr\u00e9ation, \u00e0 l\u2019innovation, \u00e0 l\u2019h\u00e9ritage et au r\u00eave, selon le maire de Rufisque, M. Oumar Ciss\u00e9.<\/p>\n\n\n\n<p>Pour M. Ciss\u00e9, c&rsquo;est un honneur et une fiert\u00e9, mais aussi toute l\u2019\u00e9motion qu&rsquo;il \u00e9prouve pour cet \u00e9v\u00e8nement qui, en outre, nous permet de magnifier, une fois encore, le partenariat fructueux et exemplaire qui lie les Villes de Nantes et de Rufisque et dont la Maison des Arts et de la Culture Khar Mbaye Madiaga constitue l\u2019une des r\u00e9alisations phares.&nbsp;<\/p>\n\n\n\n<p>En inscrivant la Culture comme secteur prioritaire dans ce partenariat, les Conseils municipaux de Nantes et de Rufisque, ont parfaitement compris, comme feu le Pr\u00e9sident Senghor, je le cite, \u00ab la Culture est au d\u00e9but et \u00e0 la fin de tout d\u00e9veloppement \u00bb.<\/p>\n\n\n\n<p>\u00ab\u00a0En d\u00e9cidant d\u2019attribuer votre nom \u00e0 cette belle Maison qui \u00ab parle \u00e0 l\u2019avenir avec les mots du pass\u00e9 \u00bb, le Conseil municipal de la Ville de Rufisque, pose un acte fort et juste, pour rendre un hommage bien m\u00e9rit\u00e9 \u00e0 une grande dame d\u2019exception qui a merveilleusement contribu\u00e9 au rayonnement de notre cit\u00e9.&nbsp;<\/p>\n\n\n\n<p>Par ce geste, les rufisquoises et les rufisquois tiennent \u00e0 ce que votre nom et votre voix au timbre d\u2019or, v\u00e9hicule de nos traditions de paix, de dialogue et d\u2019interculturalit\u00e9, continuent, pour l\u2019\u00e9ternit\u00e9, \u00e0 retentir aux oreilles des g\u00e9n\u00e9rations actuelles et futures. C\u2019est aussi pour que votre visage d\u2019\u00e9b\u00e8ne de la Femme Noire chant\u00e9 par feu le po\u00e8te L\u00e9opold S\u00e9dar Senghor, reste, \u00e9galement, \u00e0 jamais grav\u00e9 dans la m\u00e9moire collective pour perp\u00e9tuer votre \u0153uvre monumentale, qui transcende le temps et l\u2019espace\u00a0\u00bb dit-il.<\/p>\n\n\n\n<p>Avant de poursuivre: \u00ab\u00a0Vous rejoignez d\u00e9sormais le Panth\u00e9on des Grandes Femmes et des Grands Hommes qui ont marqu\u00e9 l\u2019histoire de Rufisque, comme Ngalandou Diouf, Ibra Seck, Ourname Soc\u00e9 Diop, Addoulaye Sadji, Maurice Gueye, Mbaye-Jacques Diop, Badara Mamaya S\u00e8ne, Ndiawar Tour\u00e9, Adjaratou Fatou Seck, pour ne citer que ceux-l\u00e0.<\/p>\n\n\n\n<p>Haut lieu de la Culture et des Arts, les g\u00e9n\u00e9rations d\u2019artistes qu\u2019il abritera sauront, j\u2019en suis persuad\u00e9, en feront bon usage, et marcheront ainsi sur vos traces dans cette \u00e9tape cruciale qui marque le d\u00e9marrage de la d\u00e9cennie de renaissance de Rufisque\u00a0\u00bb.&nbsp;<\/p>\n\n\n\n<p>Mieux, soutient-il: \u00ab\u00a0C\u2019est le lieu de remercier et de f\u00e9liciter les acteurs culturels qui, comme un seul homme, se sont pleinement investis et mobilis\u00e9s, \u00e0 nos c\u00f4t\u00e9s, pour la r\u00e9ussite de cette c\u00e9r\u00e9monie. Je salue, ainsi, leur engagement et leur pleine adh\u00e9sion \u00e0 ce projet.&nbsp;<\/p>\n\n\n\n<p>Cette journ\u00e9e de c\u00e9l\u00e9bration est aussi l\u2019occasion de saluer, avec \u00e9motion et reconnaissance, ces hommes et ces femmes qui ont aussi port\u00e9 haut le nom de Rufisque \u00e0 travers les \u00e2ges, dans la musique, les arts, les lettres, le th\u00e9\u00e2tre, le chant, etc\u00a0\u00bb.<\/p>\n\n\n\n<p>\u00ab\u00a0La Maison des Arts et de la Culture Khar Mbaye Madiaga, est, comme je l\u2019ai rappel\u00e9 \u00e0 l\u2019entame de cette adresse, le fruit d\u2019un partenariat fort, tiss\u00e9 dans le respect mutuel, la solidarit\u00e9 et la vision partag\u00e9e. Je veux nommer la coop\u00e9ration entre Rufisque et Nantes entam\u00e9e en 1992, sous le magist\u00e8re des maires des deux villes de l\u2019\u00e9poque, feu Maitre Mbaye-Jacques DIOP (Maire de Rufisque) et Jean-Marc AYRAULT (Maire de Nantes). En tant que pr\u00e9curseurs et en reconnaissance de leurs contributions exceptionnelles dans ce partenariat, deux salles de ce magnifique \u00e9difice portent d\u00e9sormais leurs noms.<\/p>\n\n\n\n<p>C\u2019est la manifestation de notre gratitude \u00e0 leur \u00e9gard pour ce mod\u00e8le de coop\u00e9ration d\u00e9centralis\u00e9e, qui d\u00e9fie le temps et consolide les relations entre nos deux villes et, au-del\u00e0, entre la France et le S\u00e9n\u00e9gal. Il prouve que quand les villes se parlent, les peuples se rapprochent et les r\u00eaves deviennent r\u00e9alit\u00e9s\u00a0\u00bb at-il rappel\u00e9.<\/p>\n\n\n\n<p>\u00ab\u00a0\u00c0 ce titre, je tiens \u00e0 remercier tr\u00e8s chaleureusement Monsieur Alassane GUISSE, Adjoint au Maire de Nantes en charge de la Coop\u00e9ration, qui dirige la d\u00e9l\u00e9gation venue repr\u00e9senter \u00e0 cette c\u00e9r\u00e9monie, Madame Johanna ROLLAND, Maire de Nantes. Votre engagement personnel, votre disponibilit\u00e9 constante, ont \u00e9t\u00e9 d\u00e9cisifs dans la concr\u00e9tisation de ce r\u00eave. Rufisque, votre ville natale, que vous aimez tant, vous en sera toujours reconnaissante.<\/p>\n\n\n\n<p>Vous voudrez bien \u00eatre notre interpr\u00e8te aupr\u00e8s de Madame le Maire de Nantes, pour lui exprimer toute notre gratitude pour avoir gard\u00e9 haut le flambeau cette coop\u00e9ration exemplaire.&nbsp;<\/p>\n\n\n\n<p>Tr\u00e8s b\u00e9n\u00e9fique \u00e0 nos populations, elle se renforcera, j\u2019en suis persuad\u00e9, au regard des orientations et des projets structurants cibl\u00e9s dans notre prochain accord de partenariat qui concernent des secteurs cl\u00e9 tels que la Culture, l\u2019Education, la Jeunesse et les Sport, l\u2019environnement et le d\u00e9veloppement durable, etc.\u00a0\u00bb salue-t-il.<\/p>\n\n\n\n<p>Il n&rsquo;a pas manqu\u00e9 de confondre dans les remerciements la forte d\u00e9l\u00e9gation qui accompagne M. Guiss\u00e9 les associations des deux villes qui s\u2019investissent et qui administrent la preuve qu\u2019il s\u2019agit-la d\u2019un partenariat inclusif et gagnant-gagnant, au b\u00e9n\u00e9fice de vos concitoyens.&nbsp;<\/p>\n\n\n\n<p>&nbsp;Au ministre, dira-t-il, \u00ab\u00a0Votre pr\u00e9sence ici suffit \u00e0 t\u00e9moigner de l\u2019importance que Son Excellence Monsieur le Pr\u00e9sident de la R\u00e9publique Bassirou Diomaye Diakhar FAYE, le Premier Ministre Ousmane SONKO et le Gouvernement accordent \u00e0 la d\u00e9centralisation culturelle et au rayonnement de nos territoires. Soyez-en tous remercier\u00a0\u00bb.<\/p>\n\n\n\n<p>Aux &nbsp;communicateurs traditionnels, se r\u00e9jouit-il; \u00a0\u00bb En honorant une des v\u00f4tres, Adja Khar Mbaye Madiaga, c\u2019est toute la communaut\u00e9 des communicateurs traditionnels que nous rendons un vibrant hommage. Aussi, je tiens \u00e0 exprimer une pens\u00e9e sp\u00e9ciale pour votre \u00e9minent pr\u00e9sident, El Hadji Mansour Mbaye. Gardien de nos traditions, il est un mod\u00e8le de sagesse et de loyaut\u00e9. A lui, \u00e0 Adja Khar et \u00e0 vous toutes et \u00e0 vous tous, nous vous souhaitons bonne sant\u00e9 et long\u00e9vit\u00e9, que vous continuez \u00e0 guider et \u00e0 inspirer notre Jeunesse, comme vous savez si bien le faire.\u00a0\u00bb&nbsp;<\/p>\n\n\n\n<p>Dans ces hommages, le maire a annonc\u00e9 que la salle de spectacle et l\u2019espace de vernissage portent respectivement les noms de Ismaila LO et de feu Mbaye DIOP.&nbsp;<\/p>\n\n\n\n<p>Par ailleurs, pour perp\u00e9tuer sa m\u00e9moire, la biblioth\u00e8que porte le nom de feu Alioune Mar, ancien Maire de Rufisque-Ouest r\u00e9cemment arrach\u00e9 de notre affection. Qu\u2019Allah SWT l\u2019Accueille dans son paradis \u00e9ternel.<\/p>\n\n\n\n<p>Pour terminer des attestations symboliques ont \u00e9t\u00e9 remises \u00e0 des figures majeures que sont Isma\u00ebla L\u00f4, Ouza Diallo, Souleymane Faye, Ali Jaber, Feu Pape Fall, Feu Mar Seck, Gorgui Ndiaye, Mame Ngor Diazaka, Feu Ndary Lo, Feu Mbaye Diop, Khaly Ndiaye, Bamba J. Fall, Baye Ely, Mari\u00e8me Niang, Cheikh L\u00f4 et bien d\u2019autres artistes de l\u2019ombre ou de la lumi\u00e8re, architectes de notre \u00e2me collective. &nbsp;<\/p>\n","protected":false},"excerpt":{"rendered":"<p>iGFM &#8211; (Dakar) La journ\u00e9e du mercredi 18 juin 2025 sera marqu\u00e9e d\u2019une pierre blanche dans l\u2019histoire de Rufisque, voire<\/p>\n","protected":false},"author":1,"featured_media":58456,"comment_status":"open","ping_status":"open","sticky":false,"template":"","format":"standard","meta":{"footnotes":""},"categories":[26],"tags":[],"class_list":["post-58455","post","type-post","status-publish","format-standard","has-post-thumbnail","hentry","category-fait-divers"],"_links":{"self":[{"href":"https:\/\/dekkbi.com\/index.php?rest_route=\/wp\/v2\/posts\/58455","targetHints":{"allow":["GET"]}}],"collection":[{"href":"https:\/\/dekkbi.com\/index.php?rest_route=\/wp\/v2\/posts"}],"about":[{"href":"https:\/\/dekkbi.com\/index.php?rest_route=\/wp\/v2\/types\/post"}],"author":[{"embeddable":true,"href":"https:\/\/dekkbi.com\/index.php?rest_route=\/wp\/v2\/users\/1"}],"replies":[{"embeddable":true,"href":"https:\/\/dekkbi.com\/index.php?rest_route=%2Fwp%2Fv2%2Fcomments&post=58455"}],"version-history":[{"count":1,"href":"https:\/\/dekkbi.com\/index.php?rest_route=\/wp\/v2\/posts\/58455\/revisions"}],"predecessor-version":[{"id":58457,"href":"https:\/\/dekkbi.com\/index.php?rest_route=\/wp\/v2\/posts\/58455\/revisions\/58457"}],"wp:featuredmedia":[{"embeddable":true,"href":"https:\/\/dekkbi.com\/index.php?rest_route=\/wp\/v2\/media\/58456"}],"wp:attachment":[{"href":"https:\/\/dekkbi.com\/index.php?rest_route=%2Fwp%2Fv2%2Fmedia&parent=58455"}],"wp:term":[{"taxonomy":"category","embeddable":true,"href":"https:\/\/dekkbi.com\/index.php?rest_route=%2Fwp%2Fv2%2Fcategories&post=58455"},{"taxonomy":"post_tag","embeddable":true,"href":"https:\/\/dekkbi.com\/index.php?rest_route=%2Fwp%2Fv2%2Ftags&post=58455"}],"curies":[{"name":"wp","href":"https:\/\/api.w.org\/{rel}","templated":true}]}}