{"id":58439,"date":"2025-06-19T14:26:49","date_gmt":"2025-06-19T14:26:49","guid":{"rendered":"https:\/\/dekkbi.com\/?p=58439"},"modified":"2025-06-19T14:26:49","modified_gmt":"2025-06-19T14:26:49","slug":"presidentielle-au-cameroun-un-elu-du-rdpc-conteste-toute-candidature-de-paul-biya-hors-congres-du-parti","status":"publish","type":"post","link":"https:\/\/dekkbi.com\/?p=58439","title":{"rendered":"Pr\u00e9sidentielle au Cameroun: un \u00e9lu du RDPC conteste toute candidature de Paul Biya hors congr\u00e8s du parti"},"content":{"rendered":"\n<p>Au Cameroun, un \u00e9lu du parti au pouvoir RDPC conteste la candidature probable du pr\u00e9sident Paul Biya \u00e0 la pr\u00e9sidentielle, si celle-ci venait \u00e0 \u00eatre annonc\u00e9e sans la tenue d&rsquo;un congr\u00e8s ordinaire de la formation. Le conseiller municipal de la ville de Monat\u00e9l\u00e9 Leon Theiller a saisi pour cela l\u2019\u00c9l\u00e9cam, l&rsquo;organe en charge des \u00e9lections, pour faire constater l&rsquo;ill\u00e9galit\u00e9 de cette probable investiture. Cela alors que Paul Biya est annonc\u00e9 comme le candidat \u00ab&nbsp;<em>naturel et statutaire<\/em>&nbsp;\u00bb du RDPC \u00e0 la pr\u00e9sidentielle pr\u00e9vue dans quatre mois.<\/p>\n\n\n\n<p><em>Avec <strong>Polycarpe Essomba<\/strong><\/em> <em>correspondant RFI  \u00e0 Yaound\u00e9<\/em>,\u00a0<\/p>\n\n\n\n<p>C&rsquo;est un acte de d\u00e9fiance qui vient de l&rsquo;int\u00e9rieur et un combat solitaire de Leon Theiller, conseiller municipal de la ville de Monat\u00e9l\u00e9, \u00e0 une centaine de kilom\u00e8tres de Yaound\u00e9. Son enjeu est de faire plier\u00a0<strong>le directoire de son parti<\/strong>\u00a0sur la question de la tenue du congr\u00e8s ordinaire du RDPC. Pour lui, en l&rsquo;\u00e9tat actuel et sans la tenue de ce congr\u00e8s, qu&rsquo;il appelle de tous ses v\u0153ux, le parti pr\u00e9sidentiel ne peut investir de candidat \u00e0 l&rsquo;\u00e9lection pr\u00e9sidentielle.<\/p>\n\n\n\n<p>Et pour cause\u00a0: le dernier congr\u00e8s du parti au cours duquel le pr\u00e9sident\u00a0<strong>Paul Biya<\/strong>\u00a0avait \u00e9t\u00e9 \u00e9lu pour un mandat de cinq ans s&rsquo;est tenu en 2011, rappelle-t-il. Ledit mandat avait \u00e9t\u00e9 prorog\u00e9 en 2016 en vue de la pr\u00e9sidentielle de 2018. Depuis, plus rien\u00a0: le parti n&rsquo;aurait pris aucun acte pour l\u00e9gitimer le mandat de son pr\u00e9sident, regrette-t-il.<\/p>\n\n\n\n<h2 class=\"wp-block-heading\">\u00ab&nbsp;<em>Agitation et \u00e9piph\u00e9nom\u00e8ne<\/em>&nbsp;\u00bb<\/h2>\n\n\n\n<p><strong>En avril, Leon Theiller avait d&rsquo;abord saisi le juge pour faire constater cette situation<\/strong>\u00a0qu&rsquo;il consid\u00e8re comme ill\u00e9gale. Mais l&rsquo;affaire est toujours pendante devant la justice. Il a donc initi\u00e9 une proc\u00e9dure en r\u00e9f\u00e9r\u00e9, soit une mani\u00e8re rapide d\u2019obtenir une d\u00e9cision express.<\/p>\n\n\n\n<p>Au comit\u00e9 central du RDPC, un cadre du parti a qualifi\u00e9 ces derniers d\u00e9veloppements \u00ab&nbsp;<em>d&rsquo;agitation et d&rsquo;\u00e9piph\u00e9nom\u00e8ne<\/em>&nbsp;\u00bb. Car pour le RDPC, la d\u00e9cision est prise depuis de longs mois&nbsp;: Paul Biya est le candidat naturel du parti pour l\u2019\u00e9lection pr\u00e9sidentielle d\u2019octobre 2025.<\/p>\n","protected":false},"excerpt":{"rendered":"<p>Au Cameroun, un \u00e9lu du parti au pouvoir RDPC conteste la candidature probable du pr\u00e9sident Paul Biya \u00e0 la pr\u00e9sidentielle,<\/p>\n","protected":false},"author":1,"featured_media":44871,"comment_status":"open","ping_status":"open","sticky":false,"template":"","format":"standard","meta":{"footnotes":""},"categories":[51],"tags":[],"class_list":["post-58439","post","type-post","status-publish","format-standard","has-post-thumbnail","hentry","category-general"],"_links":{"self":[{"href":"https:\/\/dekkbi.com\/index.php?rest_route=\/wp\/v2\/posts\/58439","targetHints":{"allow":["GET"]}}],"collection":[{"href":"https:\/\/dekkbi.com\/index.php?rest_route=\/wp\/v2\/posts"}],"about":[{"href":"https:\/\/dekkbi.com\/index.php?rest_route=\/wp\/v2\/types\/post"}],"author":[{"embeddable":true,"href":"https:\/\/dekkbi.com\/index.php?rest_route=\/wp\/v2\/users\/1"}],"replies":[{"embeddable":true,"href":"https:\/\/dekkbi.com\/index.php?rest_route=%2Fwp%2Fv2%2Fcomments&post=58439"}],"version-history":[{"count":1,"href":"https:\/\/dekkbi.com\/index.php?rest_route=\/wp\/v2\/posts\/58439\/revisions"}],"predecessor-version":[{"id":58440,"href":"https:\/\/dekkbi.com\/index.php?rest_route=\/wp\/v2\/posts\/58439\/revisions\/58440"}],"wp:featuredmedia":[{"embeddable":true,"href":"https:\/\/dekkbi.com\/index.php?rest_route=\/wp\/v2\/media\/44871"}],"wp:attachment":[{"href":"https:\/\/dekkbi.com\/index.php?rest_route=%2Fwp%2Fv2%2Fmedia&parent=58439"}],"wp:term":[{"taxonomy":"category","embeddable":true,"href":"https:\/\/dekkbi.com\/index.php?rest_route=%2Fwp%2Fv2%2Fcategories&post=58439"},{"taxonomy":"post_tag","embeddable":true,"href":"https:\/\/dekkbi.com\/index.php?rest_route=%2Fwp%2Fv2%2Ftags&post=58439"}],"curies":[{"name":"wp","href":"https:\/\/api.w.org\/{rel}","templated":true}]}}