{"id":58434,"date":"2025-06-19T14:21:35","date_gmt":"2025-06-19T14:21:35","guid":{"rendered":"https:\/\/dekkbi.com\/?p=58434"},"modified":"2025-06-19T14:21:36","modified_gmt":"2025-06-19T14:21:36","slug":"selon-vladimir-poutine-le-rearmement-des-membres-de-lotan-nest-pas-une-menace-pour-la-russie","status":"publish","type":"post","link":"https:\/\/dekkbi.com\/?p=58434","title":{"rendered":"Selon Vladimir Poutine, le r\u00e9armement des membres de l&rsquo;Otan n&rsquo;est pas une \u00abmenace\u00bb pour la Russie"},"content":{"rendered":"\n<p>Vladimir Poutine a affirm\u00e9, jeudi 19 juin, que le r\u00e9armement de l&rsquo;Otan n&rsquo;\u00e9tait pas une \u00ab<em>&nbsp;menace&nbsp;<\/em>\u00bb pour la Russie, car son pays a, selon lui, les \u00ab&nbsp;<em>capacit\u00e9s de d\u00e9fense<\/em>&nbsp;\u00bb n\u00e9cessaires pour y faire face.<\/p>\n\n\n\n<p>Par : RFI avec AFP<\/p>\n\n\n\n<p>L&rsquo;Alliance atlantique, qui doit se r\u00e9unir en sommet la semaine prochaine \u00e0 La Haye (Pays-Bas), pousse ses membres \u00e0 accro\u00eetre leurs d\u00e9penses de s\u00e9curit\u00e9, dans le contexte br\u00fblant du conflit en Ukraine, d\u00e9clench\u00e9 par l&rsquo;assaut russe de 2022 contre son voisin.<\/p>\n\n\n\n<p>Mais, selon\u00a0<strong>Vladimir Poutine<\/strong>, \u00ab\u00a0<em>nous ne consid\u00e9rons aucun r\u00e9armement de l&rsquo;Otan comme une menace pour la F\u00e9d\u00e9ration de Russie, car nous sommes autosuffisants en mati\u00e8re de s\u00e9curit\u00e9<\/em>\u00a0\u00bb. \u00ab\u00a0<em>Nous am\u00e9liorons constamment nos forces arm\u00e9es et nos capacit\u00e9s de d\u00e9fense\u00a0<\/em>\u00bb, a-t-il encore affirm\u00e9 lors d&rsquo;un \u00e9change avec des repr\u00e9sentants d&rsquo;agences de presse \u00e9trang\u00e8res, \u00e0 Saint-P\u00e9tersbourg.<\/p>\n\n\n\n<h2 class=\"wp-block-heading\">\u00ab&nbsp;<em>Nous contrerons toutes les menaces&nbsp;<\/em>\u00bb<\/h2>\n\n\n\n<p>Une augmentation des d\u00e9penses des pays membres de l&rsquo;Otan \u00e0 5% de leur PIB cr\u00e9erait des d\u00e9fis \u00ab&nbsp;<em>sp\u00e9cifiques&nbsp;<\/em>\u00bb pour la Russie, a admis Vladimir Poutine, jugeant toutefois que cette hausse des d\u00e9penses n&rsquo;avait \u00ab<em>&nbsp;aucun sens&nbsp;<\/em>\u00bb pour les membres de l&rsquo;Alliance eux-m\u00eames. \u00ab<em>&nbsp;Nous contrerons toutes les menaces qui se dresseront. Cela ne fait aucun doute&nbsp;<\/em>\u00bb, a-t-il lanc\u00e9.<\/p>\n\n\n\n<p>Le chef de l&rsquo;\u00c9tat russe pr\u00e9sente l&rsquo;offensive russe \u00e0 grande \u00e9chelle lanc\u00e9e en Ukraine en 2022 comme faisant partie d&rsquo;un conflit plus large entre la Russie et l&rsquo;Otan, qu&rsquo;il consid\u00e8re comme une menace \u00ab&nbsp;<em>existentielle<\/em>&nbsp;\u00bb aux fronti\u00e8res de son pays.<\/p>\n\n\n\n<p>Dans le cadre\u00a0<strong>des discussions de paix sur l&rsquo;Ukraine<\/strong>, il souhaite ainsi discuter \u2013 notamment avec le dirigeant am\u00e9ricain Donald Trump \u2013 de l&rsquo;architecture s\u00e9curitaire sur le Vieux Continent. Kiev, de son c\u00f4t\u00e9, cherche \u00e0 obtenir des garanties de s\u00e9curit\u00e9 de l&rsquo;Alliance atlantique dans la perspective de tout accord visant \u00e0 mettre fin aux combats.\u00a0\u00c0 ce stade, les pourparlers de paix entre les deux bellig\u00e9rants, engag\u00e9s sous la pression de Donald Trump, sont bloqu\u00e9s, ceux-ci campant sur leurs positions, tr\u00e8s \u00e9loign\u00e9es.<\/p>\n\n\n\n<p>La Russie a rejet\u00e9 la tr\u00eave \u00ab&nbsp;<em>inconditionnelle&nbsp;<\/em>\u00bb voulue par l&rsquo;Ukraine, qui a pour sa part qualifi\u00e9 d&rsquo;\u00ab&nbsp;<em>ultimatums&nbsp;<\/em>\u00bb les exigences russes.&nbsp;Le pr\u00e9sident ukrainien Volodymyr Zelensky a appel\u00e9 Vladimir Poutine \u00e0 se rencontrer en personne pour trouver une issue au conflit, une option rejet\u00e9e par le pr\u00e9sident russe, tout comme les demandes de Kiev pour un cessez-le-feu inconditionnel.<\/p>\n\n\n\n<h2 class=\"wp-block-heading\">Poutine pr\u00eat \u00ab<em>&nbsp;\u00e0 rencontrer tout le monde, m\u00eame Zelensky<\/em>&nbsp;\u00bb<\/h2>\n\n\n\n<p>Jeudi, celui-ci\u00a0<strong>a dit \u00eatre ouvert \u00e0 un tel sommet,<\/strong>\u00a0mais uniquement dans le cadre de la \u00ab<em>\u00a0derni\u00e8re \u00e9tape<\/em>\u00a0\u00bb des n\u00e9gociations. \u00ab\u00a0<em>Je suis m\u00eame pr\u00eat \u00e0 rencontrer<\/em>\u00a0(M. Zelensky),<em>\u00a0mais seulement si c&rsquo;est la derni\u00e8re \u00e9tape\u00a0<\/em>\u00bb des pourparlers, a affirm\u00e9 le pr\u00e9sident russe.\u00a0Il a toutefois de nouveau mis en doute la l\u00e9gitimit\u00e9 du dirigeant ukrainien, dont le mandat pr\u00e9sidentiel a officiellement expir\u00e9 en mai 2024. Kiev n&rsquo;a pas pu organiser d&rsquo;\u00e9lection pr\u00e9sidentielle du fait de l&rsquo;assaut russe et la mise en place de la loi martiale.<\/p>\n\n\n\n<p>\u00ab&nbsp;<em>Je suis pr\u00eat \u00e0 rencontrer tout le monde, m\u00eame Zelensky. L\u00e0 n&rsquo;est pas la question. Si l&rsquo;\u00c9tat ukrainien fait confiance \u00e0 une personne en particulier pour mener des n\u00e9gociations, mon Dieu, cela peut \u00eatre Zelensky<\/em>&nbsp;\u00bb, a dit le chef de l&rsquo;\u00c9tat russe lors de cette table ronde. \u00ab&nbsp;<em>Peu importe qui n\u00e9gocie, m\u00eame si c&rsquo;est le chef actuel du r\u00e9gime<\/em>&nbsp;\u00bb, a-t-il abond\u00e9.<\/p>\n","protected":false},"excerpt":{"rendered":"<p>Vladimir Poutine a affirm\u00e9, jeudi 19 juin, que le r\u00e9armement de l&rsquo;Otan n&rsquo;\u00e9tait pas une \u00ab&nbsp;menace&nbsp;\u00bb pour la Russie, car<\/p>\n","protected":false},"author":1,"featured_media":5064,"comment_status":"open","ping_status":"open","sticky":false,"template":"","format":"standard","meta":{"footnotes":""},"categories":[51],"tags":[],"class_list":["post-58434","post","type-post","status-publish","format-standard","has-post-thumbnail","hentry","category-general"],"_links":{"self":[{"href":"https:\/\/dekkbi.com\/index.php?rest_route=\/wp\/v2\/posts\/58434","targetHints":{"allow":["GET"]}}],"collection":[{"href":"https:\/\/dekkbi.com\/index.php?rest_route=\/wp\/v2\/posts"}],"about":[{"href":"https:\/\/dekkbi.com\/index.php?rest_route=\/wp\/v2\/types\/post"}],"author":[{"embeddable":true,"href":"https:\/\/dekkbi.com\/index.php?rest_route=\/wp\/v2\/users\/1"}],"replies":[{"embeddable":true,"href":"https:\/\/dekkbi.com\/index.php?rest_route=%2Fwp%2Fv2%2Fcomments&post=58434"}],"version-history":[{"count":1,"href":"https:\/\/dekkbi.com\/index.php?rest_route=\/wp\/v2\/posts\/58434\/revisions"}],"predecessor-version":[{"id":58435,"href":"https:\/\/dekkbi.com\/index.php?rest_route=\/wp\/v2\/posts\/58434\/revisions\/58435"}],"wp:featuredmedia":[{"embeddable":true,"href":"https:\/\/dekkbi.com\/index.php?rest_route=\/wp\/v2\/media\/5064"}],"wp:attachment":[{"href":"https:\/\/dekkbi.com\/index.php?rest_route=%2Fwp%2Fv2%2Fmedia&parent=58434"}],"wp:term":[{"taxonomy":"category","embeddable":true,"href":"https:\/\/dekkbi.com\/index.php?rest_route=%2Fwp%2Fv2%2Fcategories&post=58434"},{"taxonomy":"post_tag","embeddable":true,"href":"https:\/\/dekkbi.com\/index.php?rest_route=%2Fwp%2Fv2%2Ftags&post=58434"}],"curies":[{"name":"wp","href":"https:\/\/api.w.org\/{rel}","templated":true}]}}