{"id":58425,"date":"2025-06-19T13:00:39","date_gmt":"2025-06-19T13:00:39","guid":{"rendered":"https:\/\/dekkbi.com\/?p=58425"},"modified":"2025-06-19T15:53:48","modified_gmt":"2025-06-19T15:53:48","slug":"bilan-medical-des-pathologies-chroniques-detectees-chez-farba-ngom-sans-menace-vitale-immediate","status":"publish","type":"post","link":"https:\/\/dekkbi.com\/?p=58425","title":{"rendered":"Bilan m\u00e9dical : Des pathologies chroniques d\u00e9tect\u00e9es chez Farba Ngom, sans menace vitale imm\u00e9diate"},"content":{"rendered":"\n<p>L&rsquo;expertise m\u00e9dicale de Farba Ngom, ordonn\u00e9e par le juge et men\u00e9e par le Pr. Alassane Mbaye, a livr\u00e9 ses conclusions. Bien que le maire des Agnam et responsable de l&rsquo;Alliance pour la R\u00e9publique (Apr, ancien parti au pouvoir), souffre de nombreuses pathologies chroniques (\u00abcardiovasculaires, m\u00e9taboliques, h\u00e9patiques, vert\u00e9brales, neurologiques et prostatiques\u00bb), aucune d&rsquo;entre elles ne met sa vie en danger imm\u00e9diat.<\/p>\n\n\n\n<p>Selon \u00ab\u00a0Source A\u00a0\u00bb, repris par \u00ab\u00a0Seneweb\u00a0\u00bb, le sp\u00e9cialiste a soulign\u00e9 \u00ab<em>l\u2019absence de complications aigu\u00ebs engageant son pronostic vital<\/em>\u00bb. Toutefois, il alerte sur \u00ab&nbsp;<em>un risque r\u00e9el d\u2019aggravation en milieu carc\u00e9ral<\/em>&nbsp;\u00bb, en raison des conditions de d\u00e9tention peu adapt\u00e9es \u00e0 son \u00e9tat. Il estime ainsi que \u00ab&nbsp;<em>la sant\u00e9 de Farba Ngom est incompatible avec la vie en prison<\/em>&nbsp;\u00bb.<\/p>\n\n\n\n<p>Le cardiologue recommande une \u00ab&nbsp;<em>prise en charge m\u00e9dicale rigoureuse<\/em>&nbsp;\u00bb, incluant \u00ab&nbsp;<em>traitements, r\u00e9gimes sp\u00e9cifiques, suivi sp\u00e9cialis\u00e9 et contr\u00f4le du stress<\/em>&nbsp;\u00bb, notamment pour les affections comme \u00ab<em>&nbsp;l\u2019h\u00e9patite B chronique, la cardiopathie hypertensive ou la discopathie<\/em>&nbsp;\u00bb.<\/p>\n\n\n\n<p>Mame Fatou K\u00e9b\u00e9<\/p>\n","protected":false},"excerpt":{"rendered":"<p>L&rsquo;expertise m\u00e9dicale de Farba Ngom, ordonn\u00e9e par le juge et men\u00e9e par le Pr. Alassane Mbaye, a livr\u00e9 ses conclusions.<\/p>\n","protected":false},"author":1,"featured_media":58426,"comment_status":"open","ping_status":"open","sticky":false,"template":"","format":"standard","meta":{"footnotes":""},"categories":[26],"tags":[],"class_list":["post-58425","post","type-post","status-publish","format-standard","has-post-thumbnail","hentry","category-fait-divers"],"_links":{"self":[{"href":"https:\/\/dekkbi.com\/index.php?rest_route=\/wp\/v2\/posts\/58425","targetHints":{"allow":["GET"]}}],"collection":[{"href":"https:\/\/dekkbi.com\/index.php?rest_route=\/wp\/v2\/posts"}],"about":[{"href":"https:\/\/dekkbi.com\/index.php?rest_route=\/wp\/v2\/types\/post"}],"author":[{"embeddable":true,"href":"https:\/\/dekkbi.com\/index.php?rest_route=\/wp\/v2\/users\/1"}],"replies":[{"embeddable":true,"href":"https:\/\/dekkbi.com\/index.php?rest_route=%2Fwp%2Fv2%2Fcomments&post=58425"}],"version-history":[{"count":3,"href":"https:\/\/dekkbi.com\/index.php?rest_route=\/wp\/v2\/posts\/58425\/revisions"}],"predecessor-version":[{"id":58463,"href":"https:\/\/dekkbi.com\/index.php?rest_route=\/wp\/v2\/posts\/58425\/revisions\/58463"}],"wp:featuredmedia":[{"embeddable":true,"href":"https:\/\/dekkbi.com\/index.php?rest_route=\/wp\/v2\/media\/58426"}],"wp:attachment":[{"href":"https:\/\/dekkbi.com\/index.php?rest_route=%2Fwp%2Fv2%2Fmedia&parent=58425"}],"wp:term":[{"taxonomy":"category","embeddable":true,"href":"https:\/\/dekkbi.com\/index.php?rest_route=%2Fwp%2Fv2%2Fcategories&post=58425"},{"taxonomy":"post_tag","embeddable":true,"href":"https:\/\/dekkbi.com\/index.php?rest_route=%2Fwp%2Fv2%2Ftags&post=58425"}],"curies":[{"name":"wp","href":"https:\/\/api.w.org\/{rel}","templated":true}]}}