{"id":58423,"date":"2025-06-19T12:53:10","date_gmt":"2025-06-19T12:53:10","guid":{"rendered":"https:\/\/dekkbi.com\/?p=58423"},"modified":"2025-06-19T12:53:31","modified_gmt":"2025-06-19T12:53:31","slug":"haute-cour-de-justice-les-avocats-de-sophie-gladima-deposent-une-requete-pour-obtenir-la-levee-de-son-mandat-de-depot","status":"publish","type":"post","link":"https:\/\/dekkbi.com\/?p=58423","title":{"rendered":"Haute Cour de Justice : Les avocats de Sophie Gladima d\u00e9posent une requ\u00eate, pour obtenir la lev\u00e9e de son mandat de d\u00e9p\u00f4t"},"content":{"rendered":"\n<p>Les conseils de l\u2019ancienne ministre des Mines et de la G\u00e9ologie, Sophie Gladima, ne perdent pas de temps. Apr\u00e8s son audition au fond, mercredi dernier, par la commission d\u2019instruction de la Haute Cour de justice, ses avocats ont d\u00e9pos\u00e9, hier, une requ\u00eate de 11 pages, visant \u00e0 obtenir la mainlev\u00e9e de son mandat de d\u00e9p\u00f4t et une mise en libert\u00e9 provisoire.<\/p>\n\n\n\n<p>Dans ce document d\u00e9taill\u00e9, Mes Baboucar Ciss\u00e9, Fran\u00e7ois Sarr, Antoine Mbengue et Michel Simel Basse, ont d\u00e9velopp\u00e9 plusieurs arguments et \u00e9voqu\u00e9 des contestations s\u00e9rieuses qui motivent leur d\u00e9marche. Inculp\u00e9e le 21 mai et plac\u00e9e sous mandat de d\u00e9p\u00f4t, Sophie Gladima est mise en cause dans une affaire de d\u00e9tournement pr\u00e9sum\u00e9 de deniers publics portant sur un montant de 73 200 000 FCfa, concernant l\u2019utilisation des Fonds Force-Covid destin\u00e9s \u00e0 l\u2019\u00e9rection d\u2019un centre gravim\u00e9trique \u00e0 K\u00e9dougou pour les orpailleurs impact\u00e9s par la pand\u00e9mie, lit-on dans \u00ab\u00a0Senenews\u00a0\u00bb.<\/p>\n\n\n\n<p>Dans leurs arguments, relay\u00e9s par \u00ab\u00a0L\u2019Observateur\u00a0\u00bb, les avocats de l\u2019ex ministre soulignent que la Cour des comptes n\u2019a jamais mis en cause directement leur cliente. Ils rappellent que l\u2019intervention de Mme Gladima s\u2019est limit\u00e9e \u00e0 l\u2019approbation des contrats, avant m\u00eame le d\u00e9clenchement de toute proc\u00e9dure de paiement. Selon eux, l\u2019inculp\u00e9e n\u2019est pas intervenue et ne pouvait pas intervenir dans les phases de v\u00e9rification des services rendus ni dans la r\u00e9alisation des paiements post\u00e9rieurs \u00e0 l\u2019ex\u00e9cution des contrats.<\/p>\n\n\n\n<p>\u00ab&nbsp;<em>Les contestations s\u00e9rieuses et qui apparaissent m\u00eame bien justifi\u00e9es de Madame Sophie Gladima, fondent manifestement, au regard des dispositions de l\u2019article 140 du Code de proc\u00e9dure p\u00e9nale, une mise en libert\u00e9 provisoire<\/em>&nbsp;\u00bb, \u00e9crivent les avocats dans leur requ\u00eate. Ils rappellent \u00e9galement aux membres de la commission d\u2019instruction, que les reproches formul\u00e9s \u00e0 l\u2019encontre du minist\u00e8re des Mines et de la G\u00e9ologie, visent principalement son Directeur de l\u2019administration g\u00e9n\u00e9rale et de l\u2019\u00e9quipement (DAGE), \u00e0 la lumi\u00e8re du rapport de la Cour des comptes relatif au contr\u00f4le de la gestion du Fonds de riposte et de solidarit\u00e9 contre les effets de la Covid-19 (Force Covid), pour les exercices 2020 et 2021.<\/p>\n\n\n\n<p>Comme le rapporte \u00ab\u00a0L\u2019Observateur\u00a0\u00bb, le grief essentiel relev\u00e9 par la Cour des comptes concerne un non-respect de la r\u00e8gle du paiement, apr\u00e8s service fait. Pour asseoir ce manquement, le rapporteur s\u2019appuie sur l\u2019article 89 du d\u00e9cret n\u00b02011-1880 du 24 novembre 2011 portant r\u00e8glement g\u00e9n\u00e9ral sur la comptabilit\u00e9 publique. Toutefois, les avocats signalent qu\u2019au moment de l\u2019\u00e9laboration du rapport, soit \u00e0 la date du 19 ao\u00fbt 2022, ce texte \u00e9tait d\u00e9j\u00e0 abrog\u00e9 et remplac\u00e9 par le d\u00e9cret n\u00b02020-987 du 23 avril 2020. Une \u00ab grave erreur \u00bb de la part du rapporteur, selon les conseils de Sophie Gladima, qui d\u00e9montrerait la fragilit\u00e9 des accusations.<\/p>\n\n\n\n<p>Toujours selon \u00ab\u00a0L\u2019Observateur\u00a0\u00bb, le rapport de la Cour des comptes, en page 119 et \u00e0 la recommandation n\u00b067, invite le Garde des Sceaux, ministre de la Justice, \u00e0 ouvrir une enqu\u00eate judiciaire \u00e0 l\u2019encontre de M. Alassane Diallo, DAGE dudit minist\u00e8re, pour paiement de d\u00e9penses sans service fait. Nulle part, toutefois, le nom de Mme A\u00efssatou Sophie Gladima n\u2019est mentionn\u00e9 comme \u00e9tant personnellement mise en cause.<\/p>\n\n\n\n<p>\u00ab&nbsp;<em>La Cour des comptes a donc elle-m\u00eame consid\u00e9r\u00e9 que Mme Gladima n\u2019a commis aucune faute, ni manquement. Elle n\u2019a aucune responsabilit\u00e9, de par la r\u00e9glementation budg\u00e9taire, dans le maniement ou l\u2019utilisation des Fonds Covid&nbsp;<\/em>\u00bb, lit-on dans la requ\u00eate. Les avocats insistent \u00e9galement sur le fait que le dossier ne contient aucune signature de Mme Gladima, post\u00e9rieure \u00e0 l\u2019approbation des march\u00e9s. Apr\u00e8s cette approbation initiale, expliquent-ils, elle n\u2019est plus intervenue dans le processus. \u00ab&nbsp;<em>Ces contestations s\u00e9rieuses fondent d\u2019autant plus une libert\u00e9 provisoire qu\u2019\u00e0 c\u00f4t\u00e9, il avait \u00e9t\u00e9 \u00e9galement soulev\u00e9 des contestations s\u00e9rieuses pour un \u00e9ventuel d\u00e9tournement d\u2019une somme de 73 200 000 FCfa, destin\u00e9e \u00e0 la construction et \u00e0 l\u2019am\u00e9nagement de l\u2019usine de traitement gravim\u00e9trique, objet de l\u2019autre contrat de march\u00e9&nbsp;<\/em>\u00bb, conclut la requ\u00eate des avocats.<\/p>\n\n\n\n<p>Mame Fatou K\u00e9b\u00e9 &#8211; LERAL<\/p>\n","protected":false},"excerpt":{"rendered":"<p>Les conseils de l\u2019ancienne ministre des Mines et de la G\u00e9ologie, Sophie Gladima, ne perdent pas de temps. Apr\u00e8s son<\/p>\n","protected":false},"author":1,"featured_media":56985,"comment_status":"open","ping_status":"open","sticky":false,"template":"","format":"standard","meta":{"footnotes":""},"categories":[21],"tags":[],"class_list":["post-58423","post","type-post","status-publish","format-standard","has-post-thumbnail","hentry","category-societe"],"_links":{"self":[{"href":"https:\/\/dekkbi.com\/index.php?rest_route=\/wp\/v2\/posts\/58423","targetHints":{"allow":["GET"]}}],"collection":[{"href":"https:\/\/dekkbi.com\/index.php?rest_route=\/wp\/v2\/posts"}],"about":[{"href":"https:\/\/dekkbi.com\/index.php?rest_route=\/wp\/v2\/types\/post"}],"author":[{"embeddable":true,"href":"https:\/\/dekkbi.com\/index.php?rest_route=\/wp\/v2\/users\/1"}],"replies":[{"embeddable":true,"href":"https:\/\/dekkbi.com\/index.php?rest_route=%2Fwp%2Fv2%2Fcomments&post=58423"}],"version-history":[{"count":1,"href":"https:\/\/dekkbi.com\/index.php?rest_route=\/wp\/v2\/posts\/58423\/revisions"}],"predecessor-version":[{"id":58424,"href":"https:\/\/dekkbi.com\/index.php?rest_route=\/wp\/v2\/posts\/58423\/revisions\/58424"}],"wp:featuredmedia":[{"embeddable":true,"href":"https:\/\/dekkbi.com\/index.php?rest_route=\/wp\/v2\/media\/56985"}],"wp:attachment":[{"href":"https:\/\/dekkbi.com\/index.php?rest_route=%2Fwp%2Fv2%2Fmedia&parent=58423"}],"wp:term":[{"taxonomy":"category","embeddable":true,"href":"https:\/\/dekkbi.com\/index.php?rest_route=%2Fwp%2Fv2%2Fcategories&post=58423"},{"taxonomy":"post_tag","embeddable":true,"href":"https:\/\/dekkbi.com\/index.php?rest_route=%2Fwp%2Fv2%2Ftags&post=58423"}],"curies":[{"name":"wp","href":"https:\/\/api.w.org\/{rel}","templated":true}]}}