{"id":58418,"date":"2025-06-19T11:26:59","date_gmt":"2025-06-19T11:26:59","guid":{"rendered":"https:\/\/dekkbi.com\/?p=58418"},"modified":"2025-06-19T12:46:27","modified_gmt":"2025-06-19T12:46:27","slug":"bassirou-diomaye-faye-va-participer-au-sommet-de-la-cedeao-a-abuja-dimanche","status":"publish","type":"post","link":"https:\/\/dekkbi.com\/?p=58418","title":{"rendered":"Bassirou Diomaye Faye va participer au sommet de la CEDEAO \u00e0 Abuja, dimanche"},"content":{"rendered":"\n<p>Dakar, 18 juin (APS<\/p>\n\n\n\n<p> \u2013 Le pr\u00e9sident de la R\u00e9publique, Bassirou Diomaye Faye, va prendre part au sommet de la Communaut\u00e9 \u00e9conomique des Etats de l\u2019Afrique de l\u2019Ouest (CEDEAO) pr\u00e9vu dimanche \u00e0 Abuja, au Nig\u00e9ria, a-t-on appris mercredi de source officielle.<\/p>\n\n\n\n<p>Selon le communiqu\u00e9 du Conseil des ministres tenu le m\u00eame jour, cette visite au Nig\u00e9ria s\u2019inscrit dans l\u2019agenda diplomatique du chef de l\u2019Etat.<\/p>\n\n\n\n<p>La comm\u00e9moration du cinquantenaire de la CEDEAO figure au menu de ce sommet, en m\u00eame temps que d\u2019autres questions telles que les formalit\u00e9s li\u00e9es au retrait des trois pays membre de l\u2019Alliance des Etats du Sahel (AES) de l\u2019organisation sous-r\u00e9gionale.<\/p>\n\n\n\n<p>Le Burkina Faso, le Mali et le Niger avaient annonc\u00e9, le 28 janvier 2024, leur retrait de la CEDEAO avec effet imm\u00e9diat.<\/p>\n\n\n\n<p>Ils se sont officiellement retir\u00e9s de la CEDEAO, le 29 janvier dernier, comme le pr\u00e9voyaient les statuts de l\u2019organisation.<\/p>\n\n\n\n<p>Les pays de l\u2019AES et la CEDEAO doivent toutefois n\u00e9gocier les modalit\u00e9s de ce retrait.<\/p>\n\n\n\n<p>SK\/HK\/BK<\/p>\n","protected":false},"excerpt":{"rendered":"<p>Dakar, 18 juin (APS \u2013 Le pr\u00e9sident de la R\u00e9publique, Bassirou Diomaye Faye, va prendre part au sommet de la<\/p>\n","protected":false},"author":1,"featured_media":58419,"comment_status":"open","ping_status":"open","sticky":false,"template":"","format":"standard","meta":{"footnotes":""},"categories":[6],"tags":[],"class_list":["post-58418","post","type-post","status-publish","format-standard","has-post-thumbnail","hentry","category-politics"],"_links":{"self":[{"href":"https:\/\/dekkbi.com\/index.php?rest_route=\/wp\/v2\/posts\/58418","targetHints":{"allow":["GET"]}}],"collection":[{"href":"https:\/\/dekkbi.com\/index.php?rest_route=\/wp\/v2\/posts"}],"about":[{"href":"https:\/\/dekkbi.com\/index.php?rest_route=\/wp\/v2\/types\/post"}],"author":[{"embeddable":true,"href":"https:\/\/dekkbi.com\/index.php?rest_route=\/wp\/v2\/users\/1"}],"replies":[{"embeddable":true,"href":"https:\/\/dekkbi.com\/index.php?rest_route=%2Fwp%2Fv2%2Fcomments&post=58418"}],"version-history":[{"count":2,"href":"https:\/\/dekkbi.com\/index.php?rest_route=\/wp\/v2\/posts\/58418\/revisions"}],"predecessor-version":[{"id":58422,"href":"https:\/\/dekkbi.com\/index.php?rest_route=\/wp\/v2\/posts\/58418\/revisions\/58422"}],"wp:featuredmedia":[{"embeddable":true,"href":"https:\/\/dekkbi.com\/index.php?rest_route=\/wp\/v2\/media\/58419"}],"wp:attachment":[{"href":"https:\/\/dekkbi.com\/index.php?rest_route=%2Fwp%2Fv2%2Fmedia&parent=58418"}],"wp:term":[{"taxonomy":"category","embeddable":true,"href":"https:\/\/dekkbi.com\/index.php?rest_route=%2Fwp%2Fv2%2Fcategories&post=58418"},{"taxonomy":"post_tag","embeddable":true,"href":"https:\/\/dekkbi.com\/index.php?rest_route=%2Fwp%2Fv2%2Ftags&post=58418"}],"curies":[{"name":"wp","href":"https:\/\/api.w.org\/{rel}","templated":true}]}}