{"id":58415,"date":"2025-06-19T11:25:15","date_gmt":"2025-06-19T11:25:15","guid":{"rendered":"https:\/\/dekkbi.com\/?p=58415"},"modified":"2025-06-19T11:25:16","modified_gmt":"2025-06-19T11:25:16","slug":"mission-parlementaire-senegal-france-les-deputes-oeuvrent-au-renforcement-des-liens-de-fraternite","status":"publish","type":"post","link":"https:\/\/dekkbi.com\/?p=58415","title":{"rendered":"Mission parlementaire S\u00e9n\u00e9gal \u2013 France : Les d\u00e9put\u00e9s \u0153uvrent au renforcement des liens de fraternit\u00e9"},"content":{"rendered":"\n<p><a href=\"https:\/\/lesoleil.sn\/wp-content\/uploads\/2025\/06\/WhatsApp-Image-2025-06-18-a-17.12.39_ad03d1ab.jpg\"><\/a>Paris (France) \u2013 Invit\u00e9s par leur homologue, l\u2019honorable d\u00e9put\u00e9 Aur\u00e9lien TACHE, Pr\u00e9sident du groupe d\u2019amiti\u00e9 parlementaire France-S\u00e9n\u00e9gal \u00e0 l\u2019Assembl\u00e9e nationale fran\u00e7aise, une forte d\u00e9l\u00e9gation de d\u00e9put\u00e9s s\u00e9n\u00e9galais membres du groupe d\u2019amiti\u00e9 France-S\u00e9n\u00e9gal, s\u00e9journe \u00e0 Paris dans le cadre d\u2019une visite de travail de 4 jours, du 16 au 20 juin 2025. La d\u00e9l\u00e9gation s\u00e9n\u00e9galaise conduite par l\u2019honorable d\u00e9put\u00e9 Abdoul Kadyr SONKO, Pr\u00e9sident du dit groupe a \u00e9t\u00e9 re\u00e7u le 16 juin par l\u2019Ambassadeur Baye Moctar DIOP avec qui ils ont eu une s\u00e9ance de travail sur le programme de leur s\u00e9jour. Les parlementaires s\u00e9n\u00e9galais ont \u00e9galement rendu une visite de courtoisie \u00e0 la Consule G\u00e9n\u00e9rale du S\u00e9n\u00e9gal \u00e0 Paris Mme Adama Fall, l\u2019occasion pour eux de visiter les locaux du consulat g\u00e9n\u00e9ral avec ses diff\u00e9rents d\u00e9partements au service des S\u00e9n\u00e9galais de l\u2019ext\u00e9rieur, \u00e0 savoir les bureaux d\u2019\u00e9tats civil, des passeports, de la carte nationale d\u2019identit\u00e9 etc.<\/p>\n\n\n\n<p>Cette visite des parlementaires s\u00e9n\u00e9galais permet entre autres, de consolider les liens d\u2019amiti\u00e9 qui unissent les deux pays, d\u2019approfondir les r\u00e9flexions communes sur la place de nos institutions respectives et de poursuivre le chemin d\u2019une coop\u00e9ration particuli\u00e8rement riche et forte entre le S\u00e9n\u00e9gal et la France.<\/p>\n\n\n\n<p>Mardi 17 juin, les d\u00e9put\u00e9s s\u00e9n\u00e9galais ont \u00e9t\u00e9 invit\u00e9s \u00e0 assister \u00e0 une pl\u00e9ni\u00e8re de \u00ab Questions au Gouvernement \u00bb au Palais Bourbon. Ils ont \u00e9galement eu des s\u00e9ances de travail avec Bruno FUCHS, pr\u00e9sident de la commission des Affaires \u00c9trang\u00e8res de l\u2019Assembl\u00e9e nationale fran\u00e7aise, Bruno BELIN, pr\u00e9sident du groupe d\u2019amiti\u00e9 France-Afrique de l\u2019Ouest au S\u00e9nat et vice-pr\u00e9sident de la commission des finances, M. Thani Mohamed SOILIHI, ministre d\u00e9l\u00e9gu\u00e9 charg\u00e9 de la francophonie et des partenariats internationaux ainsi que Pierre KUCHLY, pr\u00e9sident de la chambre de commerce et d\u2019industrie du Val d\u2019Oise.<\/p>\n\n\n\n<p>Outre son pr\u00e9sident, le groupe comprend Mohamed Ayib Salim DAFFE, pr\u00e9sident du groupe parlementaire Pastef les Patriotes, Fatou Diop CISSE, pr\u00e9sidente de la commission des Affaires \u00c9trang\u00e8res, Djimo SOUARE, vice-pr\u00e9sident du groupe parlementaire Takku Wallu, ainsi que les d\u00e9put\u00e9s Anta DIA et Adama DIALLO.<\/p>\n\n\n\n<p><strong>Ousmane No\u00ebl MBAYE<\/strong><\/p>\n\n\n\n<p>LESOLEIL<\/p>\n","protected":false},"excerpt":{"rendered":"<p>Paris (France) \u2013 Invit\u00e9s par leur homologue, l\u2019honorable d\u00e9put\u00e9 Aur\u00e9lien TACHE, Pr\u00e9sident du groupe d\u2019amiti\u00e9 parlementaire France-S\u00e9n\u00e9gal \u00e0 l\u2019Assembl\u00e9e nationale<\/p>\n","protected":false},"author":1,"featured_media":58416,"comment_status":"open","ping_status":"open","sticky":false,"template":"","format":"standard","meta":{"footnotes":""},"categories":[6],"tags":[],"class_list":["post-58415","post","type-post","status-publish","format-standard","has-post-thumbnail","hentry","category-politics"],"_links":{"self":[{"href":"https:\/\/dekkbi.com\/index.php?rest_route=\/wp\/v2\/posts\/58415","targetHints":{"allow":["GET"]}}],"collection":[{"href":"https:\/\/dekkbi.com\/index.php?rest_route=\/wp\/v2\/posts"}],"about":[{"href":"https:\/\/dekkbi.com\/index.php?rest_route=\/wp\/v2\/types\/post"}],"author":[{"embeddable":true,"href":"https:\/\/dekkbi.com\/index.php?rest_route=\/wp\/v2\/users\/1"}],"replies":[{"embeddable":true,"href":"https:\/\/dekkbi.com\/index.php?rest_route=%2Fwp%2Fv2%2Fcomments&post=58415"}],"version-history":[{"count":1,"href":"https:\/\/dekkbi.com\/index.php?rest_route=\/wp\/v2\/posts\/58415\/revisions"}],"predecessor-version":[{"id":58417,"href":"https:\/\/dekkbi.com\/index.php?rest_route=\/wp\/v2\/posts\/58415\/revisions\/58417"}],"wp:featuredmedia":[{"embeddable":true,"href":"https:\/\/dekkbi.com\/index.php?rest_route=\/wp\/v2\/media\/58416"}],"wp:attachment":[{"href":"https:\/\/dekkbi.com\/index.php?rest_route=%2Fwp%2Fv2%2Fmedia&parent=58415"}],"wp:term":[{"taxonomy":"category","embeddable":true,"href":"https:\/\/dekkbi.com\/index.php?rest_route=%2Fwp%2Fv2%2Fcategories&post=58415"},{"taxonomy":"post_tag","embeddable":true,"href":"https:\/\/dekkbi.com\/index.php?rest_route=%2Fwp%2Fv2%2Ftags&post=58415"}],"curies":[{"name":"wp","href":"https:\/\/api.w.org\/{rel}","templated":true}]}}