{"id":58409,"date":"2025-06-19T09:14:56","date_gmt":"2025-06-19T09:14:56","guid":{"rendered":"https:\/\/dekkbi.com\/?p=58409"},"modified":"2025-06-19T09:14:56","modified_gmt":"2025-06-19T09:14:56","slug":"dakar-abrite-la-3eme-edition-du-festival-international-du-theatre-et-de-lhumour","status":"publish","type":"post","link":"https:\/\/dekkbi.com\/?p=58409","title":{"rendered":"Dakar abrite la 3\u00e8me \u00e9dition du festival international du th\u00e9\u00e2tre et de l\u2019humour"},"content":{"rendered":"\n<p>Dakar,  (APS) \u2013 La 3<sup>\u00e8me<\/sup>\u00a0\u00e9dition du Festival international Dakar th\u00e9\u00e2tre et humour (FIDATH), pr\u00e9vue du 18 au 21 juin ouvert, reste une passerelle de rencontres, des partages et d\u2019\u00e9changes entre acteurs de ce secteur, a d\u00e9clar\u00e9 mercredi son initiatrice, l\u2019artiste com\u00e9dienne Yacine San\u00e9.<\/p>\n\n\n\n<p>\u2018\u2019Nous voici cultivant ensemble un espace de rencontres, de partages et d\u2019\u00e9changes, faisant ainsi de ce festival une passerelle\u2019\u2019, a dit Mme San\u00e9, lors de la c\u00e9r\u00e9monie du lancement officiel.<\/p>\n\n\n\n<p>Ce festival qui se d\u00e9roule durant quatre jours, enregistre la participation de plusieurs artistes et compagnies th\u00e9\u00e2trales venus de Dakar, de Saint-Louis, du Mali et de la R\u00e9publique du Congo. La C\u00f4te d\u2019Ivoire est le pays invit\u00e9 d\u2019honneur de cette \u00e9dition.<\/p>\n\n\n\n<p>Le festival a \u00e9t\u00e9 lanc\u00e9 avec le spectacle intitul\u00e9 \u2018\u2019Ndagne Demba\u2019\u2019, qui est une tropicalisation de la pi\u00e8ce \u2018\u2019George Dandin ou le mari confondu\u2019\u2019, \u00e9crite par le dramaturge fran\u00e7ais Jean-Baptiste Poquelin dit \u2018\u2019Moli\u00e8re\u2019\u2019 en 1668. Ce spectacle d\u2019environ une heure, qui s\u2019est d\u00e9roul\u00e9 sur trois actes, d\u00e9construit un concept social rattach\u00e9 au luxe et attribu\u00e9 aux nantis. Il a \u00e9t\u00e9 pr\u00e9sent\u00e9 par la compagnie \u2018\u2019MULTIKULTUR\u2019\u2019 de Dakar.<\/p>\n\n\n\n<p>Le th\u00e8me de cette \u00e9dition \u201d+Femmes, int\u00e9gration, souverainet\u00e9 africaine+ symbolise non seulement les victoires des femmes africaines, mais aussi leur r\u00f4le central dans la construction d\u2019une Afrique unie et souveraine\u2019\u2019, selon Yacine San\u00e9.<\/p>\n\n\n\n<p>Pour elle, l\u2019id\u00e9e serait d\u2019agir non seulement sur la valorisation des arts th\u00e9matiques et la sensibilisation du public, mais aussi sur le renforcement des capacit\u00e9s des acteurs, la promotion de la culture africaine, des liens r\u00e9gionaux, ainsi que la mat\u00e9rialisation des collaborations.<\/p>\n\n\n\n<p>\u2018\u2019Organiser un \u00e9v\u00e9nement d\u2019une telle envergure, et ce pour la troisi\u00e8me fois, t\u00e9moigne d\u2019un engagement et d\u2019une d\u00e9termination envers la promotion des arts de la sc\u00e8ne, notamment du th\u00e9\u00e2tre et de l\u2019humour au S\u00e9n\u00e9gal, et bien entendu en Afrique, puisqu\u2019\u00e0 chaque \u00e9dition des pays fr\u00e8res sont invit\u00e9s\u2019\u2019, a soutenu le nouveau directeur des arts, Hugues Diaz.<\/p>\n\n\n\n<p>Le th\u00e9\u00e2tre et l\u2019humour sont des ponts reliant les peuples et des miroirs refl\u00e9tant non seulement les soci\u00e9t\u00e9s, mais aussi leurs \u2018\u2019joies, leurs peines ainsi que leurs aspirations communes\u2019\u2019, a-t-il ajout\u00e9.<\/p>\n\n\n\n<p>AMN\/AB<\/p>\n","protected":false},"excerpt":{"rendered":"<p>Dakar, (APS) \u2013 La 3\u00e8me\u00a0\u00e9dition du Festival international Dakar th\u00e9\u00e2tre et humour (FIDATH), pr\u00e9vue du 18 au 21 juin ouvert,<\/p>\n","protected":false},"author":1,"featured_media":58410,"comment_status":"open","ping_status":"open","sticky":false,"template":"","format":"standard","meta":{"footnotes":""},"categories":[26],"tags":[],"class_list":["post-58409","post","type-post","status-publish","format-standard","has-post-thumbnail","hentry","category-fait-divers"],"_links":{"self":[{"href":"https:\/\/dekkbi.com\/index.php?rest_route=\/wp\/v2\/posts\/58409","targetHints":{"allow":["GET"]}}],"collection":[{"href":"https:\/\/dekkbi.com\/index.php?rest_route=\/wp\/v2\/posts"}],"about":[{"href":"https:\/\/dekkbi.com\/index.php?rest_route=\/wp\/v2\/types\/post"}],"author":[{"embeddable":true,"href":"https:\/\/dekkbi.com\/index.php?rest_route=\/wp\/v2\/users\/1"}],"replies":[{"embeddable":true,"href":"https:\/\/dekkbi.com\/index.php?rest_route=%2Fwp%2Fv2%2Fcomments&post=58409"}],"version-history":[{"count":1,"href":"https:\/\/dekkbi.com\/index.php?rest_route=\/wp\/v2\/posts\/58409\/revisions"}],"predecessor-version":[{"id":58411,"href":"https:\/\/dekkbi.com\/index.php?rest_route=\/wp\/v2\/posts\/58409\/revisions\/58411"}],"wp:featuredmedia":[{"embeddable":true,"href":"https:\/\/dekkbi.com\/index.php?rest_route=\/wp\/v2\/media\/58410"}],"wp:attachment":[{"href":"https:\/\/dekkbi.com\/index.php?rest_route=%2Fwp%2Fv2%2Fmedia&parent=58409"}],"wp:term":[{"taxonomy":"category","embeddable":true,"href":"https:\/\/dekkbi.com\/index.php?rest_route=%2Fwp%2Fv2%2Fcategories&post=58409"},{"taxonomy":"post_tag","embeddable":true,"href":"https:\/\/dekkbi.com\/index.php?rest_route=%2Fwp%2Fv2%2Ftags&post=58409"}],"curies":[{"name":"wp","href":"https:\/\/api.w.org\/{rel}","templated":true}]}}