{"id":58401,"date":"2025-06-19T08:56:45","date_gmt":"2025-06-19T08:56:45","guid":{"rendered":"https:\/\/dekkbi.com\/?p=58401"},"modified":"2025-06-19T08:56:45","modified_gmt":"2025-06-19T08:56:45","slug":"le-communique-du-conseil-des-ministres-du-mercredi-18-juin-2025","status":"publish","type":"post","link":"https:\/\/dekkbi.com\/?p=58401","title":{"rendered":"Le communiqu\u00e9 du Conseil des ministres du mercredi 18 juin 2025"},"content":{"rendered":"\n<p>Dakar, 18 juin (APS) \u2013 Le Chef de l\u2019Etat, Son Excellence, Monsieur Bassirou Diomaye Diakhar FAYE a pr\u00e9sid\u00e9, ce mercredi 18 juin 2025, la r\u00e9union hebdomadaire du Conseil des Ministres, au Palais de la R\u00e9publique.<\/p>\n\n\n\n<p>A l\u2019entame de sa communication, le Pr\u00e9sident de la R\u00e9publique a adress\u00e9 ses chaleureuses f\u00e9licitations et ses sinc\u00e8res remerciements aux populations de Saint-Louis, Dagana et Podor pour leur mobilisation et accueil \u00e0 l\u2019occasion de sa tourn\u00e9e \u00e9conomique les 12 et 13 juin 2025. Il a remerci\u00e9 et f\u00e9licit\u00e9 les autorit\u00e9s administratives, les services de l\u2019Etat, les \u00e9lus locaux, les producteurs et acteurs des secteurs agricole et industriel pour le travail remarquable accompli et le bon d\u00e9roulement des d\u00e9placements sur les sites programm\u00e9s. Il a f\u00e9licit\u00e9 le Gouvernement, notamment le Ministre de l\u2019Agriculture, de la Souverainet\u00e9 alimentaire et de l\u2019Elevage, le Ministre de l\u2019Industrie et du Commerce, le Ministre en charge des Collectivit\u00e9s territoriales et le Secr\u00e9taire d\u2019Etat aux Coop\u00e9ratives et \u00e0 l\u2019Encadrement paysan pour les efforts consentis afin d\u2019asseoir le d\u00e9veloppement territorial et la promotion de la souverainet\u00e9 alimentaire. Dans cette dynamique, il a soulign\u00e9 la n\u00e9cessit\u00e9 de mieux accompagner et soutenir les acteurs des diff\u00e9rentes fili\u00e8res des secteurs agricole et industriel de la r\u00e9gion naturelle du fleuve S\u00e9n\u00e9gal. Cette zone \u00e9co-g\u00e9ographique, au potentiel exceptionnel, doit s\u2019\u00e9riger en \u00ab P\u00f4le agricole national prioritaire \u00bb en termes de maitrise de l\u2019eau, de m\u00e9canisation ainsi que de d\u00e9veloppement des am\u00e9nagements et des surfaces emblav\u00e9es, de l\u2019agro-industrie et des industries de transformation des produits agricoles. Sous ce rapport, il est essentiel de renforcer significativement les fili\u00e8res riz, tomates, oignons, pommes de terre, biocarburants (\u00e9thanol) et sucre qui doit rester un atout phare de notre souverainet\u00e9 alimentaire.<\/p>\n\n\n\n<p>Le Chef de l\u2019Etat a, par ailleurs, indiqu\u00e9 l\u2019imp\u00e9ratif d\u2019une combinaison optimale entre l\u2019agriculture familiale (de subsistance) et l\u2019agrobusiness en vue de l\u2019ancrage d\u2019une 2 gouvernance fonci\u00e8re, \u00e9conomique et sociale \u00e9quitable du secteur agricole. Il a demand\u00e9 au Gouvernement de poursuivre et d\u2019intensifier l\u2019accompagnement des producteurs de la r\u00e9gion Nord, en accentuant l\u2019am\u00e9lioration des rendements des p\u00e9rim\u00e8tres agricoles (rizicoles notamment), mais \u00e9galement l\u2019\u00e9tablissement d\u2019un syst\u00e8me r\u00e9nov\u00e9 et efficace de financement et de maitrise des charges d\u2019exploitation (\u00e9lectricit\u00e9 en particulier) des agriculteurs et industriels. Il s\u2019agit aussi de travailler, avec les Coop\u00e9ratives agricoles communautaires, \u00e0 la labellisation des productions nationales et leur meilleure introduction dans les r\u00e9seaux de distribution et les circuits de commercialisation du pays.<\/p>\n\n\n\n<p>Cette tourn\u00e9e \u00e9conomique a montr\u00e9 que la territorialisation soutenue de l\u2019Agenda national de Transformation doit rester un principe directeur de l\u2019efficacit\u00e9 des politiques publiques et des performances de l\u2019action gouvernementale. D\u2019o\u00f9, l\u2019imp\u00e9ratif de promouvoir un dialogue territorial permanent avec les acteurs \u00e9conomiques et sociaux \u00e0 la base. A ce titre, le Pr\u00e9sident de la R\u00e9publique a soulign\u00e9 l\u2019urgence de r\u00e9habiliter et d\u2019actualiser, en les adaptant aux \u00e9volutions technologiques, les outils et instruments de vulgarisation agricole et d\u2019animation rurale, afin d\u2019acc\u00e9l\u00e9rer, dans la concertation avec les acteurs et la participation des populations, la mise en place des P\u00f4les r\u00e9gionaux de d\u00e9veloppement. Ces derniers demeurent les v\u00e9ritables r\u00e9ceptacles des projets et programmes pour un S\u00e9n\u00e9gal souverain, juste et prosp\u00e8re, ancr\u00e9 dans les valeurs fortes de la Nation.<\/p>\n\n\n\n<p>La modernisation de notre syst\u00e8me agricole et la r\u00e9alisation de la souverainet\u00e9 alimentaire, passent fondamentalement par la s\u00e9curit\u00e9 fonci\u00e8re des exploitations agricoles, le financement ad\u00e9quat des agriculteurs et la promotion de l\u2019investissement priv\u00e9 dans l\u2019agriculture. A cet effet, le Chef de l\u2019Etat a demand\u00e9 au Gouvernement, sous la supervision du Premier Ministre, d\u2019engager les concertations appropri\u00e9es et d\u2019accomplir les diligences requises, en vue d\u2019acc\u00e9l\u00e9rer la mise en \u0153uvre d\u2019une r\u00e9forme fonci\u00e8re consensuelle en capitalisant les diagnostics, \u00e9tudes, rapports, propositions, conclusions et recommandations \u00e9labor\u00e9s sur la probl\u00e9matique, notamment les travaux de la Commission nationale de R\u00e9forme fonci\u00e8re (CNRF). Cette r\u00e9forme majeure de l\u2019Agenda national de Transformation est imp\u00e9rative pour accompagner, avec l\u2019implication des collectivit\u00e9s territoriales et de toutes les parties prenantes, l\u2019option d\u2019une agriculture moderne et durable favorisant le d\u00e9veloppement 3 des petites exploitations agricoles familiales, mais \u00e9galement de l\u2019agrobusiness. Elle doit contribuer aussi \u00e0 une meilleure ma\u00eetrise de l\u2019espace national et \u00e0 l\u2019am\u00e9nagement concert\u00e9, inclusif et durable du territoire, notamment en milieu rural, en coh\u00e9rence avec les processus convergents d\u2019approfondissement de la d\u00e9centralisation et d\u2019actualisation de la loi d\u2019orientation agrosylvopastorale en cours de finalisation.<\/p>\n\n\n\n<p>Le Pr\u00e9sident de la R\u00e9publique a indiqu\u00e9 au Gouvernement, l\u2019importance d\u2019orienter les r\u00e9flexions sur la r\u00e9forme fonci\u00e8re vers l\u2019objectif d\u2019attribution effective de titres de propri\u00e9t\u00e9 en bonne et due forme aux d\u00e9tenteurs l\u00e9gaux des terres et des parcelles \u00e0 usage d\u2019habitation, partout au S\u00e9n\u00e9gal. Dans cet esprit, l\u2019acc\u00e8s \u00e0 la propri\u00e9t\u00e9 fonci\u00e8re et immobili\u00e8re, sera facilit\u00e9 par la valorisation de l\u2019utilisation de la terre comme garantie pour l\u2019obtention d\u2019un cr\u00e9dit.<\/p>\n\n\n\n<p>Au demeurant, le Chef de l\u2019Etat a invit\u00e9 le Gouvernement \u00e0 veiller \u00e0 la gestion optimale du domaine de l\u2019Etat et du domaine national par, d\u2019une part, l\u2019am\u00e9lioration des outils de cartographie et de pilotage du potentiel foncier et, d\u2019autre part, la pr\u00e9vention syst\u00e9matique et la r\u00e9solution des conflits fonciers. Pour clore ce chapitre, il a invit\u00e9 le Gouvernement \u00e0 pr\u00e9parer un plan de communication sur la r\u00e9forme fonci\u00e8re projet\u00e9e, en vue de son appropriation collective par les populations \u00e0 la base, les collectivit\u00e9s territoriales, les agriculteurs, les \u00e9leveurs, les investisseurs et autres op\u00e9rateurs \u00e9conomiques.<\/p>\n\n\n\n<p>Le Pr\u00e9sident de la R\u00e9publique est revenu sur la premi\u00e8re \u00e9dition de la Conf\u00e9rence des Administrateurs et Managers publics (CAMP) tenue le 20 janvier 2025. Lors de cette rencontre il avait partag\u00e9 avec l\u2019ensemble des administrations sa vision de la gouvernance des secteurs public et parapublic. A cet effet, il a rappel\u00e9 au Gouvernement l\u2019urgence de prendre toutes les mesures et dispositions requises en vue d\u2019actualiser le statut g\u00e9n\u00e9ral des fonctionnaires et la r\u00e9glementation relative aux agents non fonctionnaires, de finaliser le Code de d\u00e9ontologie des agents publics ainsi que le Plan de d\u00e9veloppement de la formation permanente des agents publics, de r\u00e9viser les cadres acad\u00e9mique, juridique, administratif et financier d\u2019\u00e9volution des \u00e9coles nationales de formation, notamment l\u2019Ecole nationale d\u2019Administration (ENA). En outre, il a soulign\u00e9 l\u2019importance de mener \u00e0 bien le processus d\u2019\u00e9valuation annuelle des performances des agents publics, mais aussi d\u2019accentuer, avec la mont\u00e9e en puissance du 4 \u00ab New Deal technologique \u00bb, la digitalisation int\u00e9grale des administrations pour une meilleure qualit\u00e9 des services d\u00e9livr\u00e9s aux usagers et aux citoyens.<\/p>\n\n\n\n<p>Par ailleurs, le Chef de l\u2019Etat a rappel\u00e9 au Gouvernement, l\u2019imp\u00e9ratif d\u2019un suivi de proximit\u00e9 de la gouvernance et des performances financi\u00e8res des entit\u00e9s du secteur parapublic, sous tutelles administrative, technique et financi\u00e8re. Il a demand\u00e9 au Ministre de la Fonction publique et de la R\u00e9forme du Service public de faire une communication trimestrielle en Conseil des Ministres sur l\u2019\u00e9tat de mise en \u0153uvre des r\u00e9formes de la fonction publique et de modernisation des services publics. Dans le m\u00eame temps, il a invit\u00e9 le Ministre des Finances et du Budget \u00e0 faire une communication trimestrielle sur la gestion du portefeuille de l\u2019Etat.<\/p>\n\n\n\n<p>Au titre de son agenda diplomatique, le Pr\u00e9sident de la R\u00e9publique a inform\u00e9 le Conseil qu\u2019il participera, le 22 juin 2025, \u00e0 Abuja, au Nig\u00e9ria, au Sommet de la Communaut\u00e9 \u00e9conomique des \u00c9tats de l\u2019Afrique de l\u2019Ouest (CEDEAO).<\/p>\n\n\n\n<p>Dans sa communication, Monsieur le Premier Ministre Ousmane SONKO est revenu sur les r\u00e9formes de l\u2019Etat et la qualit\u00e9 de la repr\u00e9sentation des administrations publiques dans les organes d\u00e9lib\u00e9rants des entit\u00e9s du secteur parapublic.<\/p>\n\n\n\n<p>S\u2019agissant des r\u00e9formes de l\u2019Etat, il a indiqu\u00e9 que celles-ci constituent un point essentiel pour la r\u00e9ussite de la mise en \u0153uvre des politiques publiques. Pour la coordination, l\u2019orientation et le suivi de ces r\u00e9formes, le Premier Ministre a annonc\u00e9 la mise en place d\u2019une Cellule \u00e0 la Primature. Les changements attendus couvrent plusieurs domaines d\u2019une importance capitale pour l\u2019environnement des affaires, la modernisation de l\u2019administration publique, incluant le droit d\u2019acc\u00e8s du citoyen \u00e0 l\u2019information et un large recours \u00e0 la transformation digitale, la valorisation du capital humain \u00e0 travers une formation visant \u00e0 doter les citoyens de fortes valeurs civiques et patriotiques et de comp\u00e9tences n\u00e9cessaires \u00e0 la r\u00e9alisation de performances attendues, du \u00ab rebasing social \u00bb. Cela, pour plus d\u2019\u00e9quit\u00e9 et de transparence dans le syst\u00e8me de r\u00e9mun\u00e9ration des secteurs publics et parapublics, et la construction d\u2019un syst\u00e8me de protection sociale inclusif et durable. Enfin, le Premier Ministre a soulign\u00e9 avec force la d\u00e9termination du Gouvernement, \u00e0 mener \u00e0 bien cette importante entreprise et a engag\u00e9 le Ministre, Secr\u00e9taire g\u00e9n\u00e9ral du Gouvernement \u00e0 mettre en place une 5 feuille de route permettant la mise en \u0153uvre optimale des r\u00e9formes, en veillant \u00e0 la prise en charge des difficult\u00e9s \u00e9ventuelles \u00e0 travers un dispositif de conduite du changement.<\/p>\n\n\n\n<p>Abordant le second point relatif \u00e0 la qualit\u00e9 de la repr\u00e9sentation des administrations publiques dans les organes d\u00e9lib\u00e9rants des entit\u00e9s du secteur parapublic, le Premier Ministre, a mis l\u2019accent sur l\u2019importance des fonctions essentielles dans l\u2019offre de services publics de qualit\u00e9, l\u2019ex\u00e9cution de missions d\u2019int\u00e9r\u00eat g\u00e9n\u00e9ral, la cr\u00e9ation d\u2019emplois et la r\u00e9gulation dans des domaines prioritaires. Il a ensuite d\u00e9plor\u00e9 des manquements graves, r\u00e9currents et contraires aux r\u00e8gles de transparence et de bonne gouvernance pr\u00e9judiciables \u00e0 la qualit\u00e9 du service public, dans la gestion de ces structures : la non tenue des pr\u00e9-conseils sur des questions strat\u00e9giques, l\u2019absence de compte rendu syst\u00e9matique, l\u2019archivage d\u00e9faillant de la documentation, le non-respect de la dur\u00e9e de validit\u00e9 des mandats des administrateurs et la mauvaise qualit\u00e9 de la repr\u00e9sentation due notamment au profil inad\u00e9quat de certains administrateurs. Fort de ce constat, le Premier Ministre a demand\u00e9 aux Ministres de proc\u00e9der, sans d\u00e9lai, \u00e0 la r\u00e9gularisation de la composition des organes d\u00e9lib\u00e9rants, surtout dans le contexte actuel marqu\u00e9 par plusieurs changements institutionnels. Il a \u00e9galement demand\u00e9 d\u2019apporter un soin particulier au choix de ces repr\u00e9sentants dans les organes d\u00e9lib\u00e9rants, dans le respect des dispositions pertinentes du d\u00e9cret n\u00b02025-670 du 29 avril 2025, fixant les r\u00e8gles de fonctionnement de l\u2019organe d\u00e9lib\u00e9rant des entit\u00e9s du secteur parapublic.<\/p>\n\n\n\n<p><strong>&nbsp;<\/strong><strong>AU TITRE DES COMMUNICATIONS DES MINISTRES :<\/strong><\/p>\n\n\n\n<p>\u2013 le Ministre aupr\u00e8s du Pr\u00e9sident de la R\u00e9publique charg\u00e9 du Suivi du Pilotage et de l\u2019\u00e9valuation de l\u2019Agenda national de Transformation S\u00e9n\u00e9gal 2050 a fait une communication sur le Pilotage strat\u00e9gique de l\u2019Agenda national de Transformation S\u00e9n\u00e9gal 2050 ;<\/p>\n\n\n\n<p>\u2013 le Ministre de l\u2019Industrie et du Commerce a fait une communication sur la Politique industrielle et commerciale S\u00e9n\u00e9gal 2050.<\/p>\n\n\n\n<p><strong>AU TITRE DES TEXTES LEGISLATIFS ET REGLEMENTAIRES,<\/strong><\/p>\n\n\n\n<p><strong>le Conseil a examin\u00e9 et adopt\u00e9 :<\/strong><\/p>\n\n\n\n<p>\u2013 le Projet de loi autorisant le Pr\u00e9sident de la R\u00e9publique \u00e0 ratifier la Convention en mati\u00e8re d\u2019extradition entre le Gouvernement de la R\u00e9publique du S\u00e9n\u00e9gal et le Gouvernement de l\u2019Etat des Emirats arabes unis sign\u00e9e \u00e0 Abou Dhabi le 14 octobre 2021 ;<\/p>\n\n\n\n<p>\u2013 le Projet de loi relatif au transf\u00e8rement des personnes condamn\u00e9es entre le Gouvernement de la R\u00e9publique du S\u00e9n\u00e9gal et le Gouvernement de l\u2019Etat des Emirats arabes unis sign\u00e9e \u00e0 Abou Dhabi le 14 octobre 2021 ;<\/p>\n\n\n\n<p>\u2013 le Projet de loi d\u2019entraide judiciaire en mati\u00e8re p\u00e9nale entre le Gouvernement de la R\u00e9publique du S\u00e9n\u00e9gal et le Gouvernement de l\u2019Etat des Emirats arabes unis sign\u00e9e \u00e0 Abou Dhabi le 14 octobre 2021 ;<\/p>\n\n\n\n<p>\u2013 le Projet de d\u00e9cret portant cr\u00e9ation et fixant les r\u00e8gles d\u2019organisation et de fonctionnement du Centre national de Coordination du M\u00e9canisme d\u2019Alerte pr\u00e9coce et de R\u00e9ponse aux risques s\u00e9curitaires ;<\/p>\n\n\n\n<p>\u2013 le Projet de loi de Finances rectificative pour l\u2019ann\u00e9e 2025 ;<\/p>\n\n\n\n<p>\u2013 le Document de Programmation budg\u00e9taire et \u00e9conomique pluriannuelle (DPBEP) 2026- 2028.<\/p>\n\n\n\n<p><strong>&nbsp;<\/strong>Le Ministre de la Formation professionnelle et technique, Porte-parole du Gouvernement<\/p>\n\n\n\n<p><strong>Amadou Moustapha Njekk SARRE<\/strong><\/p>\n","protected":false},"excerpt":{"rendered":"<p>Dakar, 18 juin (APS) \u2013 Le Chef de l\u2019Etat, Son Excellence, Monsieur Bassirou Diomaye Diakhar FAYE a pr\u00e9sid\u00e9, ce mercredi<\/p>\n","protected":false},"author":1,"featured_media":50140,"comment_status":"open","ping_status":"open","sticky":false,"template":"","format":"standard","meta":{"footnotes":""},"categories":[6],"tags":[],"class_list":["post-58401","post","type-post","status-publish","format-standard","has-post-thumbnail","hentry","category-politics"],"_links":{"self":[{"href":"https:\/\/dekkbi.com\/index.php?rest_route=\/wp\/v2\/posts\/58401","targetHints":{"allow":["GET"]}}],"collection":[{"href":"https:\/\/dekkbi.com\/index.php?rest_route=\/wp\/v2\/posts"}],"about":[{"href":"https:\/\/dekkbi.com\/index.php?rest_route=\/wp\/v2\/types\/post"}],"author":[{"embeddable":true,"href":"https:\/\/dekkbi.com\/index.php?rest_route=\/wp\/v2\/users\/1"}],"replies":[{"embeddable":true,"href":"https:\/\/dekkbi.com\/index.php?rest_route=%2Fwp%2Fv2%2Fcomments&post=58401"}],"version-history":[{"count":1,"href":"https:\/\/dekkbi.com\/index.php?rest_route=\/wp\/v2\/posts\/58401\/revisions"}],"predecessor-version":[{"id":58402,"href":"https:\/\/dekkbi.com\/index.php?rest_route=\/wp\/v2\/posts\/58401\/revisions\/58402"}],"wp:featuredmedia":[{"embeddable":true,"href":"https:\/\/dekkbi.com\/index.php?rest_route=\/wp\/v2\/media\/50140"}],"wp:attachment":[{"href":"https:\/\/dekkbi.com\/index.php?rest_route=%2Fwp%2Fv2%2Fmedia&parent=58401"}],"wp:term":[{"taxonomy":"category","embeddable":true,"href":"https:\/\/dekkbi.com\/index.php?rest_route=%2Fwp%2Fv2%2Fcategories&post=58401"},{"taxonomy":"post_tag","embeddable":true,"href":"https:\/\/dekkbi.com\/index.php?rest_route=%2Fwp%2Fv2%2Ftags&post=58401"}],"curies":[{"name":"wp","href":"https:\/\/api.w.org\/{rel}","templated":true}]}}