{"id":58398,"date":"2025-06-19T08:54:14","date_gmt":"2025-06-19T08:54:14","guid":{"rendered":"https:\/\/dekkbi.com\/?p=58398"},"modified":"2025-06-19T08:54:15","modified_gmt":"2025-06-19T08:54:15","slug":"bassirou-diomaye-faye-la-reforme-fonciere-doit-aboutir-a-une-attribution-effective-des-titres-de-propriete","status":"publish","type":"post","link":"https:\/\/dekkbi.com\/?p=58398","title":{"rendered":"Bassirou Diomaye Faye: la r\u00e9forme fonci\u00e8re doit aboutir \u00e0 une \u201cattribution effective\u201d des titres de propri\u00e9t\u00e9"},"content":{"rendered":"\n<p>Dakar, (APS) \u2013 Le pr\u00e9sident de la R\u00e9publique a soulign\u00e9, mercredi, en Conseil des ministres, l\u2019importance d\u2019orienter la r\u00e9forme fonci\u00e8re en cours vers \u201cl\u2019attribution effective\u201d de titres de propri\u00e9t\u00e9 aux d\u00e9tenteurs l\u00e9gaux des terres et des parcelles \u00e0 usage d\u2019habitation sur toute l\u2019\u00e9tendue du territoire.<\/p>\n\n\n\n<p>\u201cLe Pr\u00e9sident de la R\u00e9publique a indiqu\u00e9 au Gouvernement, l\u2019importance d\u2019orienter les r\u00e9flexions sur la r\u00e9forme fonci\u00e8re vers l\u2019objectif d\u2019attribution effective de titres de propri\u00e9t\u00e9 en bonne et due forme aux d\u00e9tenteurs l\u00e9gaux des terres et des parcelles \u00e0 usage d\u2019habitation, partout au S\u00e9n\u00e9gal\u201d, peut-on lire dans le communiqu\u00e9 du Conseil des ministres.<\/p>\n\n\n\n<p>Il s\u2019agit de faire en sorte que \u201cl\u2019acc\u00e8s \u00e0 la propri\u00e9t\u00e9 fonci\u00e8re et immobili\u00e8re, soit facilit\u00e9 par la valorisation de l\u2019utilisation de la terre comme garantie pour l\u2019obtention d\u2019un cr\u00e9dit\u201d, souligne le texte.<\/p>\n\n\n\n<p>Le Pr\u00e9sident Faye a \u00e9galement invit\u00e9 le Gouvernement \u00e0 veiller \u00e0 une \u201cgestion optimale\u201d du domaine de l\u2019Etat et du domaine national \u00e0 travers, \u201cd\u2019une part, l\u2019am\u00e9lioration des outils de cartographie et de pilotage du potentiel foncier et, d\u2019autre part, la pr\u00e9vention syst\u00e9matique et la r\u00e9solution des conflits fonciers\u201d.<\/p>\n\n\n\n<p>Le chef de l\u2019Etat a aussi exhort\u00e9 le Gouvernement \u00e0 pr\u00e9parer \u201cun plan de communication sur la r\u00e9forme fonci\u00e8re projet\u00e9e, en vue d\u2019une appropriation collective\u201d.<\/p>\n\n\n\n<p>La question fonci\u00e8re a \u00e9t\u00e9 une pr\u00e9occupation majeure pour les nouvelles autorit\u00e9s au pouvoir depuis avril 2024. Apr\u00e8s des mois d\u2019audit, des lotissements jug\u00e9s irr\u00e9guliers ont \u00e9t\u00e9 annul\u00e9s ou suspendus, notamment \u00e0 Dakar sur la petite c\u00f4te.<\/p>\n\n\n\n<p>Un projet de loi sur la r\u00e9forme fonci\u00e8re sera prochainement examin\u00e9 \u00e0 l\u2019Assembl\u00e9e nationale, indique-t-on.<br>HK\/SMD<\/p>\n","protected":false},"excerpt":{"rendered":"<p>Dakar, (APS) \u2013 Le pr\u00e9sident de la R\u00e9publique a soulign\u00e9, mercredi, en Conseil des ministres, l\u2019importance d\u2019orienter la r\u00e9forme fonci\u00e8re<\/p>\n","protected":false},"author":1,"featured_media":58399,"comment_status":"open","ping_status":"open","sticky":false,"template":"","format":"standard","meta":{"footnotes":""},"categories":[6],"tags":[],"class_list":["post-58398","post","type-post","status-publish","format-standard","has-post-thumbnail","hentry","category-politics"],"_links":{"self":[{"href":"https:\/\/dekkbi.com\/index.php?rest_route=\/wp\/v2\/posts\/58398","targetHints":{"allow":["GET"]}}],"collection":[{"href":"https:\/\/dekkbi.com\/index.php?rest_route=\/wp\/v2\/posts"}],"about":[{"href":"https:\/\/dekkbi.com\/index.php?rest_route=\/wp\/v2\/types\/post"}],"author":[{"embeddable":true,"href":"https:\/\/dekkbi.com\/index.php?rest_route=\/wp\/v2\/users\/1"}],"replies":[{"embeddable":true,"href":"https:\/\/dekkbi.com\/index.php?rest_route=%2Fwp%2Fv2%2Fcomments&post=58398"}],"version-history":[{"count":1,"href":"https:\/\/dekkbi.com\/index.php?rest_route=\/wp\/v2\/posts\/58398\/revisions"}],"predecessor-version":[{"id":58400,"href":"https:\/\/dekkbi.com\/index.php?rest_route=\/wp\/v2\/posts\/58398\/revisions\/58400"}],"wp:featuredmedia":[{"embeddable":true,"href":"https:\/\/dekkbi.com\/index.php?rest_route=\/wp\/v2\/media\/58399"}],"wp:attachment":[{"href":"https:\/\/dekkbi.com\/index.php?rest_route=%2Fwp%2Fv2%2Fmedia&parent=58398"}],"wp:term":[{"taxonomy":"category","embeddable":true,"href":"https:\/\/dekkbi.com\/index.php?rest_route=%2Fwp%2Fv2%2Fcategories&post=58398"},{"taxonomy":"post_tag","embeddable":true,"href":"https:\/\/dekkbi.com\/index.php?rest_route=%2Fwp%2Fv2%2Ftags&post=58398"}],"curies":[{"name":"wp","href":"https:\/\/api.w.org\/{rel}","templated":true}]}}