{"id":58346,"date":"2025-06-18T09:22:20","date_gmt":"2025-06-18T09:22:20","guid":{"rendered":"https:\/\/dekkbi.com\/?p=58346"},"modified":"2025-06-18T09:22:21","modified_gmt":"2025-06-18T09:22:21","slug":"justice-le-sytjust-decrete-une-greve-de-48-heures-pour-exiger-le-respect-des-engagements-de-letat","status":"publish","type":"post","link":"https:\/\/dekkbi.com\/?p=58346","title":{"rendered":"Justice: Le SYTJUST d\u00e9cr\u00e8te une gr\u00e8ve de 48 heures pour exiger le respect des engagements de l\u2019\u00c9tat"},"content":{"rendered":"\n<h3 class=\"wp-block-heading\">Le Syndicat des Travailleurs de la Justice (SYTJUST) annonce un mot d\u2019ordre de gr\u00e8ve de 48 heures \u00e0 compter du mercredi 18 juin 2025 \u00e0 8 heures. Cette d\u00e9cision, prise par le Bureau Ex\u00e9cutif National (BEN), vise \u00e0 obtenir la satisfaction d\u2019une s\u00e9rie de revendications port\u00e9es depuis plusieurs mois par les travailleurs du secteur.<\/h3>\n\n\n\n<p>Au c\u0153ur de ces revendications figure l\u2019alignement de tous les greffiers \u00e0 la hi\u00e9rarchie A2, ainsi que le reclassement des fonctionnaires et agents non fonctionnaires des hi\u00e9rarchies B et C ayant cumul\u00e9 au moins cinq ann\u00e9es d\u2019anciennet\u00e9 au minist\u00e8re de la Justice dans le corps des assistants des greffes et parquets. Le syndicat r\u00e9clame \u00e9galement la satisfaction int\u00e9grale des points contenus dans le pr\u00e9avis de gr\u00e8ve d\u00e9pos\u00e9 depuis le 7 f\u00e9vrier 2025.<\/p>\n\n\n\n<p>Dans son communiqu\u00e9, le SYTJUST d\u00e9nonce le manque de r\u00e9activit\u00e9 de l\u2019\u00c9tat face aux engagements pris, soulignant que ce mouvement s\u2019inscrit dans la continuit\u00e9 de leur combat syndical pour une reconnaissance pleine et enti\u00e8re des droits des travailleurs de la Justice.<\/p>\n\n\n\n<p>Le Bureau Ex\u00e9cutif appelle l\u2019ensemble des agents du secteur \u00e0 observer strictement le mot d\u2019ordre de gr\u00e8ve \u00ab dans l\u2019unit\u00e9, la discipline et la d\u00e9termination \u00bb. Le SYTJUST invite ainsi ses membres \u00e0 rester mobilis\u00e9s face \u00e0 \u00ab l\u2019immobilisme des autorit\u00e9s comp\u00e9tentes \u00bb.<\/p>\n\n\n\n<p>\u00ab La victoire est \u00e0 ce prix \u00bb, conclut le communiqu\u00e9, lan\u00e7ant un appel \u00e0 l\u2019engagement total pour la d\u00e9fense des int\u00e9r\u00eats mat\u00e9riels et moraux des travailleurs de la justice.<\/p>\n\n\n\n<p>SOURCE LERAL<\/p>\n","protected":false},"excerpt":{"rendered":"<p>Le Syndicat des Travailleurs de la Justice (SYTJUST) annonce un mot d\u2019ordre de gr\u00e8ve de 48 heures \u00e0 compter du<\/p>\n","protected":false},"author":1,"featured_media":39305,"comment_status":"open","ping_status":"open","sticky":false,"template":"","format":"standard","meta":{"footnotes":""},"categories":[26],"tags":[],"class_list":["post-58346","post","type-post","status-publish","format-standard","has-post-thumbnail","hentry","category-fait-divers"],"_links":{"self":[{"href":"https:\/\/dekkbi.com\/index.php?rest_route=\/wp\/v2\/posts\/58346","targetHints":{"allow":["GET"]}}],"collection":[{"href":"https:\/\/dekkbi.com\/index.php?rest_route=\/wp\/v2\/posts"}],"about":[{"href":"https:\/\/dekkbi.com\/index.php?rest_route=\/wp\/v2\/types\/post"}],"author":[{"embeddable":true,"href":"https:\/\/dekkbi.com\/index.php?rest_route=\/wp\/v2\/users\/1"}],"replies":[{"embeddable":true,"href":"https:\/\/dekkbi.com\/index.php?rest_route=%2Fwp%2Fv2%2Fcomments&post=58346"}],"version-history":[{"count":1,"href":"https:\/\/dekkbi.com\/index.php?rest_route=\/wp\/v2\/posts\/58346\/revisions"}],"predecessor-version":[{"id":58347,"href":"https:\/\/dekkbi.com\/index.php?rest_route=\/wp\/v2\/posts\/58346\/revisions\/58347"}],"wp:featuredmedia":[{"embeddable":true,"href":"https:\/\/dekkbi.com\/index.php?rest_route=\/wp\/v2\/media\/39305"}],"wp:attachment":[{"href":"https:\/\/dekkbi.com\/index.php?rest_route=%2Fwp%2Fv2%2Fmedia&parent=58346"}],"wp:term":[{"taxonomy":"category","embeddable":true,"href":"https:\/\/dekkbi.com\/index.php?rest_route=%2Fwp%2Fv2%2Fcategories&post=58346"},{"taxonomy":"post_tag","embeddable":true,"href":"https:\/\/dekkbi.com\/index.php?rest_route=%2Fwp%2Fv2%2Ftags&post=58346"}],"curies":[{"name":"wp","href":"https:\/\/api.w.org\/{rel}","templated":true}]}}