{"id":58334,"date":"2025-06-18T09:10:17","date_gmt":"2025-06-18T09:10:17","guid":{"rendered":"https:\/\/dekkbi.com\/?p=58334"},"modified":"2025-06-18T09:49:03","modified_gmt":"2025-06-18T09:49:03","slug":"tensions-iran-israel-dakar-active-un-plan-de-protection-pour-ses-ressortissants","status":"publish","type":"post","link":"https:\/\/dekkbi.com\/?p=58334","title":{"rendered":"Tensions entre Iran-Isra\u00ebl : Dakar active un plan de protection pour ses ressortissants"},"content":{"rendered":"\n<p><a href=\"https:\/\/lesoleil.sn\/wp-content\/uploads\/2025\/06\/senegalais-lybie.jpeg\"><\/a><strong>Alors que la tension monte entre l\u2019Iran et Isra\u00ebl depuis vendredi dernier, le S\u00e9n\u00e9gal prend les devants pour prot\u00e9ger ses ressortissants \u00e9tablis dans ces zones \u00e0 risque. \u00c0 Dakar, ce mardi, le secr\u00e9taire d\u2019\u00c9tat aux S\u00e9n\u00e9galais de l\u2019ext\u00e9rieur, Amadou Ch\u00e9rif Diouf, a annonc\u00e9 la mise en \u0153uvre d\u2019un dispositif de veille et d\u2019assistance, incluant un \u00e9ventuel plan d\u2019\u00e9vacuation.<\/strong><\/p>\n\n\n\n<p>\u00ab Toutes les dispositions sont en cours pour faciliter le retour de nos compatriotes qui souhaitent quitter ces pays \u00bb, a-t-il d\u00e9clar\u00e9, tout en restant discret sur les modalit\u00e9s op\u00e9rationnelles, invoquant la n\u00e9cessaire confidentialit\u00e9 diplomatique.<\/p>\n\n\n\n<p>Jusqu\u2019ici, aucune victime ni bless\u00e9 n\u2019a \u00e9t\u00e9 enregistr\u00e9 parmi les S\u00e9n\u00e9galais vivant en Iran et en Isra\u00ebl. Le gouvernement assure un suivi constant de la situation gr\u00e2ce \u00e0 ses repr\u00e9sentations diplomatiques sur place.<\/p>\n\n\n\n<p>\u00ab Nous avons la chance de disposer d\u2019ambassades actives et engag\u00e9es sur le terrain \u00bb, a ajout\u00e9 le secr\u00e9taire d\u2019\u00c9tat, en marge d\u2019un point de presse, insistant sur le lien permanent avec les chancelleries concern\u00e9es.<\/p>\n\n\n\n<p>Interrog\u00e9 sur une possible interdiction d\u2019entr\u00e9e (\u00ab travel ban \u00bb) que les \u00c9tats-Unis pourraient imposer \u00e0 certains pays africains, dont le S\u00e9n\u00e9gal, Amadou Ch\u00e9rif Diouf a tenu \u00e0 rassurer. Le minist\u00e8re des Affaires \u00e9trang\u00e8res, a-t-il dit, travaille en \u00e9troite collaboration avec les ambassades, les consulats, les associations de la diaspora et les relais communautaires pour pr\u00e9server les droits et la mobilit\u00e9 des S\u00e9n\u00e9galais.<\/p>\n\n\n\n<p>Il a enfin invit\u00e9 les citoyens vivant \u00e0 l\u2019\u00e9tranger, en particulier aux \u00c9tats-Unis, \u00e0 respecter scrupuleusement les lois en vigueur dans leurs pays d\u2019accueil, dans un contexte mondial marqu\u00e9 par un durcissement des politiques migratoires.<\/p>\n\n\n\n<p><strong>Salla GUEYE<\/strong><\/p>\n","protected":false},"excerpt":{"rendered":"<p>Alors que la tension monte entre l\u2019Iran et Isra\u00ebl depuis vendredi dernier, le S\u00e9n\u00e9gal prend les devants pour prot\u00e9ger ses<\/p>\n","protected":false},"author":1,"featured_media":58335,"comment_status":"open","ping_status":"open","sticky":false,"template":"","format":"standard","meta":{"footnotes":""},"categories":[21],"tags":[],"class_list":["post-58334","post","type-post","status-publish","format-standard","has-post-thumbnail","hentry","category-societe"],"_links":{"self":[{"href":"https:\/\/dekkbi.com\/index.php?rest_route=\/wp\/v2\/posts\/58334","targetHints":{"allow":["GET"]}}],"collection":[{"href":"https:\/\/dekkbi.com\/index.php?rest_route=\/wp\/v2\/posts"}],"about":[{"href":"https:\/\/dekkbi.com\/index.php?rest_route=\/wp\/v2\/types\/post"}],"author":[{"embeddable":true,"href":"https:\/\/dekkbi.com\/index.php?rest_route=\/wp\/v2\/users\/1"}],"replies":[{"embeddable":true,"href":"https:\/\/dekkbi.com\/index.php?rest_route=%2Fwp%2Fv2%2Fcomments&post=58334"}],"version-history":[{"count":2,"href":"https:\/\/dekkbi.com\/index.php?rest_route=\/wp\/v2\/posts\/58334\/revisions"}],"predecessor-version":[{"id":58357,"href":"https:\/\/dekkbi.com\/index.php?rest_route=\/wp\/v2\/posts\/58334\/revisions\/58357"}],"wp:featuredmedia":[{"embeddable":true,"href":"https:\/\/dekkbi.com\/index.php?rest_route=\/wp\/v2\/media\/58335"}],"wp:attachment":[{"href":"https:\/\/dekkbi.com\/index.php?rest_route=%2Fwp%2Fv2%2Fmedia&parent=58334"}],"wp:term":[{"taxonomy":"category","embeddable":true,"href":"https:\/\/dekkbi.com\/index.php?rest_route=%2Fwp%2Fv2%2Fcategories&post=58334"},{"taxonomy":"post_tag","embeddable":true,"href":"https:\/\/dekkbi.com\/index.php?rest_route=%2Fwp%2Fv2%2Ftags&post=58334"}],"curies":[{"name":"wp","href":"https:\/\/api.w.org\/{rel}","templated":true}]}}