{"id":58328,"date":"2025-06-18T09:02:38","date_gmt":"2025-06-18T09:02:38","guid":{"rendered":"https:\/\/dekkbi.com\/?p=58328"},"modified":"2025-06-18T09:02:39","modified_gmt":"2025-06-18T09:02:39","slug":"journee-mondiale-de-lutte-contre-les-discours-de-haine-a-guterres-prone-lusage-de-lia-comme-une-force-au-service-du-bien","status":"publish","type":"post","link":"https:\/\/dekkbi.com\/?p=58328","title":{"rendered":"Journ\u00e9e mondiale de lutte contre les discours de haine : A. Guterres pr\u00f4ne l\u2019usage de l\u2019IA comme une \u00ab force au service du bien \u00bb"},"content":{"rendered":"\n<p><a href=\"https:\/\/lesoleil.sn\/wp-content\/uploads\/2025\/06\/freepik__the-style-is-candid-image-photography-with-natural__58646.jpg\"><\/a><strong>Prendre un engagement international \u00e0 tous les niveaux d\u2019utiliser l\u2019Intelligence artificielle (IA) non pas comme un outil de haine, mais plut\u00f4t comme une \u00ab force au service du bien \u00bb. C\u2019est le message lanc\u00e9 mercredi par le Secr\u00e9taire g\u00e9n\u00e9ral des Nations unies, Ant\u00f3nio Guterres, \u00e0 l\u2019occasion de la Journ\u00e9e internationale de la lutte contre les discours de haine c\u00e9l\u00e9br\u00e9e le 18 juin.<\/strong><\/p>\n\n\n\n<p>Aujourd\u2019hui, les discours de haine, selon le Secr\u00e9taire g\u00e9n\u00e9ral des Nations unies Ant\u00f3nio Guterres, se propagent \u00ab plus vite et plus loin que jamais \u00bb, amplifi\u00e9s par l\u2019intelligence artificielle. Des algorithmes et des plateformes num\u00e9riques int\u00e9grant et reproduisant les pr\u00e9jug\u00e9s diffusent des contenus toxiques et cr\u00e9ent de nouveaux espaces de harc\u00e8lement et de violence.<\/p>\n\n\n\n<p>\u00ab&nbsp;\u00c0 l\u2019occasion de cette journ\u00e9e, prenons l\u2019engagement d\u2019utiliser l\u2019intelligence artificielle non pas comme un outil de haine, mais comme une force au service du bien. Restons unis dans la poursuite de la paix, du respect mutuel et de la compr\u00e9hension de toutes et tous&nbsp;\u00bb, a plaid\u00e9 M. Guterres.<\/p>\n\n\n\n<p>Le Secr\u00e9taire g\u00e9n\u00e9ral des Nations unies souligne \u00e0 l\u2019occasion de cette journ\u00e9e internationale d\u00e9di\u00e9e \u00e0 la lutte contre les discours de haine, que ces discours \u00ab&nbsp;empoisonnent&nbsp;\u00bb la soci\u00e9t\u00e9. Ils ont men\u00e9 \u00e0 la violence et aux atrocit\u00e9s qui ont fait les chapitres les plus sombres de l\u2019histoire de l\u2019humanit\u00e9. Les minorit\u00e9s ethniques et religieuses sont souvent les plus touch\u00e9es, se heurtant \u00e0 la discrimination, \u00e0 l\u2019exclusion et aux attaques.<\/p>\n\n\n\n<h3 class=\"wp-block-heading\">Aller vers une plus grande coop\u00e9ration internationale pour lutter contre la haine en ligne<\/h3>\n\n\n\n<p>\u00ab\u00a0Le Pacte num\u00e9rique mondial, adopt\u00e9 lors du Sommet de l\u2019avenir, nous montre le chemin : il encourage une plus grande coop\u00e9ration internationale pour lutter contre la haine en ligne, ancr\u00e9e dans les droits humains et le droit international\u00a0\u00bb, a-t-il relev\u00e9.<\/p>\n\n\n\n<p>Pour \u00e9touffer les voix de la haine, Ant\u00f3nio Guterres estime que les Nations unies ont besoin de partenariats \u00e0 tous les niveaux : entre les \u00c9tats, la soci\u00e9t\u00e9 civile, les entreprises priv\u00e9es et les responsables religieux et communautaires.<\/p>\n\n\n\n<p>\u00ab Nous devons contrer les r\u00e9cits toxiques par des messages positifs et donner \u00e0 chacun et chacune les moyens de reconna\u00eetre les discours de haine, de ne pas y c\u00e9der et de s\u2019y opposer. La Strat\u00e9gie et le Plan d\u2019action des Nations Unies pour la lutte contre les discours de haine nous servent de guide. Par ailleurs, les Principes mondiaux pour l\u2019int\u00e9grit\u00e9 de l\u2019information que j\u2019ai lanc\u00e9s l\u2019an dernier viennent \u00e9tayer et orienter l\u2019action que nous menons pour cr\u00e9er un \u00e9cosyst\u00e8me de l\u2019information plus s\u00fbr et plus humain \u00bb, a-t-il dit.<\/p>\n\n\n\n<h3 class=\"wp-block-heading\">Que pr\u00e9voit la l\u00e9gislation s\u00e9n\u00e9galaise sur les discours de haine<\/h3>\n\n\n\n<p>Il convient de noter qu\u2019au S\u00e9n\u00e9gal, m\u00eame s\u2019il n\u2019y a pas encore de loi r\u00e9cente incriminant les discours de haine sur les r\u00e9seaux sociaux,\u00a0la Loi n\u00b0 2008-11 portant sur la Cybercriminalit\u00e9\u00a0encadre l\u2019usage d\u2019internet.\u00a0 D\u2019ailleurs, l\u2019article 431-39 cette loi dit : \u00ab La menace commise par le biais d\u2019un syst\u00e8me informatique, de commettre une infraction p\u00e9nale, envers une personne en raison de son appartenance \u00e0 un groupe qui se caract\u00e9rise par la race, la couleur, l\u2019ascendance ou l\u2019origine nationale ou ethnique, ou la religion dans la mesure o\u00f9 cette appartenance sert de pr\u00e9texte \u00e0 l\u2019un ou l\u2019autre de ces \u00e9l\u00e9ments, ou un groupe de personnes qui se distingue par une de ces caract\u00e9ristiques sera puni d\u2019un emprisonnement de six (6) mois \u00e0 sept (7) ans et d\u2019une amende de 1.000.000 \u00e0 10.000.000 francs \u00bb.<\/p>\n\n\n\n<p>Ceci est renforc\u00e9 par l\u2019article 431-40 qui indique que : \u00ab L\u2019insulte commise par le biais d\u2019un syst\u00e8me informatique envers une personne en raison de son appartenance \u00e0 un groupe qui se caract\u00e9rise par la race, la couleur, l\u2019ascendance ou l\u2019origine nationale ou ethnique, ou la religion dans la mesure o\u00f9 cette appartenance sert de pr\u00e9texte \u00e0 l\u2019un ou l\u2019autre de ces \u00e9l\u00e9ments, ou un groupe de personnes qui se distingue par une de ces caract\u00e9ristiques sera punie d\u2019un emprisonnement de six (6) mois \u00e0 sept (7) ans et d\u2019une amende de 1.000.000 \u00e0 10.000.000 francs \u00bb.<\/p>\n\n\n\n<p><strong>Mariama DIEME<\/strong><br>LESOLEIL<\/p>\n","protected":false},"excerpt":{"rendered":"<p>Prendre un engagement international \u00e0 tous les niveaux d\u2019utiliser l\u2019Intelligence artificielle (IA) non pas comme un outil de haine, mais<\/p>\n","protected":false},"author":1,"featured_media":13930,"comment_status":"open","ping_status":"open","sticky":false,"template":"","format":"standard","meta":{"footnotes":""},"categories":[21],"tags":[],"class_list":["post-58328","post","type-post","status-publish","format-standard","has-post-thumbnail","hentry","category-societe"],"_links":{"self":[{"href":"https:\/\/dekkbi.com\/index.php?rest_route=\/wp\/v2\/posts\/58328","targetHints":{"allow":["GET"]}}],"collection":[{"href":"https:\/\/dekkbi.com\/index.php?rest_route=\/wp\/v2\/posts"}],"about":[{"href":"https:\/\/dekkbi.com\/index.php?rest_route=\/wp\/v2\/types\/post"}],"author":[{"embeddable":true,"href":"https:\/\/dekkbi.com\/index.php?rest_route=\/wp\/v2\/users\/1"}],"replies":[{"embeddable":true,"href":"https:\/\/dekkbi.com\/index.php?rest_route=%2Fwp%2Fv2%2Fcomments&post=58328"}],"version-history":[{"count":1,"href":"https:\/\/dekkbi.com\/index.php?rest_route=\/wp\/v2\/posts\/58328\/revisions"}],"predecessor-version":[{"id":58329,"href":"https:\/\/dekkbi.com\/index.php?rest_route=\/wp\/v2\/posts\/58328\/revisions\/58329"}],"wp:featuredmedia":[{"embeddable":true,"href":"https:\/\/dekkbi.com\/index.php?rest_route=\/wp\/v2\/media\/13930"}],"wp:attachment":[{"href":"https:\/\/dekkbi.com\/index.php?rest_route=%2Fwp%2Fv2%2Fmedia&parent=58328"}],"wp:term":[{"taxonomy":"category","embeddable":true,"href":"https:\/\/dekkbi.com\/index.php?rest_route=%2Fwp%2Fv2%2Fcategories&post=58328"},{"taxonomy":"post_tag","embeddable":true,"href":"https:\/\/dekkbi.com\/index.php?rest_route=%2Fwp%2Fv2%2Ftags&post=58328"}],"curies":[{"name":"wp","href":"https:\/\/api.w.org\/{rel}","templated":true}]}}