{"id":58307,"date":"2025-06-17T12:38:08","date_gmt":"2025-06-17T12:38:08","guid":{"rendered":"https:\/\/dekkbi.com\/?p=58307"},"modified":"2025-06-17T12:42:53","modified_gmt":"2025-06-17T12:42:53","slug":"saint-louis-evictions-relocalisation-arrangements-fonciers-et-justice-socio-spatiale-au-senegal-le-cadre-conceptuel-et-methodologique-de-ce-projet-lance-et-partage-par-les-chercheu","status":"publish","type":"post","link":"https:\/\/dekkbi.com\/?p=58307","title":{"rendered":"Saint-Louis \/ \u00ab \u00c9victions, relocalisation, arrangements fonciers et justice socio-spatiale au S\u00e9n\u00e9gal \u00bb"},"content":{"rendered":"\n<p><strong>Le cadre conceptuel et m\u00e9thodologique de ce projet lanc\u00e9 et partag\u00e9 par les chercheurs et les acteurs \u00e0 l\u2019UGB &#8211;<\/strong> L\u2019Universit\u00e9 Gaston Berger de Saint-Louis a abrit\u00e9 un atelier de lancement et de partage du cadre conceptuel et m\u00e9thodologique du projet intitul\u00e9 \u00ab\u00a0Justice Fonci\u00e8re\u00a0\u00bb.\u00a0L\u2019objectif de ce\u00a0projet de recherche est de produire des travaux de recherche comparatifs sur les processus de d\u00e9possession fonci\u00e8re, leurs causes et leurs cons\u00e9quences pour les familles impact\u00e9es, sous l\u2019angle novateur des enjeux de justice socio-spatiale et environnementale.\u00a0Il est mis en \u0153uvre par le\u00a0dispositif \u00ab Jeune \u00c9quipe Associ\u00e9e \u00e0 l\u2019IRD \u00bb\u00a0qui\u00a0est un dispositif partenarial de l\u2019IRD dont l\u2019objectif est l\u2019\u00e9mergence ou le renforcement d\u2019\u00e9quipes de recherche des pays du Sud dans le cadre de partenariats scientifiques avec des unit\u00e9s de recherche de l\u2019IRD, sur une th\u00e9matique de recherche li\u00e9e aux grands enjeux soci\u00e9taux, sanitaires et environnementaux actuels.\u00a0\u00ab\u00a0C\u2019est un projet de recherche appuy\u00e9 par l\u2019IRD pour trois ans et qui regroupe les universit\u00e9s de Saint-Louis, de l\u2019UCAD, de l\u2019ENSA, mais \u00e9galement des chercheurs de l\u2019IRD et ainsi qu\u2019un think-tank qu\u2019on appelle IPAR.<\/p>\n\n\n\n<p>En r\u00e9alit\u00e9, nous sommes partis du concept de ph\u00e9nom\u00e8ne de d\u00e9possession &nbsp;fonci\u00e8re&nbsp;not\u00e9&nbsp;un peu partout au S\u00e9n\u00e9gal. Nous sommes partis du concept de beaucoup d\u2019enjeux de conflits fonciers autour des \u00e9victions li\u00e9s aux activit\u00e9s extractives, li\u00e9es \u00e0 la relocalisation, li\u00e9es \u00e0 l\u2019activit\u00e9 de l\u2019agrobusiness, li\u00e9es aux grands projets d\u2019am\u00e9nagement.&nbsp;Et donc, nous avons pens\u00e9 utiliser le concept de justice fonci\u00e8re pour analyser tout ces&nbsp;processus de d\u00e9possession et d\u2019\u00e9victions&nbsp;autour de la probl\u00e9matique de la justice fonci\u00e8re. Lorsque nous parlons de justice fonci\u00e8re, nous ne partons pas de l\u2019id\u00e9e selon laquelle il y a une injustice.&nbsp;Nous voulons tout simplement interroger les processus de d\u00e9possession&nbsp;\u00bb, a dit le Professeur Sambou Ndiaye, coordonnateur de la JEAI Justice Fonci\u00e8re.<\/p>\n\n\n\n<p>Il a rappel\u00e9 qu\u2019il s\u2019agit de&nbsp;justices li\u00e9es \u00e0 la justice proc\u00e9durale, \u00e0 la justice distributive&nbsp;notamment&nbsp;l\u2019acc\u00e8s aux ressources,&nbsp;et&nbsp;li\u00e9es&nbsp;aussi&nbsp;\u00e0 la justice \u00e9pist\u00e9mique.&nbsp;Ces chercheurs comptent&nbsp;dans ce&nbsp;projet&nbsp;de recherche, interroger au moins quatre types de justice fonci\u00e8re.&nbsp;\u00ab&nbsp;La justice fonci\u00e8re distributive li\u00e9e \u00e0 la r\u00e9partition des ressources&nbsp;; la justice fonci\u00e8re proc\u00e9durale&nbsp;li\u00e9e \u00e0 l\u2019implication des acteurs aux espaces d\u00e9cisionnels&nbsp;; la justice li\u00e9e \u00e0 la justice en termes de reconnaissance des droits et des justiciers&nbsp;et&nbsp;la justice \u00e9pist\u00e9mique qui rend compte de l\u2019importance d\u2019int\u00e9grer les savoirs des acteurs locaux. Autrement dit, nous voulons faire des \u00e9tudes de cas avec dix chercheurs et six doctorants pour visiter beaucoup de terrains au S\u00e9n\u00e9gal, en vue d\u2019\u00e9clairer le d\u00e9bat sur le foncier, en vue d\u2019\u00e9clairer les d\u00e9cisions publiques, en vue de contribuer \u00e0 la r\u00e9forme fonci\u00e8re&nbsp;\u00bb, a-t-il expliqu\u00e9 tout en pr\u00e9conisant aussi l\u2019utilisation d\u2019une d\u00e9marche participative.<\/p>\n\n\n\n<p>C\u2019est ainsi qu\u2019ils ont&nbsp;tenu \u00e0 impliquer les partenaires du foncier \u00e0 savoir&nbsp;le CRAFS,&nbsp;la DGPI,&nbsp;la DGID,&nbsp;les projets&nbsp;et&nbsp;programmes&nbsp;tels que le PROCASEF,&nbsp;le&nbsp;SEEN&nbsp;SUUF, l\u2019UAL l\u2019\u00c9tat&nbsp;entre autres.&nbsp;\u00ab&nbsp;Tous les acteurs li\u00e9s au foncier ont \u00e9t\u00e9 invit\u00e9s, ici \u00e0 l\u2019UGB, pour co-construire une probl\u00e9matique de recherche et d\u00e9rouler cela sur trois ans&nbsp;\u00bb, a rappel\u00e9 M. Ndiaye avant de faire part de leur d\u00e9sir d\u2019organiser des&nbsp;ateliers de savoir-partager, autour de IPAR pour pouvoir v\u00e9ritablement co-construire des consensus forts \u00e0 partir d\u2019\u00e9vidence scientifique.&nbsp;\u00ab&nbsp;Autrement dit, le d\u00e9bat sur le foncier existe, mais ce qui est important, c\u2019est de cr\u00e9er des espaces de dialogue. Vous avez vu ici la commune de Gandon, qui va \u00eatre impact\u00e9e par exemple par les enjeux de relocalisation, avec l\u2019ADEME notamment, autour du projet SERRP.&nbsp;Tout cela, nous allons les interroger, mais en relation avec les acteurs territoriaux&nbsp;\u00bb, a-t-il indiqu\u00e9.<\/p>\n\n\n\n<p>Ce projet de recherche, a-t-il ajout\u00e9,&nbsp;s\u2019inscrit dans le cadre du service \u00e0 la communaut\u00e9, o\u00f9 l\u2019universit\u00e9 participe \u00e0 \u00e9clairer les enjeux, participe \u00e0 cr\u00e9er des espaces de dialogue entre les acteurs institutionnels, les acteurs techniques, les acteurs priv\u00e9s, les acteurs universitaires.&nbsp;\u00ab&nbsp;En tout, ce sont&nbsp;six doctorants qui vont faire leur doctorat autour de ce projet, avec dix enseignants-chercheurs qui vont les accompagner avec les communaut\u00e9s, pour proposer \u00e0 l\u2019\u00c9tat des recommandations, des notes de position, avant d\u2019\u00e9clairer le d\u00e9bat sur le foncier&nbsp;\u00bb, a-t-il conclu.<\/p>\n\n\n\n<p>YVES TENDENG<\/p>\n","protected":false},"excerpt":{"rendered":"<p>Le cadre conceptuel et m\u00e9thodologique de ce projet lanc\u00e9 et partag\u00e9 par les chercheurs et les acteurs \u00e0 l\u2019UGB &#8211;<\/p>\n","protected":false},"author":1,"featured_media":3931,"comment_status":"open","ping_status":"open","sticky":false,"template":"","format":"standard","meta":{"footnotes":""},"categories":[21],"tags":[],"class_list":["post-58307","post","type-post","status-publish","format-standard","has-post-thumbnail","hentry","category-societe"],"_links":{"self":[{"href":"https:\/\/dekkbi.com\/index.php?rest_route=\/wp\/v2\/posts\/58307","targetHints":{"allow":["GET"]}}],"collection":[{"href":"https:\/\/dekkbi.com\/index.php?rest_route=\/wp\/v2\/posts"}],"about":[{"href":"https:\/\/dekkbi.com\/index.php?rest_route=\/wp\/v2\/types\/post"}],"author":[{"embeddable":true,"href":"https:\/\/dekkbi.com\/index.php?rest_route=\/wp\/v2\/users\/1"}],"replies":[{"embeddable":true,"href":"https:\/\/dekkbi.com\/index.php?rest_route=%2Fwp%2Fv2%2Fcomments&post=58307"}],"version-history":[{"count":2,"href":"https:\/\/dekkbi.com\/index.php?rest_route=\/wp\/v2\/posts\/58307\/revisions"}],"predecessor-version":[{"id":58309,"href":"https:\/\/dekkbi.com\/index.php?rest_route=\/wp\/v2\/posts\/58307\/revisions\/58309"}],"wp:featuredmedia":[{"embeddable":true,"href":"https:\/\/dekkbi.com\/index.php?rest_route=\/wp\/v2\/media\/3931"}],"wp:attachment":[{"href":"https:\/\/dekkbi.com\/index.php?rest_route=%2Fwp%2Fv2%2Fmedia&parent=58307"}],"wp:term":[{"taxonomy":"category","embeddable":true,"href":"https:\/\/dekkbi.com\/index.php?rest_route=%2Fwp%2Fv2%2Fcategories&post=58307"},{"taxonomy":"post_tag","embeddable":true,"href":"https:\/\/dekkbi.com\/index.php?rest_route=%2Fwp%2Fv2%2Ftags&post=58307"}],"curies":[{"name":"wp","href":"https:\/\/api.w.org\/{rel}","templated":true}]}}