{"id":58245,"date":"2025-06-16T13:54:46","date_gmt":"2025-06-16T13:54:46","guid":{"rendered":"https:\/\/dekkbi.com\/?p=58245"},"modified":"2025-06-16T13:54:47","modified_gmt":"2025-06-16T13:54:47","slug":"france-les-tensions-geopolitiques-au-moyen-orient-perturbent-le-salon-de-laeronautique-du-bourget","status":"publish","type":"post","link":"https:\/\/dekkbi.com\/?p=58245","title":{"rendered":"France: les tensions g\u00e9opolitiques au Moyen-Orient perturbent le salon de l&rsquo;a\u00e9ronautique du Bourget"},"content":{"rendered":"\n<p>Le salon du Bourget, qui a lieu tous les deux ans pr\u00e8s de Paris, a ouvert ses portes lundi 16 juin. \u00c0 quelques jours du crash d\u2019un Boeing d\u2019Air India, et quelques jours aussi de l\u2019attaque isra\u00e9lienne de grande ampleur contre l\u2019Iran, les sujets de discussion ne manquent pas. Au centre de l\u2019attention, les stands des entreprises isra\u00e9liennes d\u2019armement et de d\u00e9fense&nbsp;: sur fond d\u2019accusations de plus en plus nombreuses de g\u00e9nocide et de crimes de guerre \u00e0 Gaza, ces stands ont \u00e9t\u00e9 mur\u00e9s dans la soir\u00e9e par les organisateurs du salon.<\/p>\n\n\n\n<p>Par :Justine Fontaine<\/p>\n\n\n\n<p>De hautes palissades noires cl\u00f4turent les stands d\u2019Aerospace Industries (IAI), Rafael Uvision, Elbit et Aeronautics, parmi les plus grandes entreprises isra\u00e9liennes du secteur. Ce lundi matin, une salari\u00e9e d\u2019un des stands a \u00e9crit sur un panneau qui cl\u00f4ture le stand de Rafael, pour d\u00e9noncer ce qu\u2019elle appelle une discrimination.<\/p>\n\n\n\n<p>Schlomo Toaff a pris la parole au nom de l\u2019entreprise, qui fabrique notamment des missiles&nbsp;: \u00ab&nbsp;<em>Un de nos employ\u00e9s a appel\u00e9 les organisateurs du salon et on lui a dit que cela r\u00e9pondait \u00e0 une demande du gouvernement fran\u00e7ais. C\u2019est \u00e9trange, car la semaine derni\u00e8re un tribunal fran\u00e7ais qui avait \u00e9t\u00e9 saisi pour que nous ne puissions pas exposer a d\u00e9cid\u00e9 que nous pouvions participer au salon. Malgr\u00e9 cette d\u00e9cision, le gouvernement ne nous laisse pas montrer notre stand, et c\u2019est scandaleux<\/em>&nbsp;<em>!<\/em>&nbsp;\u00bb<\/p>\n\n\n\n<p>Il promet que l\u2019entreprise va pr\u00e9senter un recours en justice. Pour sa part, le gouvernement fran\u00e7ais a assur\u00e9 aupr\u00e8s de l\u2019Agence France-Presse que la d\u00e9cision a \u00e9t\u00e9 prise, car des armes offensives, susceptibles d\u2019\u00eatre utilis\u00e9es \u00e0 Gaza, allaient \u00eatre pr\u00e9sent\u00e9es. Ce qui, d\u2019apr\u00e8s le gouvernement, sortait du cadre fix\u00e9 entre les autorit\u00e9s fran\u00e7aises et isra\u00e9liennes. En faisant le tour des stands, on aper\u00e7oit encore sur l\u2019un d\u2019entre eux un petit logo o\u00f9 il est \u00e9crit \u00ab&nbsp;combat proven&nbsp;\u00bb, (\u00ab&nbsp;test\u00e9 au combat&nbsp;\u00bb, en anglais). L\u2019expression utilis\u00e9e pour parler des armes utilis\u00e9es par l\u2019arm\u00e9e isra\u00e9lienne \u00e0 Gaza, en Cisjordanie ou encore au Liban.<\/p>\n\n\n\n<h2 class=\"wp-block-heading\">Amnesty International d\u00e9nonce un \u00ab&nbsp;<em>g\u00e9nocide<\/em>&nbsp;\u00bb<\/h2>\n\n\n\n<p>Le Premier ministre fran\u00e7ais est venu inaugurer le salon.&nbsp;La situation \u00e0 Gaza \u00ab&nbsp;<em>moralement inacceptable&nbsp;<\/em>\u00bb impose de marquer \u00ab r\u00e9probation \u00bb et \u00ab distance \u00bb, a-t-il d\u00e9clar\u00e9 pour expliquer la fermeture de stands isra\u00e9liens. \u00ab<em>&nbsp;La France consid\u00e8re qu&rsquo;il y a l\u00e0 une situation terrible pour les Gazaouis, une situation humainement et du point de vue humanitaire, du point de vue s\u00e9curitaire, extr\u00eamement lourde. La France a tenu \u00e0 manifester que les armements offensifs ne devaient pas \u00eatre pr\u00e9sents dans ce salon&nbsp;<\/em>\u00bb, a d\u00e9clar\u00e9 \u00e0 la presse le Premier ministre.<\/p>\n\n\n\n<p>Les Isra\u00e9liens ne sont pas pour autant interdits de participer au salon. Leur stand est cl\u00f4tur\u00e9. Ils ne peuvent pas pr\u00e9senter directement leurs armes et leurs syst\u00e8mes de d\u00e9fense, mais ils peuvent circuler dans le salon et rencontrer des clients potentiels, contrairement \u00e0 la\u00a0<strong>Russie<\/strong>\u00a0par exemple.<\/p>\n\n\n\n<p>En tout cas, avant de savoir que les stands allaient \u00eatre cl\u00f4tur\u00e9s, Amnesty International France a d\u00e9cid\u00e9 un \u00ab\u00a0salon du g\u00e9nocide\u00a0\u00bb avec un site parodique de celui du salon du Bourget, pour d\u00e9noncer les ventes d\u2019armes \u00e0\u00a0<strong>Isra\u00ebl<\/strong>. \u00ab\u00a0<em>Les tats qui continuent de transf\u00e9rer des armes au pays violent leur obligation d\u2019emp\u00eacher le crime de g\u00e9nocide<\/em>\u00a0\u00bb, assure l\u2019association dans un communiqu\u00e9.<\/p>\n\n\n\n<h2 class=\"wp-block-heading\">Pr\u00e9sence r\u00e9duite de Boeing<\/h2>\n\n\n\n<p>Apr\u00e8s\u00a0<strong>le crash du 787 d\u2019Air India<\/strong>\u00a0qui a fait pr\u00e8s de 280 morts la semaine derni\u00e8re, le patron de l\u2019avionneur am\u00e9ricain a annul\u00e9 sa venue sur le salon. Ce nouvel accident relance les pr\u00e9occupations autour de la s\u00e9curit\u00e9 des avions Boeing, m\u00eame s\u2019il est encore trop t\u00f4t pour connaitre les causes pr\u00e9cises du crash.<\/p>\n\n\n\n<p>Pendant ce temps-l\u00e0, Airbus, son concurrent europ\u00e9en, a profit\u00e9 de l\u2019ouverture ce lundi pour d\u00e9voiler une nouvelle commande\u00a0: 40 avions pour un loueur saoudien. M\u00eame si le constructeur &#8211; \u00e0 l\u2019image du reste du secteur &#8211; peine toujours \u00e0 tenir les d\u00e9lais de livraisons, qui se comptent en ann\u00e9es.\u00a0D\u2019autant plus, avec l\u2019incertitude li\u00e9e \u00e0 la guerre commerciale lanc\u00e9e par\u00a0<strong>Donald Trump<\/strong>. \u00c7a n\u2019a pas d\u2019impact tangible pour l\u2019instant dans l\u2019a\u00e9rien, mais cela cr\u00e9e de l\u2019incertitude.<\/p>\n\n\n\n<p>Par ailleurs, on attend cette semaine de possibles annonces dans le secteur spatial, \u00e0 l\u2019heure o\u00f9 l\u2019Europe veut r\u00e9duire sa d\u00e9pendance aux\u00a0<strong>\u00c9tats-Unis<\/strong>, \u00e0 la fois c\u00f4t\u00e9 militaire et c\u00f4t\u00e9 civil. Peut-\u00eatre vendredi, jour de la venue du pr\u00e9sident fran\u00e7ais\u00a0<strong>Emmanuel Macron<\/strong>\u00a0sur le salon.<\/p>\n","protected":false},"excerpt":{"rendered":"<p>Le salon du Bourget, qui a lieu tous les deux ans pr\u00e8s de Paris, a ouvert ses portes lundi 16<\/p>\n","protected":false},"author":1,"featured_media":58246,"comment_status":"open","ping_status":"open","sticky":false,"template":"","format":"standard","meta":{"footnotes":""},"categories":[51],"tags":[],"class_list":["post-58245","post","type-post","status-publish","format-standard","has-post-thumbnail","hentry","category-general"],"_links":{"self":[{"href":"https:\/\/dekkbi.com\/index.php?rest_route=\/wp\/v2\/posts\/58245","targetHints":{"allow":["GET"]}}],"collection":[{"href":"https:\/\/dekkbi.com\/index.php?rest_route=\/wp\/v2\/posts"}],"about":[{"href":"https:\/\/dekkbi.com\/index.php?rest_route=\/wp\/v2\/types\/post"}],"author":[{"embeddable":true,"href":"https:\/\/dekkbi.com\/index.php?rest_route=\/wp\/v2\/users\/1"}],"replies":[{"embeddable":true,"href":"https:\/\/dekkbi.com\/index.php?rest_route=%2Fwp%2Fv2%2Fcomments&post=58245"}],"version-history":[{"count":1,"href":"https:\/\/dekkbi.com\/index.php?rest_route=\/wp\/v2\/posts\/58245\/revisions"}],"predecessor-version":[{"id":58247,"href":"https:\/\/dekkbi.com\/index.php?rest_route=\/wp\/v2\/posts\/58245\/revisions\/58247"}],"wp:featuredmedia":[{"embeddable":true,"href":"https:\/\/dekkbi.com\/index.php?rest_route=\/wp\/v2\/media\/58246"}],"wp:attachment":[{"href":"https:\/\/dekkbi.com\/index.php?rest_route=%2Fwp%2Fv2%2Fmedia&parent=58245"}],"wp:term":[{"taxonomy":"category","embeddable":true,"href":"https:\/\/dekkbi.com\/index.php?rest_route=%2Fwp%2Fv2%2Fcategories&post=58245"},{"taxonomy":"post_tag","embeddable":true,"href":"https:\/\/dekkbi.com\/index.php?rest_route=%2Fwp%2Fv2%2Ftags&post=58245"}],"curies":[{"name":"wp","href":"https:\/\/api.w.org\/{rel}","templated":true}]}}