{"id":58235,"date":"2025-06-16T12:28:27","date_gmt":"2025-06-16T12:28:27","guid":{"rendered":"https:\/\/dekkbi.com\/?p=58235"},"modified":"2025-06-16T12:28:27","modified_gmt":"2025-06-16T12:28:27","slug":"cooperation-bilaterale-le-congo-et-le-senegal-pour-un-partenariat-strategique-renforce","status":"publish","type":"post","link":"https:\/\/dekkbi.com\/?p=58235","title":{"rendered":"Coop\u00e9ration bilat\u00e9rale: le Congo et le S\u00e9n\u00e9gal pour un partenariat strat\u00e9gique renforc\u00e9"},"content":{"rendered":"\n<p><strong>Dans le cadre d\u2019une visite officielle de haut niveau, les Premiers ministres de la R\u00e9publique du Congo et du S\u00e9n\u00e9gal ont exprim\u00e9, avec solennit\u00e9 et d\u00e9termination, leur volont\u00e9 commune de consolider les relations historiques et fraternelles qui lient leurs deux pays. Cette rencontre a \u00e9t\u00e9 l\u2019occasion de r\u00e9affirmer l\u2019engagement des deux gouvernements \u00e0 revitaliser les accords bilat\u00e9raux en vigueur, tout en explorant de nouvelles pistes de coop\u00e9ration dans des domaines jug\u00e9s prioritaires, notamment la culture, l\u2019\u00e9conomie et la protection des ressortissants.<\/strong><\/p>\n\n\n\n<p>\u00c0 l\u2019issue de discussions marqu\u00e9es par une r\u00e9elle convergence de vues, le Premier ministre congolais, M. Anatole Collinet Makosso, a fait \u00e9tat d\u2019\u00e9changes approfondis avec son homologue s\u00e9n\u00e9galais, M. Ousmane Sonko. Ces entretiens ont port\u00e9 sur les modalit\u00e9s de renforcement du partenariat bilat\u00e9ral, \u00e0 travers la r\u00e9activation des instruments de coop\u00e9ration existants.<\/p>\n\n\n\n<p><em>\u00abNous avons \u0153uvr\u00e9 de concert avec le Premier ministre Ousmane Sonko pour identifier les leviers les plus efficaces permettant de raffermir nos relations, notamment par la relance des accords de coop\u00e9ration qui unissent nos deux pays depuis plusieurs d\u00e9cennies\u00bb,<\/em>&nbsp;a-t-il d\u00e9clar\u00e9.<\/p>\n\n\n\n<p><strong>REVISION DES ACCORDS ET OUVERTURE DE NOUVEAUX CHAMPS DE COOPERATION<\/strong><\/p>\n\n\n\n<p>Le chef du gouvernement congolais a soulign\u00e9 que cette dynamique de relance constitue une \u00e9tape essentielle pour impulser un nouveau souffle \u00e0 la coop\u00e9ration bilat\u00e9rale. Il a insist\u00e9 sur la n\u00e9cessit\u00e9 d\u2019un r\u00e9examen rigoureux des textes existants, en vue de les adapter aux r\u00e9alit\u00e9s actuelles et aux aspirations des deux peuples. Il a \u00e9galement \u00e9voqu\u00e9 l\u2019\u00e9largissement du cadre de coop\u00e9ration \u00e0 des domaines d\u2019int\u00e9r\u00eat strat\u00e9gique, tels que les \u00e9changes culturels, la mobilit\u00e9 universitaire, ainsi que la protection et les droits des ressortissants congolais et s\u00e9n\u00e9galais \u00e9tablis dans l\u2019un ou l\u2019autre pays.<\/p>\n\n\n\n<p><strong>UNE ORIENTATION RESOLUMENT ECONOMIQUE<\/strong><\/p>\n\n\n\n<p>Le Premier ministre congolais a tenu \u00e0 rappeler que la relance des relations bilat\u00e9rales ne saurait se limiter aux aspects culturels et institutionnels. Il a plaid\u00e9 pour une orientation r\u00e9solue de la coop\u00e9ration vers les secteurs \u00e9conomiques porteurs. L\u2019agriculture, l\u2019\u00e9nergie, l\u2019industrie et les infrastructures ont ainsi \u00e9t\u00e9 identifi\u00e9s comme des domaines strat\u00e9giques capables de g\u00e9n\u00e9rer une croissance partag\u00e9e et durable.<\/p>\n\n\n\n<p>Selon les deux parties, cette rencontre marque l\u2019ouverture d\u2019un nouveau chapitre dans les relations entre Brazzaville et Dakar \u2013 un chapitre fond\u00e9 sur les principes de r\u00e9ciprocit\u00e9, de solidarit\u00e9 panafricaine et d\u2019une vision commune du d\u00e9veloppement.<\/p>\n\n\n\n<p><strong>UN PLAIDOYER POUR L\u2019INTENSIFICATION DES ECHANGES COMMERCIAUX<\/strong><\/p>\n\n\n\n<p>Dans un entretien accord\u00e9 \u00e0 l\u2019Agence de presse s\u00e9n\u00e9galaise, M. Anatole Collinet Makosso a soulign\u00e9 l\u2019urgence de cr\u00e9er les conditions propices \u00e0 un d\u00e9veloppement significatif des \u00e9changes commerciaux entre les deux pays.&nbsp;<em>\u00abIl nous appartient de mettre en place un environnement favorable \u00e0 la croissance des \u00e9changes. Les Chambres de commerce et les Chambres consulaires doivent jouer, \u00e0 cet \u00e9gard, un r\u00f4le moteur\u00bb,<\/em>&nbsp;a-t-il affirm\u00e9.<\/p>\n\n\n\n<p>Regrettant la faiblesse actuelle des relations commerciales, le Premier ministre a jug\u00e9&nbsp;<em>\u00abpr\u00e9occupant\u00bb<\/em>&nbsp;que le volume des \u00e9changes entre les deux \u00c9tats reste inf\u00e9rieur \u00e0 1%, alors m\u00eame que la communaut\u00e9 s\u00e9n\u00e9galaise repr\u00e9sente pr\u00e8s de 29% des ressortissants \u00e9trangers r\u00e9sidant au Congo. Il a, en ce sens, appel\u00e9 les op\u00e9rateurs \u00e9conomiques \u00e0 un engagement accru pour inverser cette tendance et stimuler une coop\u00e9ration commerciale plus dynamique.<\/p>\n\n\n\n<p><strong>POUR UNE INTEGRATION ECONOMIQUE AFRICAINE AMBITIEUSE<\/strong><\/p>\n\n\n\n<p>Enfin, le chef du gouvernement congolais a \u00e9largi son propos \u00e0 l\u2019\u00e9chelle continentale, en d\u00e9plorant le faible niveau des \u00e9changes intra-africains, qui ne repr\u00e9senteraient qu\u2019environ 16% du commerce global du continent. Il a ainsi plaid\u00e9 en faveur d\u2019une int\u00e9gration \u00e9conomique africaine plus ambitieuse, estimant que la d\u00e9pendance persistante vis-\u00e0-vis des march\u00e9s ext\u00e9rieurs constitue un frein au d\u00e9veloppement durable de l\u2019Afrique.<\/p>\n\n\n\n<p><em>\u00abIl nous faut imp\u00e9rativement renforcer les \u00e9changes intra-africains afin de r\u00e9duire notre d\u00e9pendance ext\u00e9rieure. L\u2019entr\u00e9e prochaine en vigueur de la Zone de libre-\u00e9change continentale africaine (ZLECAF) repr\u00e9sente, \u00e0 cet \u00e9gard, une opportunit\u00e9 historique que nous devons saisir collectivement\u00bb,<\/em>&nbsp;a-t-il conclu.<\/p>\n\n\n\n<p><strong>JEAN PIERRE MALOU<\/strong><\/p>\n","protected":false},"excerpt":{"rendered":"<p>Dans le cadre d\u2019une visite officielle de haut niveau, les Premiers ministres de la R\u00e9publique du Congo et du S\u00e9n\u00e9gal<\/p>\n","protected":false},"author":1,"featured_media":58236,"comment_status":"open","ping_status":"open","sticky":false,"template":"","format":"standard","meta":{"footnotes":""},"categories":[6],"tags":[],"class_list":["post-58235","post","type-post","status-publish","format-standard","has-post-thumbnail","hentry","category-politics"],"_links":{"self":[{"href":"https:\/\/dekkbi.com\/index.php?rest_route=\/wp\/v2\/posts\/58235","targetHints":{"allow":["GET"]}}],"collection":[{"href":"https:\/\/dekkbi.com\/index.php?rest_route=\/wp\/v2\/posts"}],"about":[{"href":"https:\/\/dekkbi.com\/index.php?rest_route=\/wp\/v2\/types\/post"}],"author":[{"embeddable":true,"href":"https:\/\/dekkbi.com\/index.php?rest_route=\/wp\/v2\/users\/1"}],"replies":[{"embeddable":true,"href":"https:\/\/dekkbi.com\/index.php?rest_route=%2Fwp%2Fv2%2Fcomments&post=58235"}],"version-history":[{"count":1,"href":"https:\/\/dekkbi.com\/index.php?rest_route=\/wp\/v2\/posts\/58235\/revisions"}],"predecessor-version":[{"id":58237,"href":"https:\/\/dekkbi.com\/index.php?rest_route=\/wp\/v2\/posts\/58235\/revisions\/58237"}],"wp:featuredmedia":[{"embeddable":true,"href":"https:\/\/dekkbi.com\/index.php?rest_route=\/wp\/v2\/media\/58236"}],"wp:attachment":[{"href":"https:\/\/dekkbi.com\/index.php?rest_route=%2Fwp%2Fv2%2Fmedia&parent=58235"}],"wp:term":[{"taxonomy":"category","embeddable":true,"href":"https:\/\/dekkbi.com\/index.php?rest_route=%2Fwp%2Fv2%2Fcategories&post=58235"},{"taxonomy":"post_tag","embeddable":true,"href":"https:\/\/dekkbi.com\/index.php?rest_route=%2Fwp%2Fv2%2Ftags&post=58235"}],"curies":[{"name":"wp","href":"https:\/\/api.w.org\/{rel}","templated":true}]}}