{"id":58195,"date":"2025-06-16T09:38:49","date_gmt":"2025-06-16T09:38:49","guid":{"rendered":"https:\/\/dekkbi.com\/?p=58195"},"modified":"2025-06-16T09:38:52","modified_gmt":"2025-06-16T09:38:52","slug":"cote-divoire-maree-humaine-a-abidjan-pour-defendre-la-candidature-de-thiam","status":"publish","type":"post","link":"https:\/\/dekkbi.com\/?p=58195","title":{"rendered":"C\u00f4te d&rsquo;Ivoire : mar\u00e9e humaine \u00e0 Abidjan pour d\u00e9fendre la candidature de Thiam"},"content":{"rendered":"\n<p><strong>Abidjan, samedi 14 juin. Malgr\u00e9 une pluie battante, des milliers de personnes se sont r\u00e9unies aux abords du si\u00e8ge de la Commission \u00e9lectorale ind\u00e9pendante (CEI) pour soutenir Tidjane Thiam, figure de l\u2019opposition \u00e9cart\u00e9e de la pr\u00e9sidentielle pr\u00e9vue en octobre.<\/strong><\/p>\n\n\n\n<p>V\u00eatus de vert et de blanc les couleurs du Parti d\u00e9mocratique de C\u00f4te d\u2019Ivoire (PDCI) les manifestants ont d\u00e9fil\u00e9 dans le calme, scandant :\u00a0<em>\u00ab Justice corrompue ! \u00bb<\/em>\u00a0et\u00a0<em>\u00ab Thithi pr\u00e9sident ! \u00bb<\/em><\/p>\n\n\n\n<h3 class=\"wp-block-heading\"><strong>Thiam exclu pour double nationalit\u00e9<\/strong><\/h3>\n\n\n\n<p>Le 4 juin, la CEI a retir\u00e9 M. Thiam de la liste d\u00e9finitive des candidats, invoquant sa double nationalit\u00e9 ivoirienne et fran\u00e7aise. L\u2019ancien directeur g\u00e9n\u00e9ral du Cr\u00e9dit Suisse, n\u00e9 en C\u00f4te d\u2019Ivoire, avait obtenu la nationalit\u00e9 fran\u00e7aise en 1987. Il y a officiellement renonc\u00e9 en mars, mais cela n\u2019a pas suffi \u00e0 convaincre les autorit\u00e9s.<\/p>\n\n\n\n<p><em>\u00ab Au-del\u00e0 de mon cas personnel, il s&rsquo;agit d\u2019un mouvement pour d\u00e9fendre la d\u00e9mocratie dans notre pays \u00bb<\/em>, a r\u00e9agi Tidjane Thiam dans une vid\u00e9o publi\u00e9e sur Facebook.&nbsp;<em>\u00ab Je serai bient\u00f4t \u00e0 Abidjan pour poursuivre ce combat avec vous. \u00bb<\/em><\/p>\n\n\n\n<h3 class=\"wp-block-heading\"><strong>Le PDCI r\u00e9clame la r\u00e9int\u00e9gration des exclus<\/strong><\/h3>\n\n\n\n<p>Une d\u00e9l\u00e9gation du PDCI a \u00e9t\u00e9 re\u00e7ue dans les locaux de la CEI afin de remettre une lettre demandant la r\u00e9int\u00e9gration des candidats disqualifi\u00e9s.<\/p>\n\n\n\n<p><em>\u00ab Nous d\u00e9non\u00e7ons fermement le retrait arbitraire et injuste du pr\u00e9sident Thiam et d&rsquo;autres leaders de l\u2019opposition \u00bb<\/em>, a d\u00e9clar\u00e9 Sylvestre Emmou, secr\u00e9taire ex\u00e9cutif du PDCI, \u00e0 la sortie de l&rsquo;entretien.<\/p>\n\n\n\n<h3 class=\"wp-block-heading\"><strong>Un climat politique de plus en plus tendu<\/strong><\/h3>\n\n\n\n<p>L\u2019exclusion de plusieurs figures de l\u2019opposition intervient \u00e0 un moment d\u00e9licat. Le parti au pouvoir, le RHDP, doit tenir son congr\u00e8s d\u2019ici la fin du mois, au cours duquel le pr\u00e9sident Alassane Ouattara est attendu pour annoncer sa candidature \u00e0 un quatri\u00e8me mandat.<\/p>\n\n\n\n<p>Au pouvoir depuis 2011, M. Ouattara affirme que la r\u00e9forme constitutionnelle de 2016 lui permet de briguer un nouveau mandat, malgr\u00e9 la limite de deux fix\u00e9e par la Constitution.<\/p>\n\n\n\n<h3 class=\"wp-block-heading\"><strong>Les fant\u00f4mes de 2010<\/strong><\/h3>\n\n\n\n<p>Ce contexte tendu ravive les souvenirs douloureux de la crise post-\u00e9lectorale de 2010-2011, qui avait fait plus de 3 000 morts apr\u00e8s une \u00e9lection contest\u00e9e. En 2020, l\u2019opposition avait d\u00e9j\u00e0 boycott\u00e9 la r\u00e9\u00e9lection de M. Ouattara, jug\u00e9e ill\u00e9gitime.<\/p>\n\n\n\n<p>Alors que la pr\u00e9sidentielle du 25 octobre approche, les observateurs s\u2019inqui\u00e8tent d\u2019un possible retour des violences si le processus \u00e9lectoral continue d\u2019exclure une partie de l\u2019opposition.<\/p>\n\n\n\n<p>SOURCE MSN.COM<\/p>\n","protected":false},"excerpt":{"rendered":"<p>Abidjan, samedi 14 juin. Malgr\u00e9 une pluie battante, des milliers de personnes se sont r\u00e9unies aux abords du si\u00e8ge de<\/p>\n","protected":false},"author":1,"featured_media":58196,"comment_status":"open","ping_status":"open","sticky":false,"template":"","format":"standard","meta":{"footnotes":""},"categories":[51],"tags":[],"class_list":["post-58195","post","type-post","status-publish","format-standard","has-post-thumbnail","hentry","category-general"],"_links":{"self":[{"href":"https:\/\/dekkbi.com\/index.php?rest_route=\/wp\/v2\/posts\/58195","targetHints":{"allow":["GET"]}}],"collection":[{"href":"https:\/\/dekkbi.com\/index.php?rest_route=\/wp\/v2\/posts"}],"about":[{"href":"https:\/\/dekkbi.com\/index.php?rest_route=\/wp\/v2\/types\/post"}],"author":[{"embeddable":true,"href":"https:\/\/dekkbi.com\/index.php?rest_route=\/wp\/v2\/users\/1"}],"replies":[{"embeddable":true,"href":"https:\/\/dekkbi.com\/index.php?rest_route=%2Fwp%2Fv2%2Fcomments&post=58195"}],"version-history":[{"count":1,"href":"https:\/\/dekkbi.com\/index.php?rest_route=\/wp\/v2\/posts\/58195\/revisions"}],"predecessor-version":[{"id":58197,"href":"https:\/\/dekkbi.com\/index.php?rest_route=\/wp\/v2\/posts\/58195\/revisions\/58197"}],"wp:featuredmedia":[{"embeddable":true,"href":"https:\/\/dekkbi.com\/index.php?rest_route=\/wp\/v2\/media\/58196"}],"wp:attachment":[{"href":"https:\/\/dekkbi.com\/index.php?rest_route=%2Fwp%2Fv2%2Fmedia&parent=58195"}],"wp:term":[{"taxonomy":"category","embeddable":true,"href":"https:\/\/dekkbi.com\/index.php?rest_route=%2Fwp%2Fv2%2Fcategories&post=58195"},{"taxonomy":"post_tag","embeddable":true,"href":"https:\/\/dekkbi.com\/index.php?rest_route=%2Fwp%2Fv2%2Ftags&post=58195"}],"curies":[{"name":"wp","href":"https:\/\/api.w.org\/{rel}","templated":true}]}}