{"id":58181,"date":"2025-06-16T09:13:53","date_gmt":"2025-06-16T09:13:53","guid":{"rendered":"https:\/\/dekkbi.com\/?p=58181"},"modified":"2025-06-16T09:13:54","modified_gmt":"2025-06-16T09:13:54","slug":"oncav-casamance-hote-des-phases-nationales-du-16-au-31-aout","status":"publish","type":"post","link":"https:\/\/dekkbi.com\/?p=58181","title":{"rendered":"ONCAV: Casamance, h\u00f4te des phases nationales du 16 au 31 ao\u00fbt"},"content":{"rendered":"\n<p>Ziguinchor,  (APS) \u2013\u00a0La Casamance va abriter\u00a0du 16 au 31 ao\u00fbt l\u2019\u00e9dition 2025 des phases nationales sportives et culturelles de l\u2019Organisme national de coordination des activit\u00e9s de vacances, a appris l\u2019APS du pr\u00e9sident de l\u2019ONCAV, Amadou Kane.<\/p>\n\n\n\n<p>Les phases nationales 2025 seront organis\u00e9es simultan\u00e9ment dans les trois r\u00e9gions de la Casamance (Ziguinchor, Kolda, s\u00e9dhiou), a-t-il indiqu\u00e9, ajoutant que le th\u00e8me de cette ann\u00e9e porte paix et d\u00e9veloppement\u201d.<\/p>\n\n\n\n<p>S\u2019exprimant lors d\u2019une rencontre avec des acteurs locaux du football, il a fait savoir que le civisme et la citoyennet\u00e9 seront au c\u0153ur de cette \u00e9dition dont le Premier Ousmane Sonko a \u00e9t\u00e9 d\u00e9sign\u00e9 comme parrain.<\/p>\n\n\n\n<p>\u201cCette ann\u00e9e au lieu de faire seulement des productions th\u00e9\u00e2trales, nous avons voulu revisiter la culture dans toutes ses facettes. Une \u00e9quipe va pr\u00e9senter une pi\u00e8ce th\u00e9\u00e2trale ou un po\u00e8te qui va d\u00e9velopper un th\u00e8me relatif \u00e0 la paix et au d\u00e9veloppement\u201d, renseigne le pr\u00e9sident de l\u2019ONCAV.<\/p>\n\n\n\n<p>Il a \u00e9voqu\u00e9 la mise en relief d\u2019autres disciplines sportives autres que le comme football, notamment le basketball, le handball et l\u2019athl\u00e9tisme.<\/p>\n\n\n\n<p>Il s\u2019agira de faire en sorte qu\u2019\u00e0 \u201cl\u2019ann\u00e9e prochaine nos ASC puissent pr\u00e9senter des \u00e9quipes dans ces disciplines\u201d, a-t-il relev\u00e9.<\/p>\n\n\n\n<p>MNF\/SMD<\/p>\n","protected":false},"excerpt":{"rendered":"<p>Ziguinchor, (APS) \u2013\u00a0La Casamance va abriter\u00a0du 16 au 31 ao\u00fbt l\u2019\u00e9dition 2025 des phases nationales sportives et culturelles de l\u2019Organisme<\/p>\n","protected":false},"author":1,"featured_media":58182,"comment_status":"open","ping_status":"open","sticky":false,"template":"","format":"standard","meta":{"footnotes":""},"categories":[21],"tags":[],"class_list":["post-58181","post","type-post","status-publish","format-standard","has-post-thumbnail","hentry","category-societe"],"_links":{"self":[{"href":"https:\/\/dekkbi.com\/index.php?rest_route=\/wp\/v2\/posts\/58181","targetHints":{"allow":["GET"]}}],"collection":[{"href":"https:\/\/dekkbi.com\/index.php?rest_route=\/wp\/v2\/posts"}],"about":[{"href":"https:\/\/dekkbi.com\/index.php?rest_route=\/wp\/v2\/types\/post"}],"author":[{"embeddable":true,"href":"https:\/\/dekkbi.com\/index.php?rest_route=\/wp\/v2\/users\/1"}],"replies":[{"embeddable":true,"href":"https:\/\/dekkbi.com\/index.php?rest_route=%2Fwp%2Fv2%2Fcomments&post=58181"}],"version-history":[{"count":1,"href":"https:\/\/dekkbi.com\/index.php?rest_route=\/wp\/v2\/posts\/58181\/revisions"}],"predecessor-version":[{"id":58183,"href":"https:\/\/dekkbi.com\/index.php?rest_route=\/wp\/v2\/posts\/58181\/revisions\/58183"}],"wp:featuredmedia":[{"embeddable":true,"href":"https:\/\/dekkbi.com\/index.php?rest_route=\/wp\/v2\/media\/58182"}],"wp:attachment":[{"href":"https:\/\/dekkbi.com\/index.php?rest_route=%2Fwp%2Fv2%2Fmedia&parent=58181"}],"wp:term":[{"taxonomy":"category","embeddable":true,"href":"https:\/\/dekkbi.com\/index.php?rest_route=%2Fwp%2Fv2%2Fcategories&post=58181"},{"taxonomy":"post_tag","embeddable":true,"href":"https:\/\/dekkbi.com\/index.php?rest_route=%2Fwp%2Fv2%2Ftags&post=58181"}],"curies":[{"name":"wp","href":"https:\/\/api.w.org\/{rel}","templated":true}]}}