{"id":58178,"date":"2025-06-16T09:08:14","date_gmt":"2025-06-16T09:08:14","guid":{"rendered":"https:\/\/dekkbi.com\/?p=58178"},"modified":"2025-06-16T13:24:00","modified_gmt":"2025-06-16T13:24:00","slug":"anatole-koline-makosso-appelle-a-creer-les-conditions-dun-renforcement-des-echanges-economiques-entre-brazzaville-et-dakar","status":"publish","type":"post","link":"https:\/\/dekkbi.com\/?p=58178","title":{"rendered":"Anatole Kolin\u00e9-Makosso appelle \u00e0 cr\u00e9er les conditions d\u2019un renforcement des \u00e9changes \u00e9conomiques entre Brazzaville et Dakar"},"content":{"rendered":"\n<p>Dakar,  (APS) \u2013 Le Premier ministre de la R\u00e9publique du Congo, Anatole Kolin\u00e9-Makosso, a r\u00e9affirm\u00e9, dimanche \u00e0 Dakar, la n\u00e9cessit\u00e9 de cr\u00e9er les conditions favorisant l\u2019accroissement des \u00e9changes commerciaux de son pays avec le S\u00e9n\u00e9gal.<\/p>\n\n\n\n<p>\u2018\u2019Il nous faut cr\u00e9er les conditions (favorisant) le d\u00e9veloppement des \u00e9changes commerciaux entre nos deux pays. Dans ce cadre, les chambres consulaires, et les chambres de commerce ont un r\u00f4le important \u00e0 jouer\u2019\u2019, a-t-il indiqu\u00e9 lors d\u2019un entretien avec l\u2019Agence de presse s\u00e9n\u00e9galaise.<\/p>\n\n\n\n<p>Jugeant \u2018\u2019tr\u00e8s faible\u2019\u2019 le niveau d\u2019\u00e9changes commerciaux entre la R\u00e9publique du Congo et le S\u00e9n\u00e9gal, Anatole Kolin\u00e9-Makoss a particuli\u00e8rement insist\u00e9 sur l\u2019importance de travailler \u2018\u2019plus efficacement\u2019\u2019 pour davantage&nbsp; int\u00e9resser les chambres consulaires \u00e9tablies dans les deux pays.<\/p>\n\n\n\n<p>\u2018\u2019Les \u00e9changes, c\u2019est d\u2019abord les affaires des chefs d\u2019entreprise et des commer\u00e7ants. On ne peut pas comprendre que le S\u00e9n\u00e9gal, qui a une population qui repr\u00e9sente pratiquement le tiers&nbsp; de la communaut\u00e9 \u00e9trang\u00e8re install\u00e9e au Congo- environ 29 % -puisse avoir avec notre pays des \u00e9changes commerciaux qui ne d\u00e9passent pas 1 %\u2019\u2019, a martel\u00e9 le chef du gouvernement congolais.<\/p>\n\n\n\n<p>Il a notamment&nbsp; d\u00e9plor\u00e9 la faiblesse des \u00e9changes \u00e9conomiques intra-africains qui ne repr\u00e9senteraient que 16 % des relations commerciales sur le continent.<\/p>\n\n\n\n<p>\u2018\u2019Il nous faut d\u00e9velopper davantage d\u2019\u00e9changes au niveau du continent pour \u00e9viter que notre \u00e9conomie soit toujours extravertie et nous contraint \u00e0 \u00eatre encore d\u00e9pendant de l\u2019ext\u00e9rieur\u2019\u2019, a fait valoir le Premier ministre congolais.<\/p>\n\n\n\n<p>Il a estim\u00e9 que le continent africain devrait r\u00e9solument s\u2019engager dans cette voie \u00e0 quelques ann\u00e9es de l\u2019entr\u00e9e en vigueur de la Zone de libre-\u00e9change continentale africaine.<\/p>\n\n\n\n<p>AKS\/SMD<\/p>\n\n\n\n<p><\/p>\n","protected":false},"excerpt":{"rendered":"<p>Dakar, (APS) \u2013 Le Premier ministre de la R\u00e9publique du Congo, Anatole Kolin\u00e9-Makosso, a r\u00e9affirm\u00e9, dimanche \u00e0 Dakar, la n\u00e9cessit\u00e9<\/p>\n","protected":false},"author":1,"featured_media":58179,"comment_status":"open","ping_status":"open","sticky":false,"template":"","format":"standard","meta":{"footnotes":""},"categories":[6],"tags":[],"class_list":["post-58178","post","type-post","status-publish","format-standard","has-post-thumbnail","hentry","category-politics"],"_links":{"self":[{"href":"https:\/\/dekkbi.com\/index.php?rest_route=\/wp\/v2\/posts\/58178","targetHints":{"allow":["GET"]}}],"collection":[{"href":"https:\/\/dekkbi.com\/index.php?rest_route=\/wp\/v2\/posts"}],"about":[{"href":"https:\/\/dekkbi.com\/index.php?rest_route=\/wp\/v2\/types\/post"}],"author":[{"embeddable":true,"href":"https:\/\/dekkbi.com\/index.php?rest_route=\/wp\/v2\/users\/1"}],"replies":[{"embeddable":true,"href":"https:\/\/dekkbi.com\/index.php?rest_route=%2Fwp%2Fv2%2Fcomments&post=58178"}],"version-history":[{"count":1,"href":"https:\/\/dekkbi.com\/index.php?rest_route=\/wp\/v2\/posts\/58178\/revisions"}],"predecessor-version":[{"id":58180,"href":"https:\/\/dekkbi.com\/index.php?rest_route=\/wp\/v2\/posts\/58178\/revisions\/58180"}],"wp:featuredmedia":[{"embeddable":true,"href":"https:\/\/dekkbi.com\/index.php?rest_route=\/wp\/v2\/media\/58179"}],"wp:attachment":[{"href":"https:\/\/dekkbi.com\/index.php?rest_route=%2Fwp%2Fv2%2Fmedia&parent=58178"}],"wp:term":[{"taxonomy":"category","embeddable":true,"href":"https:\/\/dekkbi.com\/index.php?rest_route=%2Fwp%2Fv2%2Fcategories&post=58178"},{"taxonomy":"post_tag","embeddable":true,"href":"https:\/\/dekkbi.com\/index.php?rest_route=%2Fwp%2Fv2%2Ftags&post=58178"}],"curies":[{"name":"wp","href":"https:\/\/api.w.org\/{rel}","templated":true}]}}