{"id":58174,"date":"2025-06-13T15:28:57","date_gmt":"2025-06-13T15:28:57","guid":{"rendered":"https:\/\/dekkbi.com\/?p=58174"},"modified":"2025-06-13T15:28:58","modified_gmt":"2025-06-13T15:28:58","slug":"athletisme-sous-les-yeux-dusain-bolt-julien-alfred-et-karsten-warholm-brillent-a-oslo","status":"publish","type":"post","link":"https:\/\/dekkbi.com\/?p=58174","title":{"rendered":"Athl\u00e9tisme: sous les yeux d&rsquo;Usain Bolt, Julien Alfred et Karsten Warholm brillent \u00e0 Oslo"},"content":{"rendered":"\n<p>Par Valentine GRAVELEAU \u00a9 2025 AFP &#8211; Sous les yeux d&rsquo;Usain Bolt, v\u00e9ritable star de la soir\u00e9e, le Norv\u00e9gien Karsten Warholm a conclu en beaut\u00e9 le meeting d&rsquo;Oslo jeudi en \u00e9tablissant une nouvelle meilleure performance de tous les temps sur 300 m\u00e8tres haies tandis que la championne olympique du 100 m\u00e8tres Julien Alfred s&rsquo;est impos\u00e9e pour sa rentr\u00e9e.<\/p>\n\n\n\n<p>Alors que le silence s&rsquo;installe d&rsquo;habitude dans les stades d&rsquo;athl\u00e9tisme lorsque les athl\u00e8tes se placent dans leurs starting-blocks, un sourd brouhaha est mont\u00e9 des tribunes du stade Bislett d&rsquo;Oslo quand Karsten Warholm s&rsquo;est mis en position de d\u00e9part.<\/p>\n\n\n\n<p>Pour la course du h\u00e9ros local, recordman du monde du 400 m\u00e8tres haies, les 15.000 spectateurs se sont tous lev\u00e9s, faisant claquer leurs si\u00e8ges \u00e0 quelques secondes du d\u00e9part, avant de hurler d\u00e8s les premi\u00e8res foul\u00e9es de leur chouchou.<\/p>\n\n\n\n<p>Karsten Warholm leur a bien rendu. Align\u00e9 jeudi soir sur un 300 m\u00e8tres haies &#8211; distance non olympique au programme cette ann\u00e9e de certaines Ligue de diamant &#8211; Warholm est parti comme une fus\u00e9e et, d\u00e9pass\u00e9 \u00e0 la mi-course, a r\u00e9ussi \u00e0 reprendre les devants pour s&rsquo;imposer en 32 sec 67.<\/p>\n\n\n\n<p>Il am\u00e9liore ainsi sa meilleure performance mondiale de tous les temps r\u00e9alis\u00e9e quelques semaines plus t\u00f4t (33.05) et confirme sa tr\u00e8s bonne forme du d\u00e9but de saison.<\/p>\n\n\n\n<p>Usain Bolt fan de Julien Alfred -La star du 400 m haies, le Norv\u00e9gien Karsten Warholm, apr\u00e8s sa victoire sur le 300 m haies du meeting d&rsquo;Oslo le 12 juin 2025\u00a0NTB\/AFP\u00a0Fredrik VarfjellLa soir\u00e9e a \u00e9galement \u00e9t\u00e9 marqu\u00e9e par la rentr\u00e9e tr\u00e8s solide sur 100 m de la championne olympique Julien Alfred, qui s&rsquo;est impos\u00e9e sur la ligne droite en 10 sec 89, deuxi\u00e8me meilleure performance mondiale de la saison.\u00a0\u00bbC&rsquo;\u00e9tait ma premi\u00e8re course de la saison donc je me sentais un peu rouill\u00e9e mais je repars avec la victoire et c&rsquo;est le principal\u00a0\u00bb, a r\u00e9agi l&rsquo;athl\u00e8te de Sainte-Lucie apr\u00e8s la course.Mais au-del\u00e0 de Warholm et d&rsquo;Alfred, la v\u00e9ritable star de la soir\u00e9e a \u00e9t\u00e9 sans aucun doute le roi jama\u00efcain du sprint Usain Bolt, d\u00e9tenteur depuis 2009 des records du monde du 100 m (9.58) et du 200 m (19.19).Introduit en d\u00e9but de meeting par le pr\u00e9sident de la F\u00e9d\u00e9ration internationale Sebastian Coe, Usain Bolt a \u00e9t\u00e9 ovationn\u00e9 par un public ravi, avant de se pr\u00eater au jeu des selfies et des autographes.Il a ensuite chang\u00e9 de r\u00f4le en devenant lui m\u00eame fan, allant f\u00e9liciter Alfred apr\u00e8s sa victoire et lui demandant de poser avec lui pour une photo, prise avec un appareil jetable.\u00a0\u00bbC&rsquo;est un immense honneur de l&rsquo;avoir rencontr\u00e9\u00a0\u00bb, se r\u00e9jouissait Alfred apr\u00e8s la course, elle qui n&rsquo;avait encore jamais pu discuter avec le sprinteur.- Duplantis \u00e0 6,15 m<\/p>\n\n\n\n<p>Malgr\u00e9 l&rsquo;ambiance \u00e9lectrique et les bonnes conditions, le meeting d&rsquo;Oslo s&rsquo;est termin\u00e9 sans autres performances majeures, quand bien m\u00eame les plateaux des diff\u00e9rentes \u00e9preuves laissaient r\u00eaver \u00e0 une soir\u00e9e de records.<\/p>\n\n\n\n<figure class=\"wp-block-image\"><img decoding=\"async\" src=\"https:\/\/information.tv5monde.com\/sites\/tv5-info\/files\/styles\/entete\/public\/2025-06\/field_media_image-2930877-c8f7950107b9fd5138059ce6e301ff0db9ce68ef.jpg?itok=0i69SC6H\" alt=\"Le recordman du monde su\u00e9dois du saut \u00e0 la perche  Armand Duplantis lors de sa victoire au meeting d'Oslo le 12 juin 2025\" title=\"Le recordman du monde su\u00e9dois du saut \u00e0 la perche  Armand Duplantis lors de sa victoire au meeting d'Oslo le 12 juin 2025\"\/><\/figure>\n\n\n\n<p>Le recordman du monde su\u00e9dois du saut \u00e0 la perche Armand Duplantis lors de sa victoire au meeting d&rsquo;Oslo le 12 juin 2025<\/p>\n\n\n\n<p>NTB\/AFP &#8211; Heiko Junge<\/p>\n\n\n\n<p>Sur 5.000 m\u00e8tres, les Ethiopiens Hagos Gebrhiwet, Yomif Kejelcha et Berihu Aregawi, respectivement 2e, 4e et 7e meilleurs performeurs de l&rsquo;histoire sur la distance, n&rsquo;avaient pas cach\u00e9 leur ambition d&rsquo;aller titiller le record du monde de l&rsquo;Ougandais Joshua Cheptegei (12:35.36 en 2020).<\/p>\n\n\n\n<p>Finalement, ils ont vite laiss\u00e9 filer la \u00ab\u00a0wavelight\u00a0\u00bb indiquant le rythme \u00e0 suivre et les athl\u00e8tes ont fini loin du compte, l&rsquo;Am\u00e9ricain Nico Young l&#8217;emportant en 12 min 45 sec 27.<\/p>\n\n\n\n<p>A la perche, Armand Duplantis savait qu&rsquo;il n&rsquo;avait \u00ab\u00a0pas d&rsquo;excuse\u00a0\u00bb jeudi soir au vu des bonnes conditions du jour mais s&rsquo;est finalement arr\u00eat\u00e9 apr\u00e8s avoir franchi 6,15 m, de quoi remporter largement le concours, mais sans tenter un nouveau record du monde (6,27 m).<\/p>\n\n\n\n<p>\u00ab\u00a0Je suis satisfait, je voulais le record du meeting\u00a0\u00bb, a r\u00e9agi le Su\u00e9dois. \u00ab\u00a0Mais il a commenc\u00e9 \u00e0 faire frais donc j&rsquo;ai pr\u00e9f\u00e9r\u00e9 m&rsquo;arr\u00eater\u00a0\u00bb, a ajout\u00e9 le Su\u00e9dois, qui \u00ab\u00a0r\u00eave\u00a0\u00bb de battre son record du monde devant le public su\u00e9dois dimanche lors du meeting de Stockholm.<\/p>\n\n\n\n<p>C\u00f4t\u00e9 Fran\u00e7ais, le meeting d&rsquo;Oslo a plut\u00f4t souri aux Fran\u00e7ais engag\u00e9s: Gabriel Tual a r\u00e9alis\u00e9 une rentr\u00e9e solide sur 800 m\u00e8tres (1:43.09) tandis que Renaud Lavillenie a pris la 4e place du concours de perche avec 6,72 m.<\/p>\n\n\n\n<p><\/p>\n","protected":false},"excerpt":{"rendered":"<p>Par Valentine GRAVELEAU \u00a9 2025 AFP &#8211; Sous les yeux d&rsquo;Usain Bolt, v\u00e9ritable star de la soir\u00e9e, le Norv\u00e9gien Karsten<\/p>\n","protected":false},"author":1,"featured_media":58175,"comment_status":"open","ping_status":"open","sticky":false,"template":"","format":"standard","meta":{"footnotes":""},"categories":[9],"tags":[],"class_list":["post-58174","post","type-post","status-publish","format-standard","has-post-thumbnail","hentry","category-sports"],"_links":{"self":[{"href":"https:\/\/dekkbi.com\/index.php?rest_route=\/wp\/v2\/posts\/58174","targetHints":{"allow":["GET"]}}],"collection":[{"href":"https:\/\/dekkbi.com\/index.php?rest_route=\/wp\/v2\/posts"}],"about":[{"href":"https:\/\/dekkbi.com\/index.php?rest_route=\/wp\/v2\/types\/post"}],"author":[{"embeddable":true,"href":"https:\/\/dekkbi.com\/index.php?rest_route=\/wp\/v2\/users\/1"}],"replies":[{"embeddable":true,"href":"https:\/\/dekkbi.com\/index.php?rest_route=%2Fwp%2Fv2%2Fcomments&post=58174"}],"version-history":[{"count":1,"href":"https:\/\/dekkbi.com\/index.php?rest_route=\/wp\/v2\/posts\/58174\/revisions"}],"predecessor-version":[{"id":58176,"href":"https:\/\/dekkbi.com\/index.php?rest_route=\/wp\/v2\/posts\/58174\/revisions\/58176"}],"wp:featuredmedia":[{"embeddable":true,"href":"https:\/\/dekkbi.com\/index.php?rest_route=\/wp\/v2\/media\/58175"}],"wp:attachment":[{"href":"https:\/\/dekkbi.com\/index.php?rest_route=%2Fwp%2Fv2%2Fmedia&parent=58174"}],"wp:term":[{"taxonomy":"category","embeddable":true,"href":"https:\/\/dekkbi.com\/index.php?rest_route=%2Fwp%2Fv2%2Fcategories&post=58174"},{"taxonomy":"post_tag","embeddable":true,"href":"https:\/\/dekkbi.com\/index.php?rest_route=%2Fwp%2Fv2%2Ftags&post=58174"}],"curies":[{"name":"wp","href":"https:\/\/api.w.org\/{rel}","templated":true}]}}