{"id":58164,"date":"2025-06-13T12:19:14","date_gmt":"2025-06-13T12:19:14","guid":{"rendered":"https:\/\/dekkbi.com\/?p=58164"},"modified":"2025-06-13T12:19:14","modified_gmt":"2025-06-13T12:19:14","slug":"judo-mondiaux-2025-a-budapest-le-senegal-sappuie-sur-ses-medailles-africains","status":"publish","type":"post","link":"https:\/\/dekkbi.com\/?p=58164","title":{"rendered":"Judo \u2013 Mondiaux 2025 \u00e0 Budapest : le S\u00e9n\u00e9gal s\u2019appuie sur ses m\u00e9daill\u00e9s africains !"},"content":{"rendered":"\n<p>Apr\u00e8s leurs belles performances aux derniers Championnats d\u2019Afrique, quatre judokas s\u00e9n\u00e9galais s\u2019appr\u00eatent \u00e0 repr\u00e9senter le pays aux Championnats du monde seniors de judo, qui se tiennent \u00e0 Budapest du 13 au 20 juin 2025.<\/p>\n\n\n\n<p>Du 13 au 20 juin 2025, Budapest accueille les Championnats du monde seniors de judo, l\u2019un des rendez-vous les plus prestigieux du calendrier international. Pendant une semaine, les meilleurs judokas de la plan\u00e8te s\u2019affronteront pour d\u00e9crocher les titres mondiaux.<\/p>\n\n\n\n<p>L\u2019Afrique sera repr\u00e9sent\u00e9e par 34 judokas issus de 14 pays, une participation remarquable qui confirme la progression du continent dans la discipline.<\/p>\n\n\n\n<p>Le S\u00e9n\u00e9gal sera repr\u00e9sent\u00e9 par quatre combattants : Mbagnick Ndiaye,&nbsp;Mouhamadou Mboup,&nbsp;Namory Keita et Abdourahmane Diao.<\/p>\n\n\n\n<p>Cette s\u00e9lection intervient apr\u00e8s les Championnats d\u2019Afrique 2025, organis\u00e9s en avril dernier, o\u00f9 les judokas s\u00e9n\u00e9galais ont brill\u00e9. Mbagnick Ndiaye et Mouhamadou Mboup ont chacun d\u00e9croch\u00e9 la m\u00e9daille d\u2019argent, apr\u00e8s avoir atteint la finale dans leur cat\u00e9gorie respective. Namory Keita s\u2019est illustr\u00e9 en remportant la m\u00e9daille de bronze.<\/p>\n\n\n\n<p><strong>Marius Vizer reconduit&nbsp;<\/strong><strong>\u00e0 la t\u00eate de la FIJ<\/strong><\/p>\n\n\n\n<p>Le 11 juin, la F\u00e9d\u00e9ration Internationale de Judo a tenu son Congr\u00e8s Ordinaire \u00e0 Budapest. \u00c0 cette occasion, Marius Vizer a \u00e9t\u00e9 r\u00e9\u00e9lu pr\u00e9sident pour un nouveau mandat (2025-2029). En fonction depuis 2007, il continue de b\u00e9n\u00e9ficier du soutien des instances mondiales. L\u2019Afrique consolide sa place dans les organes d\u00e9cisionnels de la FIJ. Siteny Randrianasoloniaiko, pr\u00e9sident de l\u2019Union Africaine de Judo, conserve son poste de vice-pr\u00e9sident. Trois autres dirigeants africains font leur entr\u00e9e dans le comit\u00e9 ex\u00e9cutif :<\/p>\n\n\n\n<ul class=\"wp-block-list\">\n<li>Mohamed Meridja, Directeur de l\u2019\u00e9ducation et du coaching<\/li>\n\n\n\n<li>Alfred Foloko, Directeur du d\u00e9veloppement<\/li>\n\n\n\n<li>Estony Pridgeon, Directrice de la gouvernance et de la strat\u00e9gie<\/li>\n<\/ul>\n\n\n\n<p>Ces nominations marquent une avanc\u00e9e significative pour le continent africain, aussi bien sur les tatamis que dans les instances de d\u00e9cision.<\/p>\n\n\n\n<p><strong>wiwsport.com<\/strong><\/p>\n","protected":false},"excerpt":{"rendered":"<p>Apr\u00e8s leurs belles performances aux derniers Championnats d\u2019Afrique, quatre judokas s\u00e9n\u00e9galais s\u2019appr\u00eatent \u00e0 repr\u00e9senter le pays aux Championnats du monde<\/p>\n","protected":false},"author":1,"featured_media":52493,"comment_status":"open","ping_status":"open","sticky":false,"template":"","format":"standard","meta":{"footnotes":""},"categories":[9],"tags":[],"class_list":["post-58164","post","type-post","status-publish","format-standard","has-post-thumbnail","hentry","category-sports"],"_links":{"self":[{"href":"https:\/\/dekkbi.com\/index.php?rest_route=\/wp\/v2\/posts\/58164","targetHints":{"allow":["GET"]}}],"collection":[{"href":"https:\/\/dekkbi.com\/index.php?rest_route=\/wp\/v2\/posts"}],"about":[{"href":"https:\/\/dekkbi.com\/index.php?rest_route=\/wp\/v2\/types\/post"}],"author":[{"embeddable":true,"href":"https:\/\/dekkbi.com\/index.php?rest_route=\/wp\/v2\/users\/1"}],"replies":[{"embeddable":true,"href":"https:\/\/dekkbi.com\/index.php?rest_route=%2Fwp%2Fv2%2Fcomments&post=58164"}],"version-history":[{"count":1,"href":"https:\/\/dekkbi.com\/index.php?rest_route=\/wp\/v2\/posts\/58164\/revisions"}],"predecessor-version":[{"id":58165,"href":"https:\/\/dekkbi.com\/index.php?rest_route=\/wp\/v2\/posts\/58164\/revisions\/58165"}],"wp:featuredmedia":[{"embeddable":true,"href":"https:\/\/dekkbi.com\/index.php?rest_route=\/wp\/v2\/media\/52493"}],"wp:attachment":[{"href":"https:\/\/dekkbi.com\/index.php?rest_route=%2Fwp%2Fv2%2Fmedia&parent=58164"}],"wp:term":[{"taxonomy":"category","embeddable":true,"href":"https:\/\/dekkbi.com\/index.php?rest_route=%2Fwp%2Fv2%2Fcategories&post=58164"},{"taxonomy":"post_tag","embeddable":true,"href":"https:\/\/dekkbi.com\/index.php?rest_route=%2Fwp%2Fv2%2Ftags&post=58164"}],"curies":[{"name":"wp","href":"https:\/\/api.w.org\/{rel}","templated":true}]}}